{"id":67336,"date":"2023-06-07T13:42:46","date_gmt":"2023-06-07T16:42:46","guid":{"rendered":"https:\/\/www.lasrosas.com.ar\/portal\/?p=67336"},"modified":"2023-06-07T13:42:49","modified_gmt":"2023-06-07T16:42:49","slug":"bolsas-y-ojeras-3-trucos-para-mejorar-su-aspecto","status":"publish","type":"post","link":"https:\/\/www.lasrosas.com.ar\/portal\/bolsas-y-ojeras-3-trucos-para-mejorar-su-aspecto\/","title":{"rendered":"BOLSAS Y OJERAS: 3 TRUCOS PARA MEJORAR SU ASPECTO"},"content":{"rendered":"\n<p> Qu\u00e9 pod\u00e9s hacer para mejorar su apariencia y refrescar tu mirada, poniendo en pr\u00e1ctica algunos trucos. <\/p>\n\n\n\n<p>Bolsas y ojeras. Inflamadas, oscuras&#8230; y molestas. Nos cambian realmente la mirada y muchas veces no sabemos c\u00f3mo desinflamarlas y hacer que se noten menos.<\/p>\n\n\n\n<p>Para saber qu\u00e9 hacer con ellas, primero tenemos que entender que se encuentran en la zona m\u00e1s delicada del rostro, ya que la piel all\u00ed es 10 veces m\u00e1s fina. Por eso,&nbsp;<strong>requiere un cuidado especial.<\/strong><\/p>\n\n\n\n<h4 class=\"wp-block-heading\"><strong>Qu\u00e9 son las bolsas y por qu\u00e9 aparecen<\/strong><\/h4>\n\n\n\n<p>Las bolsas en los ojos est\u00e1n causadas en gran medida por&nbsp;<strong>la retenci\u00f3n de l\u00edquidos, el exceso de grasa<\/strong>&nbsp;en la zona ocular&nbsp;<strong>o por el deterioro del tejido<\/strong>&nbsp;del contorno de ojos. Existen dos tipos:<\/p>\n\n\n\n<p><strong>Por acumulaci\u00f3n de l\u00edquidos<\/strong>: son las que aparecen, sobre todo, por las ma\u00f1anas y mejoran a lo largo del d\u00eda, por lo que tambi\u00e9n se las conoce como<strong>&nbsp;bolsas pasajeras.<\/strong><\/p>\n\n\n\n<p><strong>Por acumulaci\u00f3n de grasas:<\/strong>&nbsp;las m\u00e1s dif\u00edciles de eliminar sin recurrir a la cirug\u00eda, por muchos trucos que usemos. Se las conoce como&nbsp;<strong>bolsas permanentes<\/strong>.<\/p>\n\n\n\n<figure class=\"wp-block-image size-large\"><img decoding=\"async\" width=\"460\" height=\"342\" data-src=\"https:\/\/www.lasrosas.com.ar\/portal\/wp-content\/uploads\/causas-que-producen-las-ojeras.png\" alt=\"\" class=\"wp-image-67337 lazyload\" src=\"data:image\/svg+xml;base64,PHN2ZyB3aWR0aD0iMSIgaGVpZ2h0PSIxIiB4bWxucz0iaHR0cDovL3d3dy53My5vcmcvMjAwMC9zdmciPjwvc3ZnPg==\" style=\"--smush-placeholder-width: 460px; --smush-placeholder-aspect-ratio: 460\/342;\" \/><\/figure>\n\n\n\n<h4 class=\"wp-block-heading\">Qu\u00e9 son las ojeras y por qu\u00e9 aparecen<\/h4>\n\n\n\n<p>Son una\u00a0<strong>alteraci\u00f3n del color de la piel de los p\u00e1rpados<\/strong>\u00a0debido a una excesiva producci\u00f3n de melanina o a la dilataci\u00f3n de los capilares pr\u00f3ximos a la superficie de la piel. Su\u00a0<strong>causa<\/strong>\u00a0m\u00e1s com\u00fan es la\u00a0<strong>gen\u00e9tica,\u00a0<\/strong>sobre todo las ojeras\u00a0<strong>mediterr\u00e1nea<\/strong>s, que son m\u00e1s oscuras, muy raramente son producto de los pigmentos llamado melanocitos y se generan por aumento de la capilaridad.<\/p>\n\n\n\n<p>\u00abEs importante saber que\u00a0<strong>la piel que rodea los ojos es cuatro veces m\u00e1s fina y delicad<\/strong>a que la del resto del cuerpo y, como consecuencia, es\u00a0<strong>m\u00e1s f\u00e1cil que se manifiesten arrugas, deshidrataci\u00f3n, flacidez y edemas<\/strong>\u00ab<\/p>\n\n\n\n<p>Su aparici\u00f3n est\u00e1 relacionada al envejecimiento, aunque tambi\u00e9n puede estar ligada a una causa cong\u00e9nita familiar.<\/p>\n\n\n\n<p>No obstante, el\u00a0<strong>cansancio y sus aliados<\/strong>\u00a0(estr\u00e9s y ansiedad), generan la mayor\u00eda de los casos. Adem\u00e1s de una alimentaci\u00f3n desequilibrada, problemas de circulaci\u00f3n, retenci\u00f3n de l\u00edquidos y problemas hormonales.<\/p>\n\n\n\n<h4 class=\"wp-block-heading\">C\u00f3mo tratar bolsas y ojeras<\/h4>\n\n\n\n<p>Aqu\u00ed tenemos un amplio rango, ya que se pueden hacer cosas tanto&nbsp;<strong>desde lo cosm\u00e9tico, hasta lo quir\u00fargico,<\/strong>&nbsp;en los casos m\u00e1s severos.<\/p>\n\n\n\n<p>El sentido com\u00fan nos dice que una&nbsp;<strong>dieta equilibrada<\/strong>&nbsp;(evitando alimentos que retengan l\u00edquidos),&nbsp;<strong>dormir entre 7 y 9 horas<\/strong>&nbsp;(en una buena posici\u00f3n),&nbsp;<strong>reducir la ingesta de alcohol y tabaco<\/strong>&nbsp;tendr\u00e1n sus beneficios: no s\u00f3lo mejorando el aspecto de las bolsas y ojeras, sino impactando positivamente en nuestra salud en general.<\/p>\n<!-- AddThis Advanced Settings generic via filter on the_content --><!-- AddThis Share Buttons generic via filter on the_content -->","protected":false},"excerpt":{"rendered":"<p>Qu\u00e9 pod\u00e9s hacer para mejorar su apariencia y refrescar tu mirada, poniendo en pr\u00e1ctica algunos trucos. Bolsas y ojeras. Inflamadas, oscuras&#8230; y molestas. Nos cambian realmente la mirada y muchas veces no sabemos c\u00f3mo desinflamarlas y hacer que se noten menos. Para saber qu\u00e9 hacer con ellas, primero tenemos que entender que se encuentran en [&hellip;]<!-- AddThis Advanced Settings generic via filter on get_the_excerpt --><!-- AddThis Share Buttons generic via filter on get_the_excerpt --><\/p>\n","protected":false},"author":6,"featured_media":67338,"comment_status":"closed","ping_status":"open","sticky":false,"template":"","format":"standard","meta":{"_acf_changed":false,"om_disable_all_campaigns":false,"_monsterinsights_skip_tracking":false,"_monsterinsights_sitenote_active":false,"_monsterinsights_sitenote_note":"","_monsterinsights_sitenote_category":0,"_uf_show_specific_survey":0,"_uf_disable_surveys":false,"footnotes":""},"categories":[376,100],"tags":[],"class_list":["post-67336","post","type-post","status-publish","format-standard","has-post-thumbnail","hentry","category-lifestyle","category-noticias"],"acf":[],"aioseo_notices":[],"_links":{"self":[{"href":"https:\/\/www.lasrosas.com.ar\/portal\/wp-json\/wp\/v2\/posts\/67336","targetHints":{"allow":["GET"]}}],"collection":[{"href":"https:\/\/www.lasrosas.com.ar\/portal\/wp-json\/wp\/v2\/posts"}],"about":[{"href":"https:\/\/www.lasrosas.com.ar\/portal\/wp-json\/wp\/v2\/types\/post"}],"author":[{"embeddable":true,"href":"https:\/\/www.lasrosas.com.ar\/portal\/wp-json\/wp\/v2\/users\/6"}],"replies":[{"embeddable":true,"href":"https:\/\/www.lasrosas.com.ar\/portal\/wp-json\/wp\/v2\/comments?post=67336"}],"version-history":[{"count":0,"href":"https:\/\/www.lasrosas.com.ar\/portal\/wp-json\/wp\/v2\/posts\/67336\/revisions"}],"wp:featuredmedia":[{"embeddable":true,"href":"https:\/\/www.lasrosas.com.ar\/portal\/wp-json\/wp\/v2\/media\/67338"}],"wp:attachment":[{"href":"https:\/\/www.lasrosas.com.ar\/portal\/wp-json\/wp\/v2\/media?parent=67336"}],"wp:term":[{"taxonomy":"category","embeddable":true,"href":"https:\/\/www.lasrosas.com.ar\/portal\/wp-json\/wp\/v2\/categories?post=67336"},{"taxonomy":"post_tag","embeddable":true,"href":"https:\/\/www.lasrosas.com.ar\/portal\/wp-json\/wp\/v2\/tags?post=67336"}],"curies":[{"name":"wp","href":"https:\/\/api.w.org\/{rel}","templated":true}]}}