{"id":67021,"date":"2023-05-31T11:44:02","date_gmt":"2023-05-31T14:44:02","guid":{"rendered":"https:\/\/www.lasrosas.com.ar\/portal\/?p=67021"},"modified":"2023-05-31T11:44:05","modified_gmt":"2023-05-31T14:44:05","slug":"tabaquismo-89-de-eficacia-en-tratamientos-para-dejar-de-fumar","status":"publish","type":"post","link":"https:\/\/www.lasrosas.com.ar\/portal\/tabaquismo-89-de-eficacia-en-tratamientos-para-dejar-de-fumar\/","title":{"rendered":"TABAQUISMO: 89% DE EFICACIA EN TRATAMIENTOS PARA DEJAR DE FUMAR"},"content":{"rendered":"\n<p><strong><em>9 de cada 10 personas abandona el h\u00e1bito\nnocivo o lo reduce considerablemente en\nun per\u00edodo de 7 d\u00edas, seg\u00fan datos de los pacientes de uno de los centros de turismo\nde salud m\u00e1s importantes del pa\u00eds.<\/em><\/strong><\/p>\n\n\n\n<p>El pr\u00f3ximo 31 de mayo se conmemora el D\u00eda Mundial sin tabaco, una jornada en la que se refuerza la informaci\u00f3n sobre los peligros que supone el consumo de tabaco, principal causa de muerte prevenible en todo el mundo.<\/p>\n\n\n\n<p>En la actualidad, de acuerdo a datos de la Organizaci\u00f3n\nMundial de la Salud, hay <strong>1300 millones\nde consumidores <\/strong>de tabaco\nen el mundo, frente a los 1320 millones que hab\u00eda en 2015. Se espera que esta cifra descienda a <strong>1270 millones en 2025.<\/strong><\/p>\n\n\n\n<p>La informaci\u00f3n sobre los efectos perjudiciales de fumar ha permitido tomar conciencia sobre la necesidad de abandonar este h\u00e1bito pero, \u00bfc\u00f3mo lograrlo?<\/p>\n\n\n\n<figure class=\"wp-block-gallery columns-2 is-cropped wp-block-gallery-1 is-layout-flex wp-block-gallery-is-layout-flex\"><ul class=\"blocks-gallery-grid\"><li class=\"blocks-gallery-item\"><figure><img decoding=\"async\" width=\"1230\" height=\"820\" data-src=\"https:\/\/www.lasrosas.com.ar\/portal\/wp-content\/uploads\/aquagym-2.jpg\" alt=\"\" data-id=\"67057\" data-full-url=\"https:\/\/www.lasrosas.com.ar\/portal\/wp-content\/uploads\/aquagym-2.jpg\" data-link=\"https:\/\/www.lasrosas.com.ar\/portal\/?attachment_id=67057\" class=\"wp-image-67057 lazyload\" data-srcset=\"https:\/\/www.lasrosas.com.ar\/portal\/wp-content\/uploads\/aquagym-2.jpg 1230w, https:\/\/www.lasrosas.com.ar\/portal\/wp-content\/uploads\/aquagym-2-960x640.jpg 960w\" data-sizes=\"(max-width: 1230px) 100vw, 1230px\" src=\"data:image\/svg+xml;base64,PHN2ZyB3aWR0aD0iMSIgaGVpZ2h0PSIxIiB4bWxucz0iaHR0cDovL3d3dy53My5vcmcvMjAwMC9zdmciPjwvc3ZnPg==\" style=\"--smush-placeholder-width: 1230px; --smush-placeholder-aspect-ratio: 1230\/820;\" \/><\/figure><\/li><li class=\"blocks-gallery-item\"><figure><img decoding=\"async\" width=\"1339\" height=\"893\" data-src=\"https:\/\/www.lasrosas.com.ar\/portal\/wp-content\/uploads\/deja-de-fumar.jpg\" alt=\"\" data-id=\"67058\" data-full-url=\"https:\/\/www.lasrosas.com.ar\/portal\/wp-content\/uploads\/deja-de-fumar.jpg\" data-link=\"https:\/\/www.lasrosas.com.ar\/portal\/?attachment_id=67058\" class=\"wp-image-67058 lazyload\" data-srcset=\"https:\/\/www.lasrosas.com.ar\/portal\/wp-content\/uploads\/deja-de-fumar.jpg 1339w, https:\/\/www.lasrosas.com.ar\/portal\/wp-content\/uploads\/deja-de-fumar-960x640.jpg 960w\" data-sizes=\"(max-width: 1339px) 100vw, 1339px\" src=\"data:image\/svg+xml;base64,PHN2ZyB3aWR0aD0iMSIgaGVpZ2h0PSIxIiB4bWxucz0iaHR0cDovL3d3dy53My5vcmcvMjAwMC9zdmciPjwvc3ZnPg==\" style=\"--smush-placeholder-width: 1339px; --smush-placeholder-aspect-ratio: 1339\/893;\" \/><\/figure><\/li><\/ul><\/figure>\n\n\n\n<p><strong>Dejar la adicci\u00f3n en primera persona.<\/strong><\/p>\n\n\n\n<p>En el informe <em>Global\nInvestment Case for Tobacco Cessation<\/em>, la OMS\nmanifiesta que para lograr la reducci\u00f3n del consumo son fundamentales los\nservicios que promueven y asisten el abandono\nde este h\u00e1bito.<\/p>\n\n\n\n<p>La soluci\u00f3n parece encontrarse en instituciones que abordan la problem\u00e1tica de manera <strong>integral, <\/strong>contemplando aspectos neumonol\u00f3gicos tanto como cl\u00ednicos y terap\u00e9uticos.<\/p>\n\n\n\n<p>As\u00ed lo reconoce Miguel \u00c1ngel Romiti, de 56 a\u00f1os de edad, quien pudo dejar totalmente sus 60 cigarrillos diarios. Hace 17 a\u00f1os, tom\u00f3 la firme decisi\u00f3n de dejar atr\u00e1s esta fuerte adicci\u00f3n y busc\u00f3 especialistas en la Ciudad Aut\u00f3noma de Buenos Aires para que lo acompa\u00f1aran. Su m\u00e9dico le propuso un tratamiento breve con l\u00e1ser, y luego le recomend\u00f3 profundizar su proceso en uno de los centros de turismo de salud m\u00e1s importantes del pa\u00eds, la Posada del Qenti, en las sierras de C\u00f3rdoba.<\/p>\n\n\n\n<p>All\u00ed encontr\u00f3 un abordaje integral que impact\u00f3\npositivamente en su estado de salud tanto f\u00edsico\ncomo psicol\u00f3gico. Sigui\u00f3 con gran compromiso y decisi\u00f3n la rutina durante los\n10 d\u00edas de su tratamiento en la cl\u00ednica,\npor lo que est\u00e1 no s\u00f3lo orgulloso sino sorprendido.<\/p>\n\n\n\n<p>Hasta hoy, 17 a\u00f1os despu\u00e9s -y con algunas\nadecuaciones- utiliza aquella\nrutina como hoja de ruta diaria.<\/p>\n\n\n\n<p>\u201cMi relaci\u00f3n con Qenti surgi\u00f3 hace casi dos d\u00e9cadas cuando fumaba 60 cigarrillos por d\u00eda. Estuve 10 d\u00edas haciendo el tratamiento para dejar mi adicci\u00f3n. Desde ese d\u00eda nunca m\u00e1s volv\u00ed a fumar lo cual me genera gran orgullo porque mi adicci\u00f3n era muy fuerte\u201d recuerda y contin\u00faa: \u201cla rutina diaria de actividades fue clave en el tratamiento e hizo que durante esos 10 d\u00edas me olvidara del cigarrillo. Cuando sal\u00ed de ah\u00ed, no s\u00f3lo fortalecido f\u00edsicamente sino psicol\u00f3gicamente, fue un d\u00eda a d\u00eda de proponerme no volver a fumar. La calidad humana fue clave y excepcional\u201d.<\/p>\n\n\n\n<figure class=\"wp-block-gallery columns-2 is-cropped wp-block-gallery-2 is-layout-flex wp-block-gallery-is-layout-flex\"><ul class=\"blocks-gallery-grid\"><li class=\"blocks-gallery-item\"><figure><img decoding=\"async\" width=\"1230\" height=\"820\" data-src=\"https:\/\/www.lasrosas.com.ar\/portal\/wp-content\/uploads\/1607_Produccion-fotografica-para-La-Posada-del-Qenti_2022.jpg\" alt=\"\" data-id=\"67059\" data-full-url=\"https:\/\/www.lasrosas.com.ar\/portal\/wp-content\/uploads\/1607_Produccion-fotografica-para-La-Posada-del-Qenti_2022.jpg\" data-link=\"https:\/\/www.lasrosas.com.ar\/portal\/?attachment_id=67059\" class=\"wp-image-67059 lazyload\" data-srcset=\"https:\/\/www.lasrosas.com.ar\/portal\/wp-content\/uploads\/1607_Produccion-fotografica-para-La-Posada-del-Qenti_2022.jpg 1230w, https:\/\/www.lasrosas.com.ar\/portal\/wp-content\/uploads\/1607_Produccion-fotografica-para-La-Posada-del-Qenti_2022-960x640.jpg 960w\" data-sizes=\"(max-width: 1230px) 100vw, 1230px\" src=\"data:image\/svg+xml;base64,PHN2ZyB3aWR0aD0iMSIgaGVpZ2h0PSIxIiB4bWxucz0iaHR0cDovL3d3dy53My5vcmcvMjAwMC9zdmciPjwvc3ZnPg==\" style=\"--smush-placeholder-width: 1230px; --smush-placeholder-aspect-ratio: 1230\/820;\" \/><\/figure><\/li><li class=\"blocks-gallery-item\"><figure><img decoding=\"async\" width=\"1230\" height=\"820\" data-src=\"https:\/\/www.lasrosas.com.ar\/portal\/wp-content\/uploads\/7705_Produccion-fotografica-para-La-Posada-del-Qenti_2022.jpg\" alt=\"\" data-id=\"67061\" data-full-url=\"https:\/\/www.lasrosas.com.ar\/portal\/wp-content\/uploads\/7705_Produccion-fotografica-para-La-Posada-del-Qenti_2022.jpg\" data-link=\"https:\/\/www.lasrosas.com.ar\/portal\/?attachment_id=67061\" class=\"wp-image-67061 lazyload\" data-srcset=\"https:\/\/www.lasrosas.com.ar\/portal\/wp-content\/uploads\/7705_Produccion-fotografica-para-La-Posada-del-Qenti_2022.jpg 1230w, https:\/\/www.lasrosas.com.ar\/portal\/wp-content\/uploads\/7705_Produccion-fotografica-para-La-Posada-del-Qenti_2022-960x640.jpg 960w\" data-sizes=\"(max-width: 1230px) 100vw, 1230px\" src=\"data:image\/svg+xml;base64,PHN2ZyB3aWR0aD0iMSIgaGVpZ2h0PSIxIiB4bWxucz0iaHR0cDovL3d3dy53My5vcmcvMjAwMC9zdmciPjwvc3ZnPg==\" style=\"--smush-placeholder-width: 1230px; --smush-placeholder-aspect-ratio: 1230\/820;\" \/><\/figure><\/li><\/ul><\/figure>\n\n\n\n<p><strong>El acompa\u00f1amiento profesional integral, elemento clave para lograrlo.<\/strong><\/p>\n\n\n\n<p>Dejar de fumar implica un cambio de\nh\u00e1bitos que muchas veces parece lejano o hasta\nimposible. No obstante, existen tratamientos que permiten alcanzar\nresultados inmediatos y duraderos. De acuerdo a la experiencia del Dr. Christian\nLeiva, Director m\u00e9dico de la Posada\ndel Qenti, \u201c<em>es\ncrucial realizar un planteamiento integral que implica, en primer lugar, una valoraci\u00f3n profunda\nde aspectos neumol\u00f3gicos, nutricionales, fisioterap\u00e9uticos, posturales, est\u00e9ticos y de laboratorio\u201d,\nexplica y contin\u00faa: \u201ccon esa informaci\u00f3n se dise\u00f1a un plan a la medida de cada persona.\nNuestro fuerte es trabajar de manera interdisciplinaria <\/em>\u201d.<\/p>\n\n\n\n<p>El programa que se establezca para dejar de fumar puede\nincluir masajes, ejercicio f\u00edsico, alimentaci\u00f3n natural\ndesintoxicante, actividades de meditaci\u00f3n grupales\n-como yoga y paseos al aire libre- talleres sobre revitalizaci\u00f3n, alimentaci\u00f3n saludable, estr\u00e9s, metabolismo y actividad f\u00edsica.<\/p>\n\n\n\n<p>En relaci\u00f3n al proceso, Leiva cuenta que \u201cantes de la\nllegada del paciente nos contactamos con\n\u00e9l para asegurarnos que est\u00e1 decidido a hacer el Programa Antitabaco. Una vez\nque llega el paciente , comienza un trabajo coordinado e interdisciplinario\ncentrado en la adicci\u00f3n f\u00edsica\ny la adicci\u00f3n psicol\u00f3gica. Este es un eje muy importante del programa\u201d<\/p>\n\n\n\n<p>Una vez en el centro\nse realizan 3 consultas: la m\u00e9dica para determinar cualquier patolog\u00eda, la psicol\u00f3gica y la neumol\u00f3gica, donde se mide la capacidad\npulmonar.<\/p>\n\n\n\n<p>Luego es el turno del test de adicci\u00f3n con el cual se mide el estad\u00edo\nde \u00e9sta. En referencia al uso de medicaci\u00f3n en este tipo de\ntratamientos, Leiva explica que \u201cpor lo general no se medica al paciente, sino que se realiza tratamiento terap\u00e9utico\nintegral\u201d Sin embargo aclara que \u201cno se descarta\nsu uso en caso de ser realmente\nnecesario\u201d.<\/p>\n\n\n\n<p>Tras las valoraciones nutricionales y\nfisioterap\u00e9uticas se activa el soporte de masoterapia para ayudar a expandir la capacidad pulmonar, reducir\ncontracturas y mejorar condici\u00f3n postural.<\/p>\n\n\n\n<p>A posteriori, un seguimiento dual del\npaciente durante el proceso de dejar de fumar y en la etapa siguiente en la cual pueden surgir situaciones de\nestr\u00e9s,ansiedad, alteraci\u00f3n del sue\u00f1o, etc.<\/p>\n\n\n\n<p>Antes del alta se le realizan todos los\nestudios nuevamente y se entrega al paciente una carpeta con todas las valoraciones y una gu\u00eda con terapias\ncognitivas conductuales para cuando surjan\nganas de volver\na fumar. En la gu\u00eda hay 8 t\u00e9cnicas para elegir la que mejor se adapte a cada paciente.<\/p>\n\n\n\n<p>La eficacia del tratamiento en el centro que dirige el Dr. Leiva es contundente: el 89% de sus hu\u00e9spedes dejan o disminuyen el h\u00e1bito de fumar en 7 d\u00edas; el 99% reduce los niveles de glucemia en sangre y mejora su estado general de salud. Estos resultados han otorgado a la Posada del Qenti, no solo reconocimiento internacional sino la recomendaci\u00f3n del Ministerio de Salud de la Naci\u00f3n.<\/p>\n\n\n\n<figure class=\"wp-block-image size-large\"><img decoding=\"async\" width=\"1230\" height=\"820\" data-src=\"https:\/\/www.lasrosas.com.ar\/portal\/wp-content\/uploads\/116_Produccion-fotografica-para-La-Posada-del-Qenti_Arcal-Estudios_2022.jpg\" alt=\"\" class=\"wp-image-67060 lazyload\" data-srcset=\"https:\/\/www.lasrosas.com.ar\/portal\/wp-content\/uploads\/116_Produccion-fotografica-para-La-Posada-del-Qenti_Arcal-Estudios_2022.jpg 1230w, https:\/\/www.lasrosas.com.ar\/portal\/wp-content\/uploads\/116_Produccion-fotografica-para-La-Posada-del-Qenti_Arcal-Estudios_2022-960x640.jpg 960w\" data-sizes=\"(max-width: 1230px) 100vw, 1230px\" src=\"data:image\/svg+xml;base64,PHN2ZyB3aWR0aD0iMSIgaGVpZ2h0PSIxIiB4bWxucz0iaHR0cDovL3d3dy53My5vcmcvMjAwMC9zdmciPjwvc3ZnPg==\" style=\"--smush-placeholder-width: 1230px; --smush-placeholder-aspect-ratio: 1230\/820;\" \/><\/figure>\n\n\n\n<p>Los\ndatos actuales alrededor del consumo de tabaco ponen de manifiesto la necesidad\nde romper con la idea de que dejar de\nfumar es muy dif\u00edcil o imposible. Con un acompa\u00f1amiento integral\ny espec\u00edfico es factible dejar atr\u00e1s este perjudicial h\u00e1bito,\ny obtener los beneficios de una vida saludable: reducci\u00f3n de riesgo de cientos de enfermedades y aumento de hasta diez a\u00f1os de expectativa de vida. Al mismo tiempo, las mejoras\nse experimentan en el olfato,\nla piel, la salud dental y la sexual.<\/p>\n\n\n\n<p>Lograr el cese del tabaquismo y su sostenimiento en el tiempo ya no parece ser una meta inalcanzable.<\/p>\n<!-- AddThis Advanced Settings generic via filter on the_content --><!-- AddThis Share Buttons generic via filter on the_content -->","protected":false},"excerpt":{"rendered":"<p>9 de cada 10 personas abandona el h\u00e1bito nocivo o lo reduce considerablemente en un per\u00edodo de 7 d\u00edas, seg\u00fan datos de los pacientes de uno de los centros de turismo de salud m\u00e1s importantes del pa\u00eds. El pr\u00f3ximo 31 de mayo se conmemora el D\u00eda Mundial sin tabaco, una jornada en la que se [&hellip;]<!-- AddThis Advanced Settings generic via filter on get_the_excerpt --><!-- AddThis Share Buttons generic via filter on get_the_excerpt --><\/p>\n","protected":false},"author":6,"featured_media":67062,"comment_status":"closed","ping_status":"open","sticky":false,"template":"","format":"standard","meta":{"_acf_changed":false,"om_disable_all_campaigns":false,"_monsterinsights_skip_tracking":false,"_monsterinsights_sitenote_active":false,"_monsterinsights_sitenote_note":"","_monsterinsights_sitenote_category":0,"_uf_show_specific_survey":0,"_uf_disable_surveys":false,"footnotes":""},"categories":[376,1],"tags":[],"class_list":["post-67021","post","type-post","status-publish","format-standard","has-post-thumbnail","hentry","category-lifestyle","category-sin-categoria"],"acf":[],"aioseo_notices":[],"_links":{"self":[{"href":"https:\/\/www.lasrosas.com.ar\/portal\/wp-json\/wp\/v2\/posts\/67021","targetHints":{"allow":["GET"]}}],"collection":[{"href":"https:\/\/www.lasrosas.com.ar\/portal\/wp-json\/wp\/v2\/posts"}],"about":[{"href":"https:\/\/www.lasrosas.com.ar\/portal\/wp-json\/wp\/v2\/types\/post"}],"author":[{"embeddable":true,"href":"https:\/\/www.lasrosas.com.ar\/portal\/wp-json\/wp\/v2\/users\/6"}],"replies":[{"embeddable":true,"href":"https:\/\/www.lasrosas.com.ar\/portal\/wp-json\/wp\/v2\/comments?post=67021"}],"version-history":[{"count":0,"href":"https:\/\/www.lasrosas.com.ar\/portal\/wp-json\/wp\/v2\/posts\/67021\/revisions"}],"wp:featuredmedia":[{"embeddable":true,"href":"https:\/\/www.lasrosas.com.ar\/portal\/wp-json\/wp\/v2\/media\/67062"}],"wp:attachment":[{"href":"https:\/\/www.lasrosas.com.ar\/portal\/wp-json\/wp\/v2\/media?parent=67021"}],"wp:term":[{"taxonomy":"category","embeddable":true,"href":"https:\/\/www.lasrosas.com.ar\/portal\/wp-json\/wp\/v2\/categories?post=67021"},{"taxonomy":"post_tag","embeddable":true,"href":"https:\/\/www.lasrosas.com.ar\/portal\/wp-json\/wp\/v2\/tags?post=67021"}],"curies":[{"name":"wp","href":"https:\/\/api.w.org\/{rel}","templated":true}]}}