{"id":67006,"date":"2023-05-30T11:21:59","date_gmt":"2023-05-30T14:21:59","guid":{"rendered":"https:\/\/www.lasrosas.com.ar\/portal\/?p=67006"},"modified":"2023-06-22T10:51:17","modified_gmt":"2023-06-22T13:51:17","slug":"verano-europeo-con-mas-vuelos","status":"publish","type":"post","link":"https:\/\/www.lasrosas.com.ar\/portal\/verano-europeo-con-mas-vuelos\/","title":{"rendered":"VERANO EUROPEO CON MAS VUELOS"},"content":{"rendered":"\n<p>Este a\u00f1o Air Europa tiene varias novedades para el Verano Europeo.&nbsp;<\/p>\n\n\n\n<p>Aumenta un 24% m\u00e1s la disponibilidad de plazas respecto a 2022- Estrenar\u00e1 una nueva ruta a Santorini en verano- Reactivar\u00e1 destinos como Alguero, Atenas y T\u00fanez, y elevar\u00e1 sus frecuencias en destinos clave, tanto dentro como fuera de Espa\u00f1a.<\/p>\n\n\n\n<p>Este a\u00f1o el n\u00famero de plazas disponibles&nbsp;supera en casi un mill\u00f3n a las plazas disponibles en el mismo periodo de 2022, y constituye una muestra m\u00e1s de la normalizaci\u00f3n de la actividad y de la estrategia de crecimiento de Air Europa.<\/p>\n\n\n\n<p>Si bien todos los destinos cuentan con m\u00e1s posibilidades para los clientes, las rutas a Europa y los vuelos de largo radio vuelven a ser los que concentran el mayor n\u00famero de asientos disponibles, con m\u00e1s de 2,4 millones y 2 millones de unidades, respectivamente. <\/p>\n\n\n\n<p>Cabe destacar tambi\u00e9n el importante incremento de la oferta en el \u00e1mbito dom\u00e9stico, donde se han habilitado m\u00e1s de 1,6 millones de plazas, lo que representa un crecimiento superior al 24% frente a 2022.<\/p>\n\n\n\n<p>En largo radio, los vuelos a Asunci\u00f3n (Paraguay) y C\u00f3rdoba (Argentina) pasan a ser diarios, mientras que la conexi\u00f3n con Medell\u00edn alcanzar\u00e1 los cinco vuelos semanales.&nbsp;<\/p>\n\n\n\n<p>La clave en este aumento de la capacidad es la flota de Air Europa, unificada en torno a modelos Boeing. Tanto el 787 como el 737-800 proporcionan un mayor n\u00famero de asientos y suponen una clara mejora en t\u00e9rminos de eficiencia y comodidad. <\/p>\n\n\n\n<p>El Dreamliner es, de hecho, la se\u00f1a de identidad de la aerol\u00ednea y representa la aeronave m\u00e1s moderna de su categor\u00eda, capaz de reducir en un 20% el consumo de carburante y las emisiones, as\u00ed como de disminuir hasta en un 60% el impacto ac\u00fastico.<\/p>\n<!-- AddThis Advanced Settings generic via filter on the_content --><!-- AddThis Share Buttons generic via filter on the_content -->","protected":false},"excerpt":{"rendered":"<p>Este a\u00f1o Air Europa tiene varias novedades para el Verano Europeo.&nbsp; Aumenta un 24% m\u00e1s la disponibilidad de plazas respecto a 2022- Estrenar\u00e1 una nueva ruta a Santorini en verano- Reactivar\u00e1 destinos como Alguero, Atenas y T\u00fanez, y elevar\u00e1 sus frecuencias en destinos clave, tanto dentro como fuera de Espa\u00f1a. Este a\u00f1o el n\u00famero de [&hellip;]<!-- AddThis Advanced Settings generic via filter on get_the_excerpt --><!-- AddThis Share Buttons generic via filter on get_the_excerpt --><\/p>\n","protected":false},"author":6,"featured_media":67007,"comment_status":"closed","ping_status":"open","sticky":false,"template":"","format":"standard","meta":{"_acf_changed":false,"om_disable_all_campaigns":false,"_monsterinsights_skip_tracking":false,"_monsterinsights_sitenote_active":false,"_monsterinsights_sitenote_note":"","_monsterinsights_sitenote_category":0,"_uf_show_specific_survey":0,"_uf_disable_surveys":false,"footnotes":""},"categories":[100,33],"tags":[],"class_list":["post-67006","post","type-post","status-publish","format-standard","has-post-thumbnail","hentry","category-noticias","category-las-rosas-trip"],"acf":[],"aioseo_notices":[],"_links":{"self":[{"href":"https:\/\/www.lasrosas.com.ar\/portal\/wp-json\/wp\/v2\/posts\/67006","targetHints":{"allow":["GET"]}}],"collection":[{"href":"https:\/\/www.lasrosas.com.ar\/portal\/wp-json\/wp\/v2\/posts"}],"about":[{"href":"https:\/\/www.lasrosas.com.ar\/portal\/wp-json\/wp\/v2\/types\/post"}],"author":[{"embeddable":true,"href":"https:\/\/www.lasrosas.com.ar\/portal\/wp-json\/wp\/v2\/users\/6"}],"replies":[{"embeddable":true,"href":"https:\/\/www.lasrosas.com.ar\/portal\/wp-json\/wp\/v2\/comments?post=67006"}],"version-history":[{"count":0,"href":"https:\/\/www.lasrosas.com.ar\/portal\/wp-json\/wp\/v2\/posts\/67006\/revisions"}],"wp:featuredmedia":[{"embeddable":true,"href":"https:\/\/www.lasrosas.com.ar\/portal\/wp-json\/wp\/v2\/media\/67007"}],"wp:attachment":[{"href":"https:\/\/www.lasrosas.com.ar\/portal\/wp-json\/wp\/v2\/media?parent=67006"}],"wp:term":[{"taxonomy":"category","embeddable":true,"href":"https:\/\/www.lasrosas.com.ar\/portal\/wp-json\/wp\/v2\/categories?post=67006"},{"taxonomy":"post_tag","embeddable":true,"href":"https:\/\/www.lasrosas.com.ar\/portal\/wp-json\/wp\/v2\/tags?post=67006"}],"curies":[{"name":"wp","href":"https:\/\/api.w.org\/{rel}","templated":true}]}}