{"id":67001,"date":"2023-05-30T08:52:20","date_gmt":"2023-05-30T11:52:20","guid":{"rendered":"https:\/\/www.lasrosas.com.ar\/portal\/?p=67001"},"modified":"2023-06-22T11:13:01","modified_gmt":"2023-06-22T14:13:01","slug":"vitnik-y-una-propuesta-unisex-que-rompe-moldes","status":"publish","type":"post","link":"https:\/\/www.lasrosas.com.ar\/portal\/vitnik-y-una-propuesta-unisex-que-rompe-moldes\/","title":{"rendered":"VITNIK Y UNA PROPUESTA UNISEX QUE ROMPE MOLDES"},"content":{"rendered":"\n<p>Con la frescura y complicidad que transmiten Michelle Masson y German Gomez, Vitnik apuesta a mostrar su primera c\u00e1psula de l\u00ednea unisex.&nbsp;<\/p>\n\n\n\n<p>La tendencia unisex tiene cada vez m\u00e1s aceptaci\u00f3n, la separaci\u00f3n binaria que tradicionalmente conocemos por femenino o masculino, hoy se diluye y da paso a nuevos dise\u00f1os con estilo 100% funcional.&nbsp;<\/p>\n\n\n\n<p>\u201cCreamos esta c\u00e1psula sobre la idea de prendas para compartir y buscamos transmitir esa esencia en la campa\u00f1a\u201d, nos comenta Ramin Tovfigh (Director Creativo de Vitnik).&nbsp;<\/p>\n\n\n\n<p>Esta colecci\u00f3n es la expresi\u00f3n natural de una tendencia ya instalada, que acompa\u00f1a la transformaci\u00f3n de valores que hoy representa a las personas y a sus diferentes estilos de vida. En los dise\u00f1os y prendas se visualizan los conceptos de libertad y comodidad, como parte de la cultura que nos llama a disolver los l\u00edmites.&nbsp;<\/p>\n\n\n\n<figure class=\"wp-block-image size-large\"><img decoding=\"async\" width=\"1080\" height=\"1920\" data-src=\"https:\/\/www.lasrosas.com.ar\/portal\/wp-content\/uploads\/Concept5.png\" alt=\"\" class=\"wp-image-67002 lazyload\" data-srcset=\"https:\/\/www.lasrosas.com.ar\/portal\/wp-content\/uploads\/Concept5.png 1080w, https:\/\/www.lasrosas.com.ar\/portal\/wp-content\/uploads\/Concept5-540x960.png 540w, https:\/\/www.lasrosas.com.ar\/portal\/wp-content\/uploads\/Concept5-864x1536.png 864w\" data-sizes=\"(max-width: 1080px) 100vw, 1080px\" src=\"data:image\/svg+xml;base64,PHN2ZyB3aWR0aD0iMSIgaGVpZ2h0PSIxIiB4bWxucz0iaHR0cDovL3d3dy53My5vcmcvMjAwMC9zdmciPjwvc3ZnPg==\" style=\"--smush-placeholder-width: 1080px; --smush-placeholder-aspect-ratio: 1080\/1920;\" \/><\/figure>\n\n\n\n<p>Las prendas que conforman la C\u00e1psula #1 se pueden encontrar en https:\/\/shop.vitnik.com la tienda exclusiva que Vitnik presenta para este lanzamiento. \u201cDesde que comenzamos a imaginar esta acci\u00f3n, sab\u00edamos que era un desaf\u00edo y quisimos ir m\u00e1s all\u00e1. Por lo tanto, buscamos trabajar con influencers que congeniaran con la marca y transmitieran la frescura que caracteriza a Vitnik . El shooting fue realizado en Buenos Aires por el fot\u00f3grafo Edu Weis de Open Mind Productora, con quienes trabajamos en conjunto para lograr que la idea principal llegue a ser \u00fanica\u201d, agrega Victoria Tovfigh, productora de la campa\u00f1a.&nbsp;<\/p>\n\n\n\n<p>\u201cImpulsar tendencias, al momento de vestirnos y pensar dise\u00f1os para que todas las personas se sientan identificadas con nuestras prendas es un desaf\u00edo que llevamos adelante gratamente y seguiremos haciendo\u201d, concluye Ramin Tovfigh.<\/p>\n<!-- AddThis Advanced Settings generic via filter on the_content --><!-- AddThis Share Buttons generic via filter on the_content -->","protected":false},"excerpt":{"rendered":"<p>Con la frescura y complicidad que transmiten Michelle Masson y German Gomez, Vitnik apuesta a mostrar su primera c\u00e1psula de l\u00ednea unisex.&nbsp; La tendencia unisex tiene cada vez m\u00e1s aceptaci\u00f3n, la separaci\u00f3n binaria que tradicionalmente conocemos por femenino o masculino, hoy se diluye y da paso a nuevos dise\u00f1os con estilo 100% funcional.&nbsp; \u201cCreamos esta [&hellip;]<!-- AddThis Advanced Settings generic via filter on get_the_excerpt --><!-- AddThis Share Buttons generic via filter on get_the_excerpt --><\/p>\n","protected":false},"author":6,"featured_media":67003,"comment_status":"closed","ping_status":"open","sticky":false,"template":"","format":"standard","meta":{"_acf_changed":false,"om_disable_all_campaigns":false,"_monsterinsights_skip_tracking":false,"_monsterinsights_sitenote_active":false,"_monsterinsights_sitenote_note":"","_monsterinsights_sitenote_category":0,"_uf_show_specific_survey":0,"_uf_disable_surveys":false,"footnotes":""},"categories":[100,30],"tags":[],"class_list":["post-67001","post","type-post","status-publish","format-standard","has-post-thumbnail","hentry","category-noticias","category-moda"],"acf":[],"aioseo_notices":[],"_links":{"self":[{"href":"https:\/\/www.lasrosas.com.ar\/portal\/wp-json\/wp\/v2\/posts\/67001","targetHints":{"allow":["GET"]}}],"collection":[{"href":"https:\/\/www.lasrosas.com.ar\/portal\/wp-json\/wp\/v2\/posts"}],"about":[{"href":"https:\/\/www.lasrosas.com.ar\/portal\/wp-json\/wp\/v2\/types\/post"}],"author":[{"embeddable":true,"href":"https:\/\/www.lasrosas.com.ar\/portal\/wp-json\/wp\/v2\/users\/6"}],"replies":[{"embeddable":true,"href":"https:\/\/www.lasrosas.com.ar\/portal\/wp-json\/wp\/v2\/comments?post=67001"}],"version-history":[{"count":0,"href":"https:\/\/www.lasrosas.com.ar\/portal\/wp-json\/wp\/v2\/posts\/67001\/revisions"}],"wp:featuredmedia":[{"embeddable":true,"href":"https:\/\/www.lasrosas.com.ar\/portal\/wp-json\/wp\/v2\/media\/67003"}],"wp:attachment":[{"href":"https:\/\/www.lasrosas.com.ar\/portal\/wp-json\/wp\/v2\/media?parent=67001"}],"wp:term":[{"taxonomy":"category","embeddable":true,"href":"https:\/\/www.lasrosas.com.ar\/portal\/wp-json\/wp\/v2\/categories?post=67001"},{"taxonomy":"post_tag","embeddable":true,"href":"https:\/\/www.lasrosas.com.ar\/portal\/wp-json\/wp\/v2\/tags?post=67001"}],"curies":[{"name":"wp","href":"https:\/\/api.w.org\/{rel}","templated":true}]}}