{"id":66791,"date":"2023-05-22T12:32:26","date_gmt":"2023-05-22T15:32:26","guid":{"rendered":"https:\/\/www.lasrosas.com.ar\/portal\/?p=66791"},"modified":"2023-05-22T12:32:29","modified_gmt":"2023-05-22T15:32:29","slug":"pabllo-vittar-en-c-complejo-art-mediala-drag-queen-brasilena-demostro-por-que-es-la-reina-de-la-noche","status":"publish","type":"post","link":"https:\/\/www.lasrosas.com.ar\/portal\/pabllo-vittar-en-c-complejo-art-mediala-drag-queen-brasilena-demostro-por-que-es-la-reina-de-la-noche\/","title":{"rendered":"PABLLO VITTAR EN C COMPLEJO ART MEDIA:LA DRAG QUEEN BRASILE\u00d1A DEMOSTR\u00d3 POR QU\u00c9 ES LA REINA DE LA NOCHE"},"content":{"rendered":"\n<p><strong>La estrella oriunda de Minas Gerais tiene fama de poner a todo el mundo a bailar: la euforia que irradia desde el escenario hizo que nadie se quedara quieto.Por su parte, la ic\u00f3nica fiesta queer argentina Plop! fue el complemento perfecto para la entrada en calor as\u00ed como el afterparty.<\/strong><\/p>\n\n\n\n<p> Pabllo Vittar es un fen\u00f3meno imparable a escala global. Despu\u00e9s de verla en vivo, queda claro por qu\u00e9:\u00a0<strong>desde el primer momento en que sube al escenario con sus bailarines, el carisma, la energ\u00eda y el compromiso con el show toman por completo al p\u00fablico para una experiencia de liberaci\u00f3n a trav\u00e9s del baile y de letras de reivindicaci\u00f3n y empoderamiento.<\/strong><\/p>\n\n\n\n<figure class=\"wp-block-image size-large\"><img decoding=\"async\" width=\"1920\" height=\"1281\" data-src=\"https:\/\/www.lasrosas.com.ar\/portal\/wp-content\/uploads\/@its.tiven-6-1920x1281.jpg\" alt=\"\" class=\"wp-image-66792 lazyload\" data-srcset=\"https:\/\/www.lasrosas.com.ar\/portal\/wp-content\/uploads\/@its.tiven-6-1920x1281.jpg 1920w, https:\/\/www.lasrosas.com.ar\/portal\/wp-content\/uploads\/@its.tiven-6-960x640.jpg 960w, https:\/\/www.lasrosas.com.ar\/portal\/wp-content\/uploads\/@its.tiven-6-1536x1025.jpg 1536w, https:\/\/www.lasrosas.com.ar\/portal\/wp-content\/uploads\/@its.tiven-6.jpg 2048w\" data-sizes=\"(max-width: 1920px) 100vw, 1920px\" src=\"data:image\/svg+xml;base64,PHN2ZyB3aWR0aD0iMSIgaGVpZ2h0PSIxIiB4bWxucz0iaHR0cDovL3d3dy53My5vcmcvMjAwMC9zdmciPjwvc3ZnPg==\" style=\"--smush-placeholder-width: 1920px; --smush-placeholder-aspect-ratio: 1920\/1281;\" \/><\/figure>\n\n\n\n<p>Cerca de las las 20 hs, Av. Corrientes empez\u00f3 a llenarse de colores a medida que iban llegando grupos de amigos con la mirada expectante por una noche de diversi\u00f3n sin igual. Glitter, maquillaje creativo, looks personal\u00edsimos, los fans de Pabllo Vittar iban contagi\u00e1ndose la energ\u00eda que adentro se multiplicar\u00eda a niveles \u00fanicos. Dentro del C Complejo Art Media, el warm-up estaba en manos expertas:\u00a0<strong>la Fiesta Plop!, \u00edcono de la noche queer que pisa fuerte en Argentina desde hace casi dos d\u00e9cadas, fue la encargada de ir calentando los motores.<\/strong><\/p>\n\n\n\n<p>Poco despu\u00e9s de las 21hs, la iluminaci\u00f3n del escenario baj\u00f3, un silencio se contagi\u00f3 desde las primeras filas de seguidores hasta las \u00faltimas y luego vinieron los gritos de emoci\u00f3n al ver a Pabllo Vittar salir a escena rodeada por sus bailarines con una intro s\u00edsmica. La fiesta empez\u00f3 de inmediato:<strong>\u00a0el puntapi\u00e9 inicial fue \u201cNumber One\u201d<\/strong>, carta de presentaci\u00f3n donde la artista proclama que la tratan de imitar creando clones pero que \u201cno es de extra\u00f1ar que yo sea la n\u00famero uno\u201d y da una muestra de su estilo de\u00a0<strong>mezcla gen\u00e9rica sin fronteras<\/strong>, en un hit donde confluyen el funk carioca, el house, el trap e incluso el k-pop. Le sigui\u00f3\u00a0<strong>\u201cFlash Pose\u201d<\/strong>, el electropop de Vittar junto a la reina del hyper pop Charli XCX. Dos canciones y la pista ya ard\u00eda.<\/p>\n\n\n\n<p>Luego de su incre\u00edble show en Lollapalooza Argentina 2022, Vittar hab\u00eda dejado a todos con ganas de un show propio donde pudiera hacer un setlist completo y eso fue precisamente lo que vino a hacer en esta visita. La noche incluy\u00f3 interpretaciones en\u00e9rgicas y con mucho baile de\u00a0<strong>\u201cBuzina\u201d,\u201cA Lua\u201d<\/strong>, donde celebra sus ra\u00edces\u00a0<strong>incorporando sonidos de la m\u00fasica de su pa\u00eds natal como el ax\u00e9 y el forr\u00f3, \u00a0y \u201cBandida\u201d, uno de sus hits m\u00e1s coreados por todo el p\u00fablico<\/strong>.<\/p>\n\n\n\n<p>Un respiro necesario para reponer el aire llegar\u00eda con la conmovedora\u00a0<strong>\u201cDisk Me\u201d,<\/strong>\u00a0donde se conoci\u00f3 el brillo de otra faceta de Pabllo Vittar. La canci\u00f3n trata sobre un amor fallido que insiste con reaparecer s\u00f3lo para profundizar las heridas, y la artista se luci\u00f3 con todo el poder de su rango vocal.<\/p>\n\n\n\n<figure class=\"wp-block-gallery columns-2 is-cropped wp-block-gallery-1 is-layout-flex wp-block-gallery-is-layout-flex\"><ul class=\"blocks-gallery-grid\"><li class=\"blocks-gallery-item\"><figure><img decoding=\"async\" width=\"1280\" height=\"1920\" data-src=\"https:\/\/www.lasrosas.com.ar\/portal\/wp-content\/uploads\/@its.tiven-11-1280x1920.jpg\" alt=\"\" data-id=\"66793\" data-full-url=\"https:\/\/www.lasrosas.com.ar\/portal\/wp-content\/uploads\/@its.tiven-11.jpg\" data-link=\"https:\/\/www.lasrosas.com.ar\/portal\/?attachment_id=66793\" class=\"wp-image-66793 lazyload\" data-srcset=\"https:\/\/www.lasrosas.com.ar\/portal\/wp-content\/uploads\/@its.tiven-11-1280x1920.jpg 1280w, https:\/\/www.lasrosas.com.ar\/portal\/wp-content\/uploads\/@its.tiven-11-640x960.jpg 640w, https:\/\/www.lasrosas.com.ar\/portal\/wp-content\/uploads\/@its.tiven-11-1024x1536.jpg 1024w, https:\/\/www.lasrosas.com.ar\/portal\/wp-content\/uploads\/@its.tiven-11.jpg 1365w\" data-sizes=\"(max-width: 1280px) 100vw, 1280px\" src=\"data:image\/svg+xml;base64,PHN2ZyB3aWR0aD0iMSIgaGVpZ2h0PSIxIiB4bWxucz0iaHR0cDovL3d3dy53My5vcmcvMjAwMC9zdmciPjwvc3ZnPg==\" style=\"--smush-placeholder-width: 1280px; --smush-placeholder-aspect-ratio: 1280\/1920;\" \/><\/figure><\/li><li class=\"blocks-gallery-item\"><figure><img decoding=\"async\" width=\"1280\" height=\"1920\" data-src=\"https:\/\/www.lasrosas.com.ar\/portal\/wp-content\/uploads\/@its.tiven-13-1280x1920.jpg\" alt=\"\" data-id=\"66794\" data-full-url=\"https:\/\/www.lasrosas.com.ar\/portal\/wp-content\/uploads\/@its.tiven-13.jpg\" data-link=\"https:\/\/www.lasrosas.com.ar\/portal\/?attachment_id=66794\" class=\"wp-image-66794 lazyload\" data-srcset=\"https:\/\/www.lasrosas.com.ar\/portal\/wp-content\/uploads\/@its.tiven-13-1280x1920.jpg 1280w, https:\/\/www.lasrosas.com.ar\/portal\/wp-content\/uploads\/@its.tiven-13-640x960.jpg 640w, https:\/\/www.lasrosas.com.ar\/portal\/wp-content\/uploads\/@its.tiven-13-1024x1536.jpg 1024w, https:\/\/www.lasrosas.com.ar\/portal\/wp-content\/uploads\/@its.tiven-13.jpg 1365w\" data-sizes=\"(max-width: 1280px) 100vw, 1280px\" src=\"data:image\/svg+xml;base64,PHN2ZyB3aWR0aD0iMSIgaGVpZ2h0PSIxIiB4bWxucz0iaHR0cDovL3d3dy53My5vcmcvMjAwMC9zdmciPjwvc3ZnPg==\" style=\"--smush-placeholder-width: 1280px; --smush-placeholder-aspect-ratio: 1280\/1920;\" \/><\/figure><\/li><\/ul><\/figure>\n\n\n\n<p>Enseguida volvi\u00f3 a la t\u00f3nica de noche de club con<strong>\u00a0\u201cAmeianoite\u201d<\/strong>, hit que lanz\u00f3 en colaboraci\u00f3n con la tambi\u00e9n drag queen Gloria Groove y\u00a0<strong>\u201cProblema Seu\u201d<\/strong>, con ritmos de la m\u00fasica popular brasile\u00f1a al igual que\u00a0<strong>\u201cAmor De Que\u201d<\/strong>, que vino a continuaci\u00f3n y que fue el momento elegido para interactuar bien de cerca con sus fans, dando sobrada prueba de la conexi\u00f3n \u00fanica y del enorme cari\u00f1o que tiene con ellos.Luego fue el momento de los temas\u00a0<strong>\u201cParab\u00e9ns\u201d<\/strong>\u00a0y \u201cFollow Me\u201d, dos temas \u00fanicos en su repertorio, que fueron celebrados por todos los concurrentes.<\/p>\n\n\n\n<p>La cl\u00edmax del final vino con\u00a0<strong>\u201cDescontrolada\u201d,<\/strong>\u00a0su hit de funk pesado donde Vittar, sus bailarines y todos los fans dejaron todo en el baile final, que dej\u00f3 la pista lista para el afterparty a cargo de la Fiesta Plop! para que nadie se fuera sin darlo todo. Despu\u00e9s de presenciar el fen\u00f3meno de Pablo Vittar en vivo, se tiene la certeza de que<strong>\u00a0nadie se va a su casa sin haber pasado por una transformaci\u00f3n: una alegr\u00eda reencontrada, una liberaci\u00f3n, una sensaci\u00f3n de celebraci\u00f3n identitaria, un cuerpo cansado de bailar y una mente feliz de presenciar una energ\u00eda tan positiva.<\/strong><\/p>\n<!-- AddThis Advanced Settings generic via filter on the_content --><!-- AddThis Share Buttons generic via filter on the_content -->","protected":false},"excerpt":{"rendered":"<p>La estrella oriunda de Minas Gerais tiene fama de poner a todo el mundo a bailar: la euforia que irradia desde el escenario hizo que nadie se quedara quieto.Por su parte, la ic\u00f3nica fiesta queer argentina Plop! fue el complemento perfecto para la entrada en calor as\u00ed como el afterparty. Pabllo Vittar es un fen\u00f3meno [&hellip;]<!-- AddThis Advanced Settings generic via filter on get_the_excerpt --><!-- AddThis Share Buttons generic via filter on get_the_excerpt --><\/p>\n","protected":false},"author":6,"featured_media":66795,"comment_status":"closed","ping_status":"open","sticky":false,"template":"","format":"standard","meta":{"_acf_changed":false,"om_disable_all_campaigns":false,"_monsterinsights_skip_tracking":false,"_monsterinsights_sitenote_active":false,"_monsterinsights_sitenote_note":"","_monsterinsights_sitenote_category":0,"_uf_show_specific_survey":0,"_uf_disable_surveys":false,"footnotes":""},"categories":[100,25],"tags":[],"class_list":["post-66791","post","type-post","status-publish","format-standard","has-post-thumbnail","hentry","category-noticias","category-radio"],"acf":[],"aioseo_notices":[],"_links":{"self":[{"href":"https:\/\/www.lasrosas.com.ar\/portal\/wp-json\/wp\/v2\/posts\/66791","targetHints":{"allow":["GET"]}}],"collection":[{"href":"https:\/\/www.lasrosas.com.ar\/portal\/wp-json\/wp\/v2\/posts"}],"about":[{"href":"https:\/\/www.lasrosas.com.ar\/portal\/wp-json\/wp\/v2\/types\/post"}],"author":[{"embeddable":true,"href":"https:\/\/www.lasrosas.com.ar\/portal\/wp-json\/wp\/v2\/users\/6"}],"replies":[{"embeddable":true,"href":"https:\/\/www.lasrosas.com.ar\/portal\/wp-json\/wp\/v2\/comments?post=66791"}],"version-history":[{"count":0,"href":"https:\/\/www.lasrosas.com.ar\/portal\/wp-json\/wp\/v2\/posts\/66791\/revisions"}],"wp:featuredmedia":[{"embeddable":true,"href":"https:\/\/www.lasrosas.com.ar\/portal\/wp-json\/wp\/v2\/media\/66795"}],"wp:attachment":[{"href":"https:\/\/www.lasrosas.com.ar\/portal\/wp-json\/wp\/v2\/media?parent=66791"}],"wp:term":[{"taxonomy":"category","embeddable":true,"href":"https:\/\/www.lasrosas.com.ar\/portal\/wp-json\/wp\/v2\/categories?post=66791"},{"taxonomy":"post_tag","embeddable":true,"href":"https:\/\/www.lasrosas.com.ar\/portal\/wp-json\/wp\/v2\/tags?post=66791"}],"curies":[{"name":"wp","href":"https:\/\/api.w.org\/{rel}","templated":true}]}}