{"id":66472,"date":"2023-05-15T10:14:14","date_gmt":"2023-05-15T13:14:14","guid":{"rendered":"https:\/\/www.lasrosas.com.ar\/portal\/?p=66472"},"modified":"2023-05-15T10:14:16","modified_gmt":"2023-05-15T13:14:16","slug":"la-rioja-presente-en-la-expo-delicatessen-vinos-2023","status":"publish","type":"post","link":"https:\/\/www.lasrosas.com.ar\/portal\/la-rioja-presente-en-la-expo-delicatessen-vinos-2023\/","title":{"rendered":"LA RIOJA PRESENTE EN LA EXPO DELICATESSEN &#038; VINOS 2023"},"content":{"rendered":"\n<p>Con una activa pol\u00edtica de promoci\u00f3n tur\u00edstica, la provincia participa con sus excelentes producciones en la feria enogastron\u00f3mica m\u00e1s importante del pa\u00eds resaltando, en cada producto, toda la identidad riojana.<\/p>\n\n\n\n<p>En un mix entre el sector p\u00fablico y privado de La Rioja conformado por productores riojanos exponen una amplia y destacada gama de productos regionales y vinos destac\u00e1ndose el Torront\u00e9s Riojano, mostrando- en cada uno de ellos- toda la impronta productiva de la provincia.<\/p>\n\n\n\n<figure class=\"wp-block-image size-large\"><img decoding=\"async\" width=\"1600\" height=\"898\" data-src=\"https:\/\/www.lasrosas.com.ar\/portal\/wp-content\/uploads\/15c55347-7dd6-40d7-901a-f4050837379d.jpg\" alt=\"\" class=\"wp-image-66474 lazyload\" data-srcset=\"https:\/\/www.lasrosas.com.ar\/portal\/wp-content\/uploads\/15c55347-7dd6-40d7-901a-f4050837379d.jpg 1600w, https:\/\/www.lasrosas.com.ar\/portal\/wp-content\/uploads\/15c55347-7dd6-40d7-901a-f4050837379d-960x539.jpg 960w, https:\/\/www.lasrosas.com.ar\/portal\/wp-content\/uploads\/15c55347-7dd6-40d7-901a-f4050837379d-1536x862.jpg 1536w\" data-sizes=\"(max-width: 1600px) 100vw, 1600px\" src=\"data:image\/svg+xml;base64,PHN2ZyB3aWR0aD0iMSIgaGVpZ2h0PSIxIiB4bWxucz0iaHR0cDovL3d3dy53My5vcmcvMjAwMC9zdmciPjwvc3ZnPg==\" style=\"--smush-placeholder-width: 1600px; --smush-placeholder-aspect-ratio: 1600\/898;\" \/><\/figure>\n\n\n\n<p>Esta importante acci\u00f3n de promoci\u00f3n permite visualizar a nivel nacional el gran potencial que tiene la provincia en materia de gastronom\u00eda regional como de los excelentes vinos que se elaboran en los valles productivos, fortaleciendo de esta manera un continuo desarrollo del enoturismo y turismo gastron\u00f3mico.<\/p>\n\n\n\n<p>La Expo Delicatessen busca potenciar el mercado gourmet argentino, promover la interacci\u00f3n cultural y comercial y resaltar la esencia de cada provincia y regi\u00f3n a trav\u00e9s de sus elaboraciones.<\/p>\n\n\n\n<figure class=\"wp-block-video\"><video controls src=\"https:\/\/www.lasrosas.com.ar\/portal\/wp-content\/uploads\/122ce975-4a29-4a65-8daa-447102e0e9c0.mp4\"><\/video><\/figure>\n<!-- AddThis Advanced Settings generic via filter on the_content --><!-- AddThis Share Buttons generic via filter on the_content -->","protected":false},"excerpt":{"rendered":"<p>Con una activa pol\u00edtica de promoci\u00f3n tur\u00edstica, la provincia participa con sus excelentes producciones en la feria enogastron\u00f3mica m\u00e1s importante del pa\u00eds resaltando, en cada producto, toda la identidad riojana. En un mix entre el sector p\u00fablico y privado de La Rioja conformado por productores riojanos exponen una amplia y destacada gama de productos regionales [&hellip;]<!-- AddThis Advanced Settings generic via filter on get_the_excerpt --><!-- AddThis Share Buttons generic via filter on get_the_excerpt --><\/p>\n","protected":false},"author":6,"featured_media":66475,"comment_status":"closed","ping_status":"open","sticky":false,"template":"","format":"standard","meta":{"_acf_changed":false,"om_disable_all_campaigns":false,"_monsterinsights_skip_tracking":false,"_monsterinsights_sitenote_active":false,"_monsterinsights_sitenote_note":"","_monsterinsights_sitenote_category":0,"_uf_show_specific_survey":0,"_uf_disable_surveys":false,"footnotes":""},"categories":[100],"tags":[],"class_list":["post-66472","post","type-post","status-publish","format-standard","has-post-thumbnail","hentry","category-noticias"],"acf":[],"aioseo_notices":[],"_links":{"self":[{"href":"https:\/\/www.lasrosas.com.ar\/portal\/wp-json\/wp\/v2\/posts\/66472","targetHints":{"allow":["GET"]}}],"collection":[{"href":"https:\/\/www.lasrosas.com.ar\/portal\/wp-json\/wp\/v2\/posts"}],"about":[{"href":"https:\/\/www.lasrosas.com.ar\/portal\/wp-json\/wp\/v2\/types\/post"}],"author":[{"embeddable":true,"href":"https:\/\/www.lasrosas.com.ar\/portal\/wp-json\/wp\/v2\/users\/6"}],"replies":[{"embeddable":true,"href":"https:\/\/www.lasrosas.com.ar\/portal\/wp-json\/wp\/v2\/comments?post=66472"}],"version-history":[{"count":0,"href":"https:\/\/www.lasrosas.com.ar\/portal\/wp-json\/wp\/v2\/posts\/66472\/revisions"}],"wp:featuredmedia":[{"embeddable":true,"href":"https:\/\/www.lasrosas.com.ar\/portal\/wp-json\/wp\/v2\/media\/66475"}],"wp:attachment":[{"href":"https:\/\/www.lasrosas.com.ar\/portal\/wp-json\/wp\/v2\/media?parent=66472"}],"wp:term":[{"taxonomy":"category","embeddable":true,"href":"https:\/\/www.lasrosas.com.ar\/portal\/wp-json\/wp\/v2\/categories?post=66472"},{"taxonomy":"post_tag","embeddable":true,"href":"https:\/\/www.lasrosas.com.ar\/portal\/wp-json\/wp\/v2\/tags?post=66472"}],"curies":[{"name":"wp","href":"https:\/\/api.w.org\/{rel}","templated":true}]}}