{"id":66266,"date":"2023-05-09T12:19:16","date_gmt":"2023-05-09T15:19:16","guid":{"rendered":"https:\/\/www.lasrosas.com.ar\/portal\/?p=66266"},"modified":"2023-05-09T12:19:19","modified_gmt":"2023-05-09T15:19:19","slug":"las-mujeres-mas-importantes-de-la-musica-brillaron-en-la-primera-edicion-billboard-mujeres-latinas-en-la-musica-shakira-recibio-el-primer-premio-mujer-del-ano","status":"publish","type":"post","link":"https:\/\/www.lasrosas.com.ar\/portal\/las-mujeres-mas-importantes-de-la-musica-brillaron-en-la-primera-edicion-billboard-mujeres-latinas-en-la-musica-shakira-recibio-el-primer-premio-mujer-del-ano\/","title":{"rendered":"LAS MUJERES M\u00c1S IMPORTANTES DE LA M\u00daSICA BRILLARON EN LA PRIMERA EDICI\u00d3N:  BILLBOARD MUJERES LATINAS EN LA M\u00daSICA  SHAKIRA RECIBI\u00d3 EL PRIMER PREMIO \u2018MUJER DEL A\u00d1O\u2019"},"content":{"rendered":"\n<p><strong>Telemundo Internacional<\/strong> transmiti\u00f3 este domingo 7 de mayo en exclusiva para toda Latinoam\u00e9rica la primera edici\u00f3n de <strong>Billboard Mujeres Latinas en la M\u00fasica<\/strong>, desde Miami, Florida donde las estrellas m\u00e1s grandes fueron homenajeadas por sus contribuciones \u00fanicas con presentaciones muy especiales.<\/p>\n\n\n\n<p>El show de dos horas de duraci\u00f3n celebr\u00f3 a las mujeres artistas, ejecutivas y creativas de Am\u00e9rica Latina que trabajan de manera proactiva por un cambio positivo, la inclusi\u00f3n y la paridad de g\u00e9nero en la industria de la m\u00fasica. <strong>Shakira,\u00a0Ana Gabriel,\u00a0Emilia Mernes,\u00a0Evaluna,\u00a0Goyo,\u00a0Thalia, Mar\u00eda Becerra<\/strong>\u00a0fueron s\u00f3lo algunas de las grandes estrellas que fueron homenajeadas en una noche legendaria y sin precedentes para la m\u00fasica.<\/p>\n\n\n\n<p>La s\u00faper estrella global, cantautora y multi-ganadora del premio Grammy, <strong>Shakira<\/strong>, fue honrada con el premio <strong>Mujer del A\u00f1o 2023<\/strong> mientras que <strong>Ana Gabriel<\/strong>, recibi\u00f3 el premio Leyenda Viviente; <strong>Emilia Mernes<\/strong> recibi\u00f3 el premio Artista en Ascenso; <strong>Evaluna<\/strong> recibi\u00f3 el premio Tradici\u00f3n y Futuro; <strong>Goyo<\/strong> recibi\u00f3 el premio Agente de Cambio; y <strong>Thalia <\/strong>fue sorprendida con el premio Poderosa Global.\u00a0<\/p>\n\n\n\n<p><strong>Shakira<\/strong> recibi\u00f3 su galard\u00f3n de la mano de Maluma <em>\u201cHoy sent\u00ed m\u00e1s que nunca y en carne propia lo que es ser mujer y lo que significa verdaderamente ser mujer porque es un a\u00f1o en el que me di cuenta de que las mujeres somos mucho m\u00e1s fuertes de lo que pensamos, somos m\u00e1s valientes de lo que creemos que somos. Creo que tambi\u00e9n somos m\u00e1s independientes de lo que nos ense\u00f1aron a ser, \u00bfa qu\u00e9 mujer no le pas\u00f3? Que por buscar la atenci\u00f3n, el cari\u00f1o, la aprobaci\u00f3n del otro se olvid\u00f3 de s\u00ed misma. A m\u00ed me pas\u00f3 m\u00e1s de una vez\u201d<\/em>, expres\u00f3 emocionada en su mensaje de agradecimiento.<\/p>\n\n\n\n<figure class=\"wp-block-gallery columns-3 is-cropped wp-block-gallery-1 is-layout-flex wp-block-gallery-is-layout-flex\"><ul class=\"blocks-gallery-grid\"><li class=\"blocks-gallery-item\"><figure><img decoding=\"async\" width=\"1280\" height=\"1920\" data-src=\"https:\/\/www.lasrosas.com.ar\/portal\/wp-content\/uploads\/NUP_201513_00229-1280x1920.jpg\" alt=\"\" data-id=\"66267\" data-full-url=\"https:\/\/www.lasrosas.com.ar\/portal\/wp-content\/uploads\/NUP_201513_00229-scaled.jpg\" data-link=\"https:\/\/www.lasrosas.com.ar\/portal\/?attachment_id=66267\" class=\"wp-image-66267 lazyload\" data-srcset=\"https:\/\/www.lasrosas.com.ar\/portal\/wp-content\/uploads\/NUP_201513_00229-1280x1920.jpg 1280w, https:\/\/www.lasrosas.com.ar\/portal\/wp-content\/uploads\/NUP_201513_00229-640x960.jpg 640w, https:\/\/www.lasrosas.com.ar\/portal\/wp-content\/uploads\/NUP_201513_00229-1024x1536.jpg 1024w, https:\/\/www.lasrosas.com.ar\/portal\/wp-content\/uploads\/NUP_201513_00229-scaled.jpg 1365w\" data-sizes=\"(max-width: 1280px) 100vw, 1280px\" src=\"data:image\/svg+xml;base64,PHN2ZyB3aWR0aD0iMSIgaGVpZ2h0PSIxIiB4bWxucz0iaHR0cDovL3d3dy53My5vcmcvMjAwMC9zdmciPjwvc3ZnPg==\" style=\"--smush-placeholder-width: 1280px; --smush-placeholder-aspect-ratio: 1280\/1920;\" \/><figcaption class=\"blocks-gallery-item__caption\">2023 BILLBOARD MUJERES LATINAS EN LA MUSICA &#8212; \u00ab2023 Billboard Mujeres Latinas en la Musica\u00bb &#8212; Pictured: (l-r) at the Watsco Center on May 7, 2023 &#8212; (Photo by: Jason Koerner\/TELEMUNDO)<\/figcaption><\/figure><\/li><li class=\"blocks-gallery-item\"><figure><img decoding=\"async\" width=\"1280\" height=\"1920\" data-src=\"https:\/\/www.lasrosas.com.ar\/portal\/wp-content\/uploads\/NUP_201513_00173-1280x1920.jpg\" alt=\"\" data-id=\"66268\" data-full-url=\"https:\/\/www.lasrosas.com.ar\/portal\/wp-content\/uploads\/NUP_201513_00173-scaled.jpg\" data-link=\"https:\/\/www.lasrosas.com.ar\/portal\/?attachment_id=66268\" class=\"wp-image-66268 lazyload\" data-srcset=\"https:\/\/www.lasrosas.com.ar\/portal\/wp-content\/uploads\/NUP_201513_00173-1280x1920.jpg 1280w, https:\/\/www.lasrosas.com.ar\/portal\/wp-content\/uploads\/NUP_201513_00173-640x960.jpg 640w, https:\/\/www.lasrosas.com.ar\/portal\/wp-content\/uploads\/NUP_201513_00173-1024x1536.jpg 1024w, https:\/\/www.lasrosas.com.ar\/portal\/wp-content\/uploads\/NUP_201513_00173-scaled.jpg 1365w\" data-sizes=\"(max-width: 1280px) 100vw, 1280px\" src=\"data:image\/svg+xml;base64,PHN2ZyB3aWR0aD0iMSIgaGVpZ2h0PSIxIiB4bWxucz0iaHR0cDovL3d3dy53My5vcmcvMjAwMC9zdmciPjwvc3ZnPg==\" style=\"--smush-placeholder-width: 1280px; --smush-placeholder-aspect-ratio: 1280\/1920;\" \/><figcaption class=\"blocks-gallery-item__caption\">2023 BILLBOARD MUJERES LATINAS EN LA MUSICA &#8212; \u00ab2023 Billboard Mujeres Latinas en la Musica\u00bb &#8212; Pictured: Chesca at the Watsco Center on May 7, 2023 &#8212; (Photo by: Jason Koerner\/TELEMUNDO)<\/figcaption><\/figure><\/li><li class=\"blocks-gallery-item\"><figure><img decoding=\"async\" width=\"1280\" height=\"1920\" data-src=\"https:\/\/www.lasrosas.com.ar\/portal\/wp-content\/uploads\/NUP_201513_00145-1280x1920.jpg\" alt=\"\" data-id=\"66270\" data-full-url=\"https:\/\/www.lasrosas.com.ar\/portal\/wp-content\/uploads\/NUP_201513_00145-scaled.jpg\" data-link=\"https:\/\/www.lasrosas.com.ar\/portal\/?attachment_id=66270\" class=\"wp-image-66270 lazyload\" data-srcset=\"https:\/\/www.lasrosas.com.ar\/portal\/wp-content\/uploads\/NUP_201513_00145-1280x1920.jpg 1280w, https:\/\/www.lasrosas.com.ar\/portal\/wp-content\/uploads\/NUP_201513_00145-640x960.jpg 640w, https:\/\/www.lasrosas.com.ar\/portal\/wp-content\/uploads\/NUP_201513_00145-1024x1536.jpg 1024w, https:\/\/www.lasrosas.com.ar\/portal\/wp-content\/uploads\/NUP_201513_00145-scaled.jpg 1365w\" data-sizes=\"(max-width: 1280px) 100vw, 1280px\" src=\"data:image\/svg+xml;base64,PHN2ZyB3aWR0aD0iMSIgaGVpZ2h0PSIxIiB4bWxucz0iaHR0cDovL3d3dy53My5vcmcvMjAwMC9zdmciPjwvc3ZnPg==\" style=\"--smush-placeholder-width: 1280px; --smush-placeholder-aspect-ratio: 1280\/1920;\" \/><figcaption class=\"blocks-gallery-item__caption\">2023 BILLBOARD MUJERES LATINAS EN LA MUSICA &#8212; \u00ab2023 Billboard Mujeres Latinas en la Musica\u00bb &#8212; Pictured: (l-r) at the Watsco Center on May 7, 2023 &#8212; (Photo by: Jason Koerner\/TELEMUNDO)<\/figcaption><\/figure><\/li><li class=\"blocks-gallery-item\"><figure><img decoding=\"async\" width=\"1280\" height=\"1920\" data-src=\"https:\/\/www.lasrosas.com.ar\/portal\/wp-content\/uploads\/NUP_201513_00102-1280x1920.jpg\" alt=\"\" data-id=\"66271\" data-full-url=\"https:\/\/www.lasrosas.com.ar\/portal\/wp-content\/uploads\/NUP_201513_00102-scaled.jpg\" data-link=\"https:\/\/www.lasrosas.com.ar\/portal\/?attachment_id=66271\" class=\"wp-image-66271 lazyload\" data-srcset=\"https:\/\/www.lasrosas.com.ar\/portal\/wp-content\/uploads\/NUP_201513_00102-1280x1920.jpg 1280w, https:\/\/www.lasrosas.com.ar\/portal\/wp-content\/uploads\/NUP_201513_00102-640x960.jpg 640w, https:\/\/www.lasrosas.com.ar\/portal\/wp-content\/uploads\/NUP_201513_00102-1024x1536.jpg 1024w, https:\/\/www.lasrosas.com.ar\/portal\/wp-content\/uploads\/NUP_201513_00102-scaled.jpg 1365w\" data-sizes=\"(max-width: 1280px) 100vw, 1280px\" src=\"data:image\/svg+xml;base64,PHN2ZyB3aWR0aD0iMSIgaGVpZ2h0PSIxIiB4bWxucz0iaHR0cDovL3d3dy53My5vcmcvMjAwMC9zdmciPjwvc3ZnPg==\" style=\"--smush-placeholder-width: 1280px; --smush-placeholder-aspect-ratio: 1280\/1920;\" \/><figcaption class=\"blocks-gallery-item__caption\">2023 BILLBOARD MUJERES LATINAS EN LA MUSICA &#8212; \u00ab2023 Billboard Mujeres Latinas en la Musica\u00bb &#8212; Pictured: (l-r) at the Watsco Center on May 7, 2023 &#8212; (Photo by: Jason Koerner\/TELEMUNDO)<\/figcaption><\/figure><\/li><li class=\"blocks-gallery-item\"><figure><img decoding=\"async\" width=\"1280\" height=\"1920\" data-src=\"https:\/\/www.lasrosas.com.ar\/portal\/wp-content\/uploads\/NUP_201513_00012-1280x1920.jpg\" alt=\"\" data-id=\"66272\" data-full-url=\"https:\/\/www.lasrosas.com.ar\/portal\/wp-content\/uploads\/NUP_201513_00012-scaled.jpg\" data-link=\"https:\/\/www.lasrosas.com.ar\/portal\/?attachment_id=66272\" class=\"wp-image-66272 lazyload\" data-srcset=\"https:\/\/www.lasrosas.com.ar\/portal\/wp-content\/uploads\/NUP_201513_00012-1280x1920.jpg 1280w, https:\/\/www.lasrosas.com.ar\/portal\/wp-content\/uploads\/NUP_201513_00012-640x960.jpg 640w, https:\/\/www.lasrosas.com.ar\/portal\/wp-content\/uploads\/NUP_201513_00012-1024x1536.jpg 1024w, https:\/\/www.lasrosas.com.ar\/portal\/wp-content\/uploads\/NUP_201513_00012-scaled.jpg 1365w\" data-sizes=\"(max-width: 1280px) 100vw, 1280px\" src=\"data:image\/svg+xml;base64,PHN2ZyB3aWR0aD0iMSIgaGVpZ2h0PSIxIiB4bWxucz0iaHR0cDovL3d3dy53My5vcmcvMjAwMC9zdmciPjwvc3ZnPg==\" style=\"--smush-placeholder-width: 1280px; --smush-placeholder-aspect-ratio: 1280\/1920;\" \/><figcaption class=\"blocks-gallery-item__caption\">2023 BILLBOARD MUJERES LATINAS EN LA MUSICA &#8212; \u00ab2023 Billboard Mujeres Latinas en la Musica\u00bb &#8212; Pictured: Aleyda Ortiz at the Watsco Center on May 7, 2023 &#8212; (Photo by: Jason Koerner\/TELEMUNDO)<\/figcaption><\/figure><\/li><li class=\"blocks-gallery-item\"><figure><img decoding=\"async\" width=\"936\" height=\"1406\" data-src=\"https:\/\/www.lasrosas.com.ar\/portal\/wp-content\/uploads\/MARIA-BECERRA.png\" alt=\"\" data-id=\"66273\" data-full-url=\"https:\/\/www.lasrosas.com.ar\/portal\/wp-content\/uploads\/MARIA-BECERRA.png\" data-link=\"https:\/\/www.lasrosas.com.ar\/portal\/?attachment_id=66273\" class=\"wp-image-66273 lazyload\" data-srcset=\"https:\/\/www.lasrosas.com.ar\/portal\/wp-content\/uploads\/MARIA-BECERRA.png 936w, https:\/\/www.lasrosas.com.ar\/portal\/wp-content\/uploads\/MARIA-BECERRA-639x960.png 639w\" data-sizes=\"(max-width: 936px) 100vw, 936px\" src=\"data:image\/svg+xml;base64,PHN2ZyB3aWR0aD0iMSIgaGVpZ2h0PSIxIiB4bWxucz0iaHR0cDovL3d3dy53My5vcmcvMjAwMC9zdmciPjwvc3ZnPg==\" style=\"--smush-placeholder-width: 936px; --smush-placeholder-aspect-ratio: 936\/1406;\" \/><\/figure><\/li><li class=\"blocks-gallery-item\"><figure><img decoding=\"async\" width=\"934\" height=\"1398\" data-src=\"https:\/\/www.lasrosas.com.ar\/portal\/wp-content\/uploads\/EVALUNA.png\" alt=\"\" data-id=\"66274\" data-full-url=\"https:\/\/www.lasrosas.com.ar\/portal\/wp-content\/uploads\/EVALUNA.png\" data-link=\"https:\/\/www.lasrosas.com.ar\/portal\/?attachment_id=66274\" class=\"wp-image-66274 lazyload\" data-srcset=\"https:\/\/www.lasrosas.com.ar\/portal\/wp-content\/uploads\/EVALUNA.png 934w, https:\/\/www.lasrosas.com.ar\/portal\/wp-content\/uploads\/EVALUNA-641x960.png 641w\" data-sizes=\"(max-width: 934px) 100vw, 934px\" src=\"data:image\/svg+xml;base64,PHN2ZyB3aWR0aD0iMSIgaGVpZ2h0PSIxIiB4bWxucz0iaHR0cDovL3d3dy53My5vcmcvMjAwMC9zdmciPjwvc3ZnPg==\" style=\"--smush-placeholder-width: 934px; --smush-placeholder-aspect-ratio: 934\/1398;\" \/><\/figure><\/li><li class=\"blocks-gallery-item\"><figure><img decoding=\"async\" width=\"1228\" height=\"1020\" data-src=\"https:\/\/www.lasrosas.com.ar\/portal\/wp-content\/uploads\/Captura-de-pantalla-2023-05-08-a-las-14.05.08.png\" alt=\"\" data-id=\"66275\" data-full-url=\"https:\/\/www.lasrosas.com.ar\/portal\/wp-content\/uploads\/Captura-de-pantalla-2023-05-08-a-las-14.05.08.png\" data-link=\"https:\/\/www.lasrosas.com.ar\/portal\/?attachment_id=66275\" class=\"wp-image-66275 lazyload\" data-srcset=\"https:\/\/www.lasrosas.com.ar\/portal\/wp-content\/uploads\/Captura-de-pantalla-2023-05-08-a-las-14.05.08.png 1228w, https:\/\/www.lasrosas.com.ar\/portal\/wp-content\/uploads\/Captura-de-pantalla-2023-05-08-a-las-14.05.08-960x797.png 960w\" data-sizes=\"(max-width: 1228px) 100vw, 1228px\" src=\"data:image\/svg+xml;base64,PHN2ZyB3aWR0aD0iMSIgaGVpZ2h0PSIxIiB4bWxucz0iaHR0cDovL3d3dy53My5vcmcvMjAwMC9zdmciPjwvc3ZnPg==\" style=\"--smush-placeholder-width: 1228px; --smush-placeholder-aspect-ratio: 1228\/1020;\" \/><\/figure><\/li><\/ul><\/figure>\n\n\n\n<p>Por su parte, su compatriota <strong>Maluma <\/strong>declar\u00f3 al entregarle el premio: <em>\u201cSoy testigo de que Shakira escribe sus canciones desde el coraz\u00f3n y sus experiencias, y este a\u00f1o supo convertir la adversidad en arte, las emociones y dolor en m\u00fasica, y rompi\u00f3 la historia con sus letras, creando un \u00e9xito que hoy es el himno femenino universal: \u00a1Las mujeres ya no lloran, las mujeres facturan!\u201d<\/em>.<\/p>\n\n\n\n<p><strong>Giselle Blondet, Chiky Bombom, Jessica Carrillo, Greeicy, Guaynaa, Ha*Ash, Lele Pons, Ludmilla, Andrea Meza, Elena Rose, JP Saxe y Nicole Zignago<\/strong> tambi\u00e9n brillaron. El especial musical de dos horas cont\u00f3 con emocionantes actuaciones de <strong>JP Saxe y Ludmilla, Maria Becerra <\/strong>como homenajeada con el premio Visionaria, y un grupo estelar de presentadores que incluy\u00f3 a <strong>Giselle Blondet, Chiky Bombom, Jessica Carrillo, Greeicy, Guaynaa, Ha*Ash, Andrea Meza, Lele Pons, Elena Rose y Nicole Zignago.\u00a0<\/strong><\/p>\n\n\n\n<p>JP Saxe, mejor conocido por su canci\u00f3n \u201cIf the World Was Ending\u201d lanzada en 2019 y nominada a un Grammy en 2021, subi\u00f3 al escenario con Evaluna, la agasajada con el premio Tradici\u00f3n y Futuro. Adem\u00e1s, la cantautora ganadora del Latin Grammy y primera afrolatina en alcanzar 1.000 millones de streams en Spotify, Ludmilla, deslumbr\u00f3 en el escenario junto a la homenajeada como Estrella en Ascenso, Emilia.<\/p>\n\n\n\n<p><strong>Maria Becerra<\/strong> fue reconocida con el premio Visionaria por desarrollar un sonido propio que atraviesa g\u00e9neros musicales. Adem\u00e1s de su EP de tres temas 222, Becerra lanz\u00f3 su primer sencillo independiente, \u201cHigh\u201d, en 2019, que lleg\u00f3 a las listas de Espa\u00f1a y Argentina, alcanzando el No. 59. Desde entonces, la nominada al Latin Grammy ha colaborado con TINI, J Balvin, Becky G y otras estrellas latinas. Con 6 \u00e9xitos en el Latin Airplay de Billboard, incluyendo el No. 1 \u201cTe espero\u201d con Prince Royce; 9 hits en el Global Excl U.S. que incluyen dos top 20, y 4 canciones en el Global 200, la est\u00e9tica y sonido profundamente personales de Becerra han desafiado las convenciones y contin\u00faan diversificando el panorama musical en todos los continentes.<\/p>\n\n\n\n<p>La edici\u00f3n inaugural <strong>Billboard Mujeres Latinas en la M\u00fasica<\/strong> enalteci\u00f3 a la cultura latinoamericana con grandes actuaciones, momentos hist\u00f3ricos impactantes y sorpresas que dejaron a los fan\u00e1ticos sin aliento para celebrar a las mujeres que han tenido un impacto en la m\u00fasica a trav\u00e9s de sus logros art\u00edsticos o acciones notables y tangibles que han generado reconocimiento y oportunidades para mujeres, logrando un cambio positivo en la industria en general.<\/p>\n\n\n\n<p><strong><em>\u00a1No te pierdas pronto una nueva edici\u00f3n de \u201cBillboard Mujeres Latinas en la M\u00fasica\u201d solo por Telemundo Internacional!<\/em><\/strong><\/p>\n<!-- AddThis Advanced Settings generic via filter on the_content --><!-- AddThis Share Buttons generic via filter on the_content -->","protected":false},"excerpt":{"rendered":"<p>Telemundo Internacional transmiti\u00f3 este domingo 7 de mayo en exclusiva para toda Latinoam\u00e9rica la primera edici\u00f3n de Billboard Mujeres Latinas en la M\u00fasica, desde Miami, Florida donde las estrellas m\u00e1s grandes fueron homenajeadas por sus contribuciones \u00fanicas con presentaciones muy especiales. El show de dos horas de duraci\u00f3n celebr\u00f3 a las mujeres artistas, ejecutivas y [&hellip;]<!-- AddThis Advanced Settings generic via filter on get_the_excerpt --><!-- AddThis Share Buttons generic via filter on get_the_excerpt --><\/p>\n","protected":false},"author":6,"featured_media":66269,"comment_status":"closed","ping_status":"open","sticky":false,"template":"","format":"standard","meta":{"_acf_changed":false,"om_disable_all_campaigns":false,"_monsterinsights_skip_tracking":false,"_monsterinsights_sitenote_active":false,"_monsterinsights_sitenote_note":"","_monsterinsights_sitenote_category":0,"_uf_show_specific_survey":0,"_uf_disable_surveys":false,"footnotes":""},"categories":[100],"tags":[],"class_list":["post-66266","post","type-post","status-publish","format-standard","has-post-thumbnail","hentry","category-noticias"],"acf":[],"aioseo_notices":[],"_links":{"self":[{"href":"https:\/\/www.lasrosas.com.ar\/portal\/wp-json\/wp\/v2\/posts\/66266","targetHints":{"allow":["GET"]}}],"collection":[{"href":"https:\/\/www.lasrosas.com.ar\/portal\/wp-json\/wp\/v2\/posts"}],"about":[{"href":"https:\/\/www.lasrosas.com.ar\/portal\/wp-json\/wp\/v2\/types\/post"}],"author":[{"embeddable":true,"href":"https:\/\/www.lasrosas.com.ar\/portal\/wp-json\/wp\/v2\/users\/6"}],"replies":[{"embeddable":true,"href":"https:\/\/www.lasrosas.com.ar\/portal\/wp-json\/wp\/v2\/comments?post=66266"}],"version-history":[{"count":0,"href":"https:\/\/www.lasrosas.com.ar\/portal\/wp-json\/wp\/v2\/posts\/66266\/revisions"}],"wp:featuredmedia":[{"embeddable":true,"href":"https:\/\/www.lasrosas.com.ar\/portal\/wp-json\/wp\/v2\/media\/66269"}],"wp:attachment":[{"href":"https:\/\/www.lasrosas.com.ar\/portal\/wp-json\/wp\/v2\/media?parent=66266"}],"wp:term":[{"taxonomy":"category","embeddable":true,"href":"https:\/\/www.lasrosas.com.ar\/portal\/wp-json\/wp\/v2\/categories?post=66266"},{"taxonomy":"post_tag","embeddable":true,"href":"https:\/\/www.lasrosas.com.ar\/portal\/wp-json\/wp\/v2\/tags?post=66266"}],"curies":[{"name":"wp","href":"https:\/\/api.w.org\/{rel}","templated":true}]}}