{"id":66257,"date":"2023-05-09T11:38:06","date_gmt":"2023-05-09T14:38:06","guid":{"rendered":"https:\/\/www.lasrosas.com.ar\/portal\/?p=66257"},"modified":"2023-05-09T11:38:09","modified_gmt":"2023-05-09T14:38:09","slug":"panama-3-razones-para-visitar-un-pais-que-es-mucho-mas-que-un-canal","status":"publish","type":"post","link":"https:\/\/www.lasrosas.com.ar\/portal\/panama-3-razones-para-visitar-un-pais-que-es-mucho-mas-que-un-canal\/","title":{"rendered":"PANAM\u00c1: 3 RAZONES PARA VISITAR UN PA\u00cdS QUE ES MUCHO M\u00c1S QUE UN CANAL"},"content":{"rendered":"\n<p>El pa\u00eds\u00a0 se encuentra en la intersecci\u00f3n del Caribe y el Pac\u00edfico, y es un mix perfecto entre\u00a0 lo tradicional y lo moderno, lo cosmopolita y lo rural.<\/p>\n\n\n\n<p><a href=\"https:\/\/es.tourismpanama.com\/\">Panam\u00e1<\/a> es un destino donde convergen personas, pasiones, paisajes, culturas y mundos; donde la celebraci\u00f3n de la diversidad, la sostenibilidad y la aventura son los objetivos principales. El pa\u00eds\u00a0 se encuentra en la intersecci\u00f3n del Caribe y el Pac\u00edfico, y es un mix perfecto entre\u00a0 lo tradicional y lo moderno, lo cosmopolita y lo rural.<\/p>\n\n\n\n<p>Con una biodiversidad \u00fanica y una ecl\u00e9ctica mezcla de culturas, Panam\u00e1 ofrece una c\u00f3moda accesibilidad desde Argentina y transporta a los viajeros a un mundo aparte.<\/p>\n\n\n\n<figure class=\"wp-block-image size-large\"><img decoding=\"async\" width=\"576\" height=\"768\" data-src=\"https:\/\/www.lasrosas.com.ar\/portal\/wp-content\/uploads\/medium-Embera\u0301-Puru\u0301-Biakiru\u0301-village-Chagres-river.-Panama\u0301-Province-1.jpg\" alt=\"\" class=\"wp-image-66258 lazyload\" src=\"data:image\/svg+xml;base64,PHN2ZyB3aWR0aD0iMSIgaGVpZ2h0PSIxIiB4bWxucz0iaHR0cDovL3d3dy53My5vcmcvMjAwMC9zdmciPjwvc3ZnPg==\" style=\"--smush-placeholder-width: 576px; --smush-placeholder-aspect-ratio: 576\/768;\" \/><\/figure>\n\n\n\n<p>3 motivos por los que vale la pena visitar este destino:\u00a0<\/p>\n\n\n\n<ul class=\"wp-block-list\"><li><strong>Aventura al aire libre: <\/strong>Panam\u00e1 ofrece a los viajeros la posibilidad de vivir una ciudad bulliciosa, paisajes naturales v\u00edrgenes y aventuras \u00e9picas, desde senderismo, buceo y submarinismo, hasta pesca en agua dulce y salada, surf y rafting, todo en un mismo destino. De hecho, Panam\u00e1 acaba de inaugurar la primera fase de la Ruta de la Caldera, un sistema de cinco senderos alrededor del extinto volc\u00e1n. Una vez completados, los senderos sumar\u00e1n 30 kil\u00f3metros y ofrecer\u00e1n vistas incomparables del paisaje, educaci\u00f3n sobre la biodiversidad de El Valle y una inmersi\u00f3n literal en la India Dormida y los grupos precolombinos que una vez llamaron hogar a El Valle. Esto se suma al proyecto \u00ab1.000 kil\u00f3metros de senderos\u00bb del pa\u00eds (lanzado en 2021) para preservar importantes senderos ecol\u00f3gicos cr\u00edticos para el turismo, la ecolog\u00eda y el descubrimiento cient\u00edfico a trav\u00e9s del desarrollo de la industria de la recreaci\u00f3n al aire libre y el turismo verde en \u00e1reas protegidas. Estos son solo dos ejemplos de la dedicaci\u00f3n y la abundancia de actividades al aire libre, la biodiversidad \u00fanica y la conciencia ecol\u00f3gica que crean experiencias de aventura \u00fanicas e inmersivas.<\/li><\/ul>\n\n\n\n<ul class=\"wp-block-list\"><li><strong>Biodiversidad \u00fanica: <\/strong>Panam\u00e1 es un pa\u00eds con una naturaleza abundante y exuberante, con ecosistemas tropicales de alta diversidad biol\u00f3gica (m\u00e1s del 40% de la superficie terrestre y marina de la naci\u00f3n ha sido declarada zona protegida -importantes sumideros de carbono que han permitido a Panam\u00e1 estabilizar sus emisiones como uno de los tres \u00fanicos pa\u00edses carbono-negativos del mundo. Panam\u00e1 tambi\u00e9n se adelantar\u00e1 a la iniciativa mundial 30&#215;30 con la firma de un decreto que protege la Cordillera de Coiba, una medida que triplicar\u00e1 el \u00e1rea marina protegida de la Cordillera de Coiba y permitir\u00e1 a Panam\u00e1 convertirse en un verdadero L\u00edder Azul: un pa\u00eds que oficialmente protege \u00abalta y plenamente\u00bb el 30% o m\u00e1s de sus oc\u00e9anos. Otro reconocimiento a su promesa de sostenibilidad, Panam\u00e1 tambi\u00e9n ha sido elegida para acoger en 2022 el Bloomberg New Economy Gateway, una serie de eventos regionales con audiencias globales.<\/li><\/ul>\n\n\n\n<ul class=\"wp-block-list\"><li><strong>Cultura e Historia: <\/strong>Panam\u00e1 es el destino por excelencia para los viajeros que desean encontrarse plenamente inmersos en una convergencia de culturas. Los siete pueblos ind\u00edgenas y comunidades nativas de Panam\u00e1 practican una sabidur\u00eda ancestral y se aferran a sus profundas expresiones culturales que disfrutan compartiendo con los visitantes, a la vez que transmiten a sus futuras generaciones. Visite a los ng\u00e4be en las altas monta\u00f1as, a los naso en la provincia de Bocas del Toro, a los embera-wounaan enclavados en lo profundo de la selva tropical o a los guna junto al mar Caribe. La influencia espa\u00f1ola en Panam\u00e1 es innegable. El traje nacional de Panam\u00e1, la pollerita, y las joyas doradas que lo acompa\u00f1an est\u00e1n influenciados por los antepasados espa\u00f1oles de la naci\u00f3n. El sombrero pintado, ejemplo del Patrimonio Cultural Inmaterial de la UNESCO, es otro accesorio que se remonta a los colonizadores espa\u00f1oles. Con la llegada de europeos, afrodescendientes, chinos y norteamericanos, el patrimonio del pa\u00eds se ha enriquecido y puede apreciarse en gran medida a trav\u00e9s de sus costumbres: m\u00fasica, gastronom\u00eda, arte y mucho m\u00e1s.<\/li><\/ul>\n\n\n\n<figure class=\"wp-block-image size-large\"><img decoding=\"async\" width=\"1024\" height=\"575\" data-src=\"https:\/\/www.lasrosas.com.ar\/portal\/wp-content\/uploads\/medium-Coiba-Island-Golfo-de-Chiriqui\u0301.jpg\" alt=\"\" class=\"wp-image-66259 lazyload\" data-srcset=\"https:\/\/www.lasrosas.com.ar\/portal\/wp-content\/uploads\/medium-Coiba-Island-Golfo-de-Chiriqui\u0301.jpg 1024w, https:\/\/www.lasrosas.com.ar\/portal\/wp-content\/uploads\/medium-Coiba-Island-Golfo-de-Chiriqui\u0301-960x539.jpg 960w\" data-sizes=\"(max-width: 1024px) 100vw, 1024px\" src=\"data:image\/svg+xml;base64,PHN2ZyB3aWR0aD0iMSIgaGVpZ2h0PSIxIiB4bWxucz0iaHR0cDovL3d3dy53My5vcmcvMjAwMC9zdmciPjwvc3ZnPg==\" style=\"--smush-placeholder-width: 1024px; --smush-placeholder-aspect-ratio: 1024\/575;\" \/><\/figure>\n\n\n\n<p>Para m\u00e1s informaci\u00f3n de prensa:\u00a0<br><a href=\"mailto:promtur.panama@sherlockcomms.com\">promtur.panama@sherlockcomms.com<\/a><\/p>\n<!-- AddThis Advanced Settings generic via filter on the_content --><!-- AddThis Share Buttons generic via filter on the_content -->","protected":false},"excerpt":{"rendered":"<p>El pa\u00eds\u00a0 se encuentra en la intersecci\u00f3n del Caribe y el Pac\u00edfico, y es un mix perfecto entre\u00a0 lo tradicional y lo moderno, lo cosmopolita y lo rural. Panam\u00e1 es un destino donde convergen personas, pasiones, paisajes, culturas y mundos; donde la celebraci\u00f3n de la diversidad, la sostenibilidad y la aventura son los objetivos principales. [&hellip;]<!-- AddThis Advanced Settings generic via filter on get_the_excerpt --><!-- AddThis Share Buttons generic via filter on get_the_excerpt --><\/p>\n","protected":false},"author":6,"featured_media":66260,"comment_status":"closed","ping_status":"open","sticky":false,"template":"","format":"standard","meta":{"_acf_changed":false,"om_disable_all_campaigns":false,"_monsterinsights_skip_tracking":false,"_monsterinsights_sitenote_active":false,"_monsterinsights_sitenote_note":"","_monsterinsights_sitenote_category":0,"_uf_show_specific_survey":0,"_uf_disable_surveys":false,"footnotes":""},"categories":[100,33],"tags":[],"class_list":["post-66257","post","type-post","status-publish","format-standard","has-post-thumbnail","hentry","category-noticias","category-las-rosas-trip"],"acf":[],"aioseo_notices":[],"_links":{"self":[{"href":"https:\/\/www.lasrosas.com.ar\/portal\/wp-json\/wp\/v2\/posts\/66257","targetHints":{"allow":["GET"]}}],"collection":[{"href":"https:\/\/www.lasrosas.com.ar\/portal\/wp-json\/wp\/v2\/posts"}],"about":[{"href":"https:\/\/www.lasrosas.com.ar\/portal\/wp-json\/wp\/v2\/types\/post"}],"author":[{"embeddable":true,"href":"https:\/\/www.lasrosas.com.ar\/portal\/wp-json\/wp\/v2\/users\/6"}],"replies":[{"embeddable":true,"href":"https:\/\/www.lasrosas.com.ar\/portal\/wp-json\/wp\/v2\/comments?post=66257"}],"version-history":[{"count":0,"href":"https:\/\/www.lasrosas.com.ar\/portal\/wp-json\/wp\/v2\/posts\/66257\/revisions"}],"wp:featuredmedia":[{"embeddable":true,"href":"https:\/\/www.lasrosas.com.ar\/portal\/wp-json\/wp\/v2\/media\/66260"}],"wp:attachment":[{"href":"https:\/\/www.lasrosas.com.ar\/portal\/wp-json\/wp\/v2\/media?parent=66257"}],"wp:term":[{"taxonomy":"category","embeddable":true,"href":"https:\/\/www.lasrosas.com.ar\/portal\/wp-json\/wp\/v2\/categories?post=66257"},{"taxonomy":"post_tag","embeddable":true,"href":"https:\/\/www.lasrosas.com.ar\/portal\/wp-json\/wp\/v2\/tags?post=66257"}],"curies":[{"name":"wp","href":"https:\/\/api.w.org\/{rel}","templated":true}]}}