{"id":66249,"date":"2023-05-09T11:05:53","date_gmt":"2023-05-09T14:05:53","guid":{"rendered":"https:\/\/www.lasrosas.com.ar\/portal\/?p=66249"},"modified":"2023-05-09T11:05:56","modified_gmt":"2023-05-09T14:05:56","slug":"miami-esta-de-moda","status":"publish","type":"post","link":"https:\/\/www.lasrosas.com.ar\/portal\/miami-esta-de-moda\/","title":{"rendered":"MIAMI ESTA DE MODA"},"content":{"rendered":"\n<p>El m\u00edtico ciclo de desfiles\nest\u00e1 de vuelta en la ciudad m\u00e1gica. El pasado\nmi\u00e9rcoles 3 de abril, el exclusivo restaurant ubicado en Brickell,\nCantina la 20, dio lugar\na la apertura de la temporada verano\n2023.<\/p>\n\n\n\n<p>En medio de un fashion show acorde al estilo del lugar, la velada estuvo marcada por la moda swimwear y reciclada de OKIMMI by Simid (@okimmibysimid), moda sostenible para el planeta. Aqua Mala (@aquamalaswimwear), sustainable techno-fabric de bikinis y bathingsuits y La Fin Du Monde (@lafindumonde.co) by @einathbach3. Este fue el primero, de una gran agenda 2023 que propone distintos shows con dise\u00f1adores emergentes y consagrados.<\/p>\n\n\n\n<figure class=\"wp-block-gallery columns-3 is-cropped wp-block-gallery-1 is-layout-flex wp-block-gallery-is-layout-flex\"><ul class=\"blocks-gallery-grid\"><li class=\"blocks-gallery-item\"><figure><img decoding=\"async\" width=\"854\" height=\"1280\" data-src=\"https:\/\/www.lasrosas.com.ar\/portal\/wp-content\/uploads\/WhatsApp-Image-2023-05-08-at-15.46.27-1.jpeg\" alt=\"\" data-id=\"66250\" data-full-url=\"https:\/\/www.lasrosas.com.ar\/portal\/wp-content\/uploads\/WhatsApp-Image-2023-05-08-at-15.46.27-1.jpeg\" data-link=\"https:\/\/www.lasrosas.com.ar\/portal\/?attachment_id=66250\" class=\"wp-image-66250 lazyload\" data-srcset=\"https:\/\/www.lasrosas.com.ar\/portal\/wp-content\/uploads\/WhatsApp-Image-2023-05-08-at-15.46.27-1.jpeg 854w, https:\/\/www.lasrosas.com.ar\/portal\/wp-content\/uploads\/WhatsApp-Image-2023-05-08-at-15.46.27-1-641x960.jpeg 641w\" data-sizes=\"(max-width: 854px) 100vw, 854px\" src=\"data:image\/svg+xml;base64,PHN2ZyB3aWR0aD0iMSIgaGVpZ2h0PSIxIiB4bWxucz0iaHR0cDovL3d3dy53My5vcmcvMjAwMC9zdmciPjwvc3ZnPg==\" style=\"--smush-placeholder-width: 854px; --smush-placeholder-aspect-ratio: 854\/1280;\" \/><\/figure><\/li><li class=\"blocks-gallery-item\"><figure><img decoding=\"async\" width=\"854\" height=\"1280\" data-src=\"https:\/\/www.lasrosas.com.ar\/portal\/wp-content\/uploads\/WhatsApp-Image-2023-05-08-at-15.46.27-2.jpeg\" alt=\"\" data-id=\"66251\" data-full-url=\"https:\/\/www.lasrosas.com.ar\/portal\/wp-content\/uploads\/WhatsApp-Image-2023-05-08-at-15.46.27-2.jpeg\" data-link=\"https:\/\/www.lasrosas.com.ar\/portal\/?attachment_id=66251\" class=\"wp-image-66251 lazyload\" data-srcset=\"https:\/\/www.lasrosas.com.ar\/portal\/wp-content\/uploads\/WhatsApp-Image-2023-05-08-at-15.46.27-2.jpeg 854w, https:\/\/www.lasrosas.com.ar\/portal\/wp-content\/uploads\/WhatsApp-Image-2023-05-08-at-15.46.27-2-641x960.jpeg 641w\" data-sizes=\"(max-width: 854px) 100vw, 854px\" src=\"data:image\/svg+xml;base64,PHN2ZyB3aWR0aD0iMSIgaGVpZ2h0PSIxIiB4bWxucz0iaHR0cDovL3d3dy53My5vcmcvMjAwMC9zdmciPjwvc3ZnPg==\" style=\"--smush-placeholder-width: 854px; --smush-placeholder-aspect-ratio: 854\/1280;\" \/><\/figure><\/li><li class=\"blocks-gallery-item\"><figure><img decoding=\"async\" width=\"1280\" height=\"854\" data-src=\"https:\/\/www.lasrosas.com.ar\/portal\/wp-content\/uploads\/WhatsApp-Image-2023-05-08-at-15.46.27-3.jpeg\" alt=\"\" data-id=\"66252\" data-full-url=\"https:\/\/www.lasrosas.com.ar\/portal\/wp-content\/uploads\/WhatsApp-Image-2023-05-08-at-15.46.27-3.jpeg\" data-link=\"https:\/\/www.lasrosas.com.ar\/portal\/?attachment_id=66252\" class=\"wp-image-66252 lazyload\" data-srcset=\"https:\/\/www.lasrosas.com.ar\/portal\/wp-content\/uploads\/WhatsApp-Image-2023-05-08-at-15.46.27-3.jpeg 1280w, https:\/\/www.lasrosas.com.ar\/portal\/wp-content\/uploads\/WhatsApp-Image-2023-05-08-at-15.46.27-3-960x641.jpeg 960w\" data-sizes=\"(max-width: 1280px) 100vw, 1280px\" src=\"data:image\/svg+xml;base64,PHN2ZyB3aWR0aD0iMSIgaGVpZ2h0PSIxIiB4bWxucz0iaHR0cDovL3d3dy53My5vcmcvMjAwMC9zdmciPjwvc3ZnPg==\" style=\"--smush-placeholder-width: 1280px; --smush-placeholder-aspect-ratio: 1280\/854;\" \/><\/figure><\/li><li class=\"blocks-gallery-item\"><figure><img decoding=\"async\" width=\"854\" height=\"1280\" data-src=\"https:\/\/www.lasrosas.com.ar\/portal\/wp-content\/uploads\/WhatsApp-Image-2023-05-08-at-15.46.27-4.jpeg\" alt=\"\" data-id=\"66253\" data-full-url=\"https:\/\/www.lasrosas.com.ar\/portal\/wp-content\/uploads\/WhatsApp-Image-2023-05-08-at-15.46.27-4.jpeg\" data-link=\"https:\/\/www.lasrosas.com.ar\/portal\/?attachment_id=66253\" class=\"wp-image-66253 lazyload\" data-srcset=\"https:\/\/www.lasrosas.com.ar\/portal\/wp-content\/uploads\/WhatsApp-Image-2023-05-08-at-15.46.27-4.jpeg 854w, https:\/\/www.lasrosas.com.ar\/portal\/wp-content\/uploads\/WhatsApp-Image-2023-05-08-at-15.46.27-4-641x960.jpeg 641w\" data-sizes=\"(max-width: 854px) 100vw, 854px\" src=\"data:image\/svg+xml;base64,PHN2ZyB3aWR0aD0iMSIgaGVpZ2h0PSIxIiB4bWxucz0iaHR0cDovL3d3dy53My5vcmcvMjAwMC9zdmciPjwvc3ZnPg==\" style=\"--smush-placeholder-width: 854px; --smush-placeholder-aspect-ratio: 854\/1280;\" \/><\/figure><\/li><li class=\"blocks-gallery-item\"><figure><img decoding=\"async\" width=\"1280\" height=\"854\" data-src=\"https:\/\/www.lasrosas.com.ar\/portal\/wp-content\/uploads\/WhatsApp-Image-2023-05-08-at-15.46.27.jpeg\" alt=\"\" data-id=\"66254\" data-full-url=\"https:\/\/www.lasrosas.com.ar\/portal\/wp-content\/uploads\/WhatsApp-Image-2023-05-08-at-15.46.27.jpeg\" data-link=\"https:\/\/www.lasrosas.com.ar\/portal\/?attachment_id=66254\" class=\"wp-image-66254 lazyload\" data-srcset=\"https:\/\/www.lasrosas.com.ar\/portal\/wp-content\/uploads\/WhatsApp-Image-2023-05-08-at-15.46.27.jpeg 1280w, https:\/\/www.lasrosas.com.ar\/portal\/wp-content\/uploads\/WhatsApp-Image-2023-05-08-at-15.46.27-960x641.jpeg 960w\" data-sizes=\"(max-width: 1280px) 100vw, 1280px\" src=\"data:image\/svg+xml;base64,PHN2ZyB3aWR0aD0iMSIgaGVpZ2h0PSIxIiB4bWxucz0iaHR0cDovL3d3dy53My5vcmcvMjAwMC9zdmciPjwvc3ZnPg==\" style=\"--smush-placeholder-width: 1280px; --smush-placeholder-aspect-ratio: 1280\/854;\" \/><\/figure><\/li><\/ul><\/figure>\n\n\n\n<p>El ciclo, que busca impulsar a\ndise\u00f1adores a mostrar sus colecciones, estuvo a cargo del fashion producer\nNicol\u00e1s Pesce Freijo\ny del referente en relaciones p\u00fablicas argentino, Gaby \u00c1lvarez.<\/p>\n<!-- AddThis Advanced Settings generic via filter on the_content --><!-- AddThis Share Buttons generic via filter on the_content -->","protected":false},"excerpt":{"rendered":"<p>El m\u00edtico ciclo de desfiles est\u00e1 de vuelta en la ciudad m\u00e1gica. El pasado mi\u00e9rcoles 3 de abril, el exclusivo restaurant ubicado en Brickell, Cantina la 20, dio lugar a la apertura de la temporada verano 2023. En medio de un fashion show acorde al estilo del lugar, la velada estuvo marcada por la moda [&hellip;]<!-- AddThis Advanced Settings generic via filter on get_the_excerpt --><!-- AddThis Share Buttons generic via filter on get_the_excerpt --><\/p>\n","protected":false},"author":6,"featured_media":66255,"comment_status":"closed","ping_status":"open","sticky":false,"template":"","format":"standard","meta":{"_acf_changed":false,"om_disable_all_campaigns":false,"_monsterinsights_skip_tracking":false,"_monsterinsights_sitenote_active":false,"_monsterinsights_sitenote_note":"","_monsterinsights_sitenote_category":0,"_uf_show_specific_survey":0,"_uf_disable_surveys":false,"footnotes":""},"categories":[100,30],"tags":[],"class_list":["post-66249","post","type-post","status-publish","format-standard","has-post-thumbnail","hentry","category-noticias","category-moda"],"acf":[],"aioseo_notices":[],"_links":{"self":[{"href":"https:\/\/www.lasrosas.com.ar\/portal\/wp-json\/wp\/v2\/posts\/66249","targetHints":{"allow":["GET"]}}],"collection":[{"href":"https:\/\/www.lasrosas.com.ar\/portal\/wp-json\/wp\/v2\/posts"}],"about":[{"href":"https:\/\/www.lasrosas.com.ar\/portal\/wp-json\/wp\/v2\/types\/post"}],"author":[{"embeddable":true,"href":"https:\/\/www.lasrosas.com.ar\/portal\/wp-json\/wp\/v2\/users\/6"}],"replies":[{"embeddable":true,"href":"https:\/\/www.lasrosas.com.ar\/portal\/wp-json\/wp\/v2\/comments?post=66249"}],"version-history":[{"count":0,"href":"https:\/\/www.lasrosas.com.ar\/portal\/wp-json\/wp\/v2\/posts\/66249\/revisions"}],"wp:featuredmedia":[{"embeddable":true,"href":"https:\/\/www.lasrosas.com.ar\/portal\/wp-json\/wp\/v2\/media\/66255"}],"wp:attachment":[{"href":"https:\/\/www.lasrosas.com.ar\/portal\/wp-json\/wp\/v2\/media?parent=66249"}],"wp:term":[{"taxonomy":"category","embeddable":true,"href":"https:\/\/www.lasrosas.com.ar\/portal\/wp-json\/wp\/v2\/categories?post=66249"},{"taxonomy":"post_tag","embeddable":true,"href":"https:\/\/www.lasrosas.com.ar\/portal\/wp-json\/wp\/v2\/tags?post=66249"}],"curies":[{"name":"wp","href":"https:\/\/api.w.org\/{rel}","templated":true}]}}