{"id":65875,"date":"2023-05-02T14:14:46","date_gmt":"2023-05-02T17:14:46","guid":{"rendered":"https:\/\/www.lasrosas.com.ar\/portal\/?p=65875"},"modified":"2023-05-02T14:20:19","modified_gmt":"2023-05-02T17:20:19","slug":"latinoamerica-brillo-en-la-alfombra-roja-mas-emblematica-del-ano-met-gala-2023-solo-por-e-entertainment","status":"publish","type":"post","link":"https:\/\/www.lasrosas.com.ar\/portal\/latinoamerica-brillo-en-la-alfombra-roja-mas-emblematica-del-ano-met-gala-2023-solo-por-e-entertainment\/","title":{"rendered":"LATINOAM\u00c9RICA BRILL\u00d3 EN LA ALFOMBRA ROJA M\u00c1S EMBLEM\u00c1TICA DEL A\u00d1O MET GALA 2023 SOLO POR E! ENTERTAINMENT"},"content":{"rendered":"\n<p>Este <strong>lunes 1\u00ba de mayo<\/strong> lleg\u00f3 la alfombra roja m\u00e1s importante para el mundo de la moda y como siempre <strong>E! Entertainment<\/strong> brind\u00f3 un acceso exclusivo y en primera fila completamente en VIVO de la alfombra roja y la llegada de todas las estrellas m\u00e1s importantes del momento.<\/p>\n\n\n\n<p>Los dise\u00f1adores dieron rienda suelta a su imaginaci\u00f3n para confeccionar los <em>outfits<\/em> m\u00e1s ic\u00f3nicos para las estrellas que desfilaron en la alfombra roja m\u00e1s influyente del <em>fashion system, <\/em>cuya inspiraci\u00f3n este a\u00f1o fue el concepto <em>Karl Lagerfeld, A Line of Beauty<\/em>. Los atuendos m\u00e1s espectaculares fueron revelados durante la transmisi\u00f3n, as\u00ed como las confesiones m\u00e1s \u00edntimas y emocionantes durante su llegada.<\/p>\n\n\n\n<p>El Museo Metropolitano de Arte de Nueva York una vez m\u00e1s despleg\u00f3 la alfombra roja para una nueva edici\u00f3n del Costume Institute del Metropolitan Museum of Art que lleg\u00f3 dedicada al legado de Karl Lagerfeld, bajo un <em>dress code <\/em>que prescribi\u00f3 <em>\u00abEn honor a Karl\u00bb.<\/em> El fallecido dise\u00f1ador dirigi\u00f3 las casas de moda de lujo m\u00e1s importantes del mundo a lo largo de su carrera, incluidas Balmain, Patou, Chlo\u00e9, Fendi, Chanel y su propia marca Karl Lagerfeld convirti\u00e9ndose en un \u00edcono que sin duda trascender\u00e1 por generaciones.<\/p>\n\n\n\n<p>La actriz espa\u00f1ola, <strong>Pen\u00e9lope Cruz<\/strong> (la primera representante de Espa\u00f1a en participar bajo ese rol) junto a <strong>Roger Federer, Dua Lipa <\/strong>y<strong> Michaela Coel <\/strong>fueron los grandes co-anfitriones junto a su organizadora, la ic\u00f3nica editora de moda, Anna Wintour.\u00a0<\/p>\n\n\n\n<figure class=\"wp-block-gallery columns-3 is-cropped wp-block-gallery-1 is-layout-flex wp-block-gallery-is-layout-flex\"><ul class=\"blocks-gallery-grid\"><li class=\"blocks-gallery-item\"><figure><img decoding=\"async\" width=\"972\" height=\"1464\" data-src=\"https:\/\/www.lasrosas.com.ar\/portal\/wp-content\/uploads\/WhatsApp-Image-2023-05-02-at-14.08.16.jpeg\" alt=\"\" data-id=\"65876\" data-full-url=\"https:\/\/www.lasrosas.com.ar\/portal\/wp-content\/uploads\/WhatsApp-Image-2023-05-02-at-14.08.16.jpeg\" data-link=\"https:\/\/www.lasrosas.com.ar\/portal\/?attachment_id=65876\" class=\"wp-image-65876 lazyload\" data-srcset=\"https:\/\/www.lasrosas.com.ar\/portal\/wp-content\/uploads\/WhatsApp-Image-2023-05-02-at-14.08.16.jpeg 972w, https:\/\/www.lasrosas.com.ar\/portal\/wp-content\/uploads\/WhatsApp-Image-2023-05-02-at-14.08.16-637x960.jpeg 637w\" data-sizes=\"(max-width: 972px) 100vw, 972px\" src=\"data:image\/svg+xml;base64,PHN2ZyB3aWR0aD0iMSIgaGVpZ2h0PSIxIiB4bWxucz0iaHR0cDovL3d3dy53My5vcmcvMjAwMC9zdmciPjwvc3ZnPg==\" style=\"--smush-placeholder-width: 972px; --smush-placeholder-aspect-ratio: 972\/1464;\" \/><\/figure><\/li><li class=\"blocks-gallery-item\"><figure><img decoding=\"async\" width=\"968\" height=\"1460\" data-src=\"https:\/\/www.lasrosas.com.ar\/portal\/wp-content\/uploads\/WhatsApp-Image-2023-05-02-at-14.08.15-3.jpeg\" alt=\"\" data-id=\"65877\" data-full-url=\"https:\/\/www.lasrosas.com.ar\/portal\/wp-content\/uploads\/WhatsApp-Image-2023-05-02-at-14.08.15-3.jpeg\" data-link=\"https:\/\/www.lasrosas.com.ar\/portal\/?attachment_id=65877\" class=\"wp-image-65877 lazyload\" data-srcset=\"https:\/\/www.lasrosas.com.ar\/portal\/wp-content\/uploads\/WhatsApp-Image-2023-05-02-at-14.08.15-3.jpeg 968w, https:\/\/www.lasrosas.com.ar\/portal\/wp-content\/uploads\/WhatsApp-Image-2023-05-02-at-14.08.15-3-636x960.jpeg 636w\" data-sizes=\"(max-width: 968px) 100vw, 968px\" src=\"data:image\/svg+xml;base64,PHN2ZyB3aWR0aD0iMSIgaGVpZ2h0PSIxIiB4bWxucz0iaHR0cDovL3d3dy53My5vcmcvMjAwMC9zdmciPjwvc3ZnPg==\" style=\"--smush-placeholder-width: 968px; --smush-placeholder-aspect-ratio: 968\/1460;\" \/><\/figure><\/li><li class=\"blocks-gallery-item\"><figure><img decoding=\"async\" width=\"934\" height=\"1402\" data-src=\"https:\/\/www.lasrosas.com.ar\/portal\/wp-content\/uploads\/WhatsApp-Image-2023-05-02-at-14.08.14-4.jpeg\" alt=\"\" data-id=\"65878\" data-full-url=\"https:\/\/www.lasrosas.com.ar\/portal\/wp-content\/uploads\/WhatsApp-Image-2023-05-02-at-14.08.14-4.jpeg\" data-link=\"https:\/\/www.lasrosas.com.ar\/portal\/?attachment_id=65878\" class=\"wp-image-65878 lazyload\" data-srcset=\"https:\/\/www.lasrosas.com.ar\/portal\/wp-content\/uploads\/WhatsApp-Image-2023-05-02-at-14.08.14-4.jpeg 934w, https:\/\/www.lasrosas.com.ar\/portal\/wp-content\/uploads\/WhatsApp-Image-2023-05-02-at-14.08.14-4-640x960.jpeg 640w\" data-sizes=\"(max-width: 934px) 100vw, 934px\" src=\"data:image\/svg+xml;base64,PHN2ZyB3aWR0aD0iMSIgaGVpZ2h0PSIxIiB4bWxucz0iaHR0cDovL3d3dy53My5vcmcvMjAwMC9zdmciPjwvc3ZnPg==\" style=\"--smush-placeholder-width: 934px; --smush-placeholder-aspect-ratio: 934\/1402;\" \/><\/figure><\/li><li class=\"blocks-gallery-item\"><figure><img decoding=\"async\" width=\"854\" height=\"1284\" data-src=\"https:\/\/www.lasrosas.com.ar\/portal\/wp-content\/uploads\/WhatsApp-Image-2023-05-02-at-14.08.15.jpeg\" alt=\"\" data-id=\"65881\" data-full-url=\"https:\/\/www.lasrosas.com.ar\/portal\/wp-content\/uploads\/WhatsApp-Image-2023-05-02-at-14.08.15.jpeg\" data-link=\"https:\/\/www.lasrosas.com.ar\/portal\/?attachment_id=65881\" class=\"wp-image-65881 lazyload\" data-srcset=\"https:\/\/www.lasrosas.com.ar\/portal\/wp-content\/uploads\/WhatsApp-Image-2023-05-02-at-14.08.15.jpeg 854w, https:\/\/www.lasrosas.com.ar\/portal\/wp-content\/uploads\/WhatsApp-Image-2023-05-02-at-14.08.15-639x960.jpeg 639w\" data-sizes=\"(max-width: 854px) 100vw, 854px\" src=\"data:image\/svg+xml;base64,PHN2ZyB3aWR0aD0iMSIgaGVpZ2h0PSIxIiB4bWxucz0iaHR0cDovL3d3dy53My5vcmcvMjAwMC9zdmciPjwvc3ZnPg==\" style=\"--smush-placeholder-width: 854px; --smush-placeholder-aspect-ratio: 854\/1284;\" \/><\/figure><\/li><li class=\"blocks-gallery-item\"><figure><img decoding=\"async\" width=\"932\" height=\"1402\" data-src=\"https:\/\/www.lasrosas.com.ar\/portal\/wp-content\/uploads\/WhatsApp-Image-2023-05-02-at-14.08.14.jpeg\" alt=\"\" data-id=\"65883\" data-full-url=\"https:\/\/www.lasrosas.com.ar\/portal\/wp-content\/uploads\/WhatsApp-Image-2023-05-02-at-14.08.14.jpeg\" data-link=\"https:\/\/www.lasrosas.com.ar\/portal\/?attachment_id=65883\" class=\"wp-image-65883 lazyload\" data-srcset=\"https:\/\/www.lasrosas.com.ar\/portal\/wp-content\/uploads\/WhatsApp-Image-2023-05-02-at-14.08.14.jpeg 932w, https:\/\/www.lasrosas.com.ar\/portal\/wp-content\/uploads\/WhatsApp-Image-2023-05-02-at-14.08.14-638x960.jpeg 638w\" data-sizes=\"(max-width: 932px) 100vw, 932px\" src=\"data:image\/svg+xml;base64,PHN2ZyB3aWR0aD0iMSIgaGVpZ2h0PSIxIiB4bWxucz0iaHR0cDovL3d3dy53My5vcmcvMjAwMC9zdmciPjwvc3ZnPg==\" style=\"--smush-placeholder-width: 932px; --smush-placeholder-aspect-ratio: 932\/1402;\" \/><\/figure><\/li><li class=\"blocks-gallery-item\"><figure><img decoding=\"async\" width=\"1080\" height=\"1350\" data-src=\"https:\/\/www.lasrosas.com.ar\/portal\/wp-content\/uploads\/WhatsApp-Image-2023-05-02-at-14.08.13-1.jpeg\" alt=\"\" data-id=\"65885\" data-full-url=\"https:\/\/www.lasrosas.com.ar\/portal\/wp-content\/uploads\/WhatsApp-Image-2023-05-02-at-14.08.13-1.jpeg\" data-link=\"https:\/\/www.lasrosas.com.ar\/portal\/?attachment_id=65885\" class=\"wp-image-65885 lazyload\" data-srcset=\"https:\/\/www.lasrosas.com.ar\/portal\/wp-content\/uploads\/WhatsApp-Image-2023-05-02-at-14.08.13-1.jpeg 1080w, https:\/\/www.lasrosas.com.ar\/portal\/wp-content\/uploads\/WhatsApp-Image-2023-05-02-at-14.08.13-1-768x960.jpeg 768w\" data-sizes=\"(max-width: 1080px) 100vw, 1080px\" src=\"data:image\/svg+xml;base64,PHN2ZyB3aWR0aD0iMSIgaGVpZ2h0PSIxIiB4bWxucz0iaHR0cDovL3d3dy53My5vcmcvMjAwMC9zdmciPjwvc3ZnPg==\" style=\"--smush-placeholder-width: 1080px; --smush-placeholder-aspect-ratio: 1080\/1350;\" \/><\/figure><\/li><li class=\"blocks-gallery-item\"><figure><img decoding=\"async\" width=\"934\" height=\"1406\" data-src=\"https:\/\/www.lasrosas.com.ar\/portal\/wp-content\/uploads\/WhatsApp-Image-2023-05-02-at-14.08.13.jpeg\" alt=\"\" data-id=\"65886\" data-full-url=\"https:\/\/www.lasrosas.com.ar\/portal\/wp-content\/uploads\/WhatsApp-Image-2023-05-02-at-14.08.13.jpeg\" data-link=\"https:\/\/www.lasrosas.com.ar\/portal\/?attachment_id=65886\" class=\"wp-image-65886 lazyload\" data-srcset=\"https:\/\/www.lasrosas.com.ar\/portal\/wp-content\/uploads\/WhatsApp-Image-2023-05-02-at-14.08.13.jpeg 934w, https:\/\/www.lasrosas.com.ar\/portal\/wp-content\/uploads\/WhatsApp-Image-2023-05-02-at-14.08.13-638x960.jpeg 638w\" data-sizes=\"(max-width: 934px) 100vw, 934px\" src=\"data:image\/svg+xml;base64,PHN2ZyB3aWR0aD0iMSIgaGVpZ2h0PSIxIiB4bWxucz0iaHR0cDovL3d3dy53My5vcmcvMjAwMC9zdmciPjwvc3ZnPg==\" style=\"--smush-placeholder-width: 934px; --smush-placeholder-aspect-ratio: 934\/1406;\" \/><\/figure><\/li><li class=\"blocks-gallery-item\"><figure><img decoding=\"async\" width=\"1170\" height=\"1457\" data-src=\"https:\/\/www.lasrosas.com.ar\/portal\/wp-content\/uploads\/WhatsApp-Image-2023-05-02-at-14.08.12.jpeg\" alt=\"\" data-id=\"65887\" data-full-url=\"https:\/\/www.lasrosas.com.ar\/portal\/wp-content\/uploads\/WhatsApp-Image-2023-05-02-at-14.08.12.jpeg\" data-link=\"https:\/\/www.lasrosas.com.ar\/portal\/?attachment_id=65887\" class=\"wp-image-65887 lazyload\" data-srcset=\"https:\/\/www.lasrosas.com.ar\/portal\/wp-content\/uploads\/WhatsApp-Image-2023-05-02-at-14.08.12.jpeg 1170w, https:\/\/www.lasrosas.com.ar\/portal\/wp-content\/uploads\/WhatsApp-Image-2023-05-02-at-14.08.12-771x960.jpeg 771w\" data-sizes=\"(max-width: 1170px) 100vw, 1170px\" src=\"data:image\/svg+xml;base64,PHN2ZyB3aWR0aD0iMSIgaGVpZ2h0PSIxIiB4bWxucz0iaHR0cDovL3d3dy53My5vcmcvMjAwMC9zdmciPjwvc3ZnPg==\" style=\"--smush-placeholder-width: 1170px; --smush-placeholder-aspect-ratio: 1170\/1457;\" \/><\/figure><\/li><li class=\"blocks-gallery-item\"><figure><img decoding=\"async\" width=\"1170\" height=\"1445\" data-src=\"https:\/\/www.lasrosas.com.ar\/portal\/wp-content\/uploads\/WhatsApp-Image-2023-05-02-at-2.08.12-PM.jpeg\" alt=\"\" data-id=\"65888\" data-full-url=\"https:\/\/www.lasrosas.com.ar\/portal\/wp-content\/uploads\/WhatsApp-Image-2023-05-02-at-2.08.12-PM.jpeg\" data-link=\"https:\/\/www.lasrosas.com.ar\/portal\/?attachment_id=65888\" class=\"wp-image-65888 lazyload\" data-srcset=\"https:\/\/www.lasrosas.com.ar\/portal\/wp-content\/uploads\/WhatsApp-Image-2023-05-02-at-2.08.12-PM.jpeg 1170w, https:\/\/www.lasrosas.com.ar\/portal\/wp-content\/uploads\/WhatsApp-Image-2023-05-02-at-2.08.12-PM-777x960.jpeg 777w\" data-sizes=\"(max-width: 1170px) 100vw, 1170px\" src=\"data:image\/svg+xml;base64,PHN2ZyB3aWR0aD0iMSIgaGVpZ2h0PSIxIiB4bWxucz0iaHR0cDovL3d3dy53My5vcmcvMjAwMC9zdmciPjwvc3ZnPg==\" style=\"--smush-placeholder-width: 1170px; --smush-placeholder-aspect-ratio: 1170\/1445;\" \/><\/figure><\/li><li class=\"blocks-gallery-item\"><figure><img decoding=\"async\" width=\"934\" height=\"1400\" data-src=\"https:\/\/www.lasrosas.com.ar\/portal\/wp-content\/uploads\/WhatsApp-Image-2023-05-02-at-2.08.11-PM.jpeg\" alt=\"\" data-id=\"65889\" data-full-url=\"https:\/\/www.lasrosas.com.ar\/portal\/wp-content\/uploads\/WhatsApp-Image-2023-05-02-at-2.08.11-PM.jpeg\" data-link=\"https:\/\/www.lasrosas.com.ar\/portal\/?attachment_id=65889\" class=\"wp-image-65889 lazyload\" data-srcset=\"https:\/\/www.lasrosas.com.ar\/portal\/wp-content\/uploads\/WhatsApp-Image-2023-05-02-at-2.08.11-PM.jpeg 934w, https:\/\/www.lasrosas.com.ar\/portal\/wp-content\/uploads\/WhatsApp-Image-2023-05-02-at-2.08.11-PM-640x960.jpeg 640w\" data-sizes=\"(max-width: 934px) 100vw, 934px\" src=\"data:image\/svg+xml;base64,PHN2ZyB3aWR0aD0iMSIgaGVpZ2h0PSIxIiB4bWxucz0iaHR0cDovL3d3dy53My5vcmcvMjAwMC9zdmciPjwvc3ZnPg==\" style=\"--smush-placeholder-width: 934px; --smush-placeholder-aspect-ratio: 934\/1400;\" \/><\/figure><\/li><\/ul><\/figure>\n\n\n\n<p>Latinoam\u00e9rica enalteci\u00f3 su gran talento con la participaci\u00f3n especial de <strong>Anitta, Bad Bunny, Maluma, Salma Hayek, Jennifer L\u00f3pez <\/strong>con un vestido blanco y rosa con una imponente capa larga de Ralph Lauren,<strong> Camila Morrone <\/strong>y la estrella favorita del momento el chileno<strong> Pedro Pascal<\/strong> quienes deslumbraron a todos con su entrada triunfal.<\/p>\n\n\n\n<p>Mientras que <strong>Rihanna<\/strong> en Valentino blanco, <strong>Jenna Ortega<\/strong> con look rom\u00e1ntico digno de Karl, Cardi B, <strong>Stella McCartney<\/strong>, <strong>Bradley Cooper<\/strong>, <strong>Priyanka Chopra Jonas <\/strong>y<strong> Nick Jonas<\/strong>, <strong>Anne Hathaway<\/strong>, <strong>Doja Cat<\/strong> en Oscar de la Renta, <strong>Billie Eilish<\/strong>, <strong>Jessica Chastain<\/strong> en Gucci,\u00a0<strong>Vanessa Hudgens<\/strong>, <strong>Gisele Bundchen<\/strong> en Chanel SS07 Couture, <strong>Sydney Sweeney <\/strong>en Miu Miu, <strong>Margot Robbie<\/strong> en Chanel, <strong>Lily Collins<\/strong>,\u00a0<strong>Kristen Stewart,\u00a0Emily Blunt, Dua Lipa<\/strong> en Chanel FW92 Couture, <strong>Nicole Kidman<\/strong> en Chanel,\u00a0<strong>Sienna Miller, Kim Kardashian,\u00a0Jared Leto<\/strong> quien rindi\u00f3 homenaje a Choupette, la famosa mascota de Karl Lagerfeld, con un look completamente disfrazado de gato, Naomi Campbell\u00a0y much\u00edsimas estrellas m\u00e1s brillaron haciendo homenaje al legendario dise\u00f1ador.<\/p>\n<!-- AddThis Advanced Settings generic via filter on the_content --><!-- AddThis Share Buttons generic via filter on the_content -->","protected":false},"excerpt":{"rendered":"<p>Este lunes 1\u00ba de mayo lleg\u00f3 la alfombra roja m\u00e1s importante para el mundo de la moda y como siempre E! Entertainment brind\u00f3 un acceso exclusivo y en primera fila completamente en VIVO de la alfombra roja y la llegada de todas las estrellas m\u00e1s importantes del momento. Los dise\u00f1adores dieron rienda suelta a su [&hellip;]<!-- AddThis Advanced Settings generic via filter on get_the_excerpt --><!-- AddThis Share Buttons generic via filter on get_the_excerpt --><\/p>\n","protected":false},"author":6,"featured_media":65884,"comment_status":"closed","ping_status":"open","sticky":false,"template":"","format":"standard","meta":{"_acf_changed":false,"om_disable_all_campaigns":false,"_monsterinsights_skip_tracking":false,"_monsterinsights_sitenote_active":false,"_monsterinsights_sitenote_note":"","_monsterinsights_sitenote_category":0,"_uf_show_specific_survey":0,"_uf_disable_surveys":false,"footnotes":""},"categories":[234,100,30],"tags":[],"class_list":["post-65875","post","type-post","status-publish","format-standard","has-post-thumbnail","hentry","category-trend","category-noticias","category-moda"],"acf":[],"aioseo_notices":[],"_links":{"self":[{"href":"https:\/\/www.lasrosas.com.ar\/portal\/wp-json\/wp\/v2\/posts\/65875","targetHints":{"allow":["GET"]}}],"collection":[{"href":"https:\/\/www.lasrosas.com.ar\/portal\/wp-json\/wp\/v2\/posts"}],"about":[{"href":"https:\/\/www.lasrosas.com.ar\/portal\/wp-json\/wp\/v2\/types\/post"}],"author":[{"embeddable":true,"href":"https:\/\/www.lasrosas.com.ar\/portal\/wp-json\/wp\/v2\/users\/6"}],"replies":[{"embeddable":true,"href":"https:\/\/www.lasrosas.com.ar\/portal\/wp-json\/wp\/v2\/comments?post=65875"}],"version-history":[{"count":0,"href":"https:\/\/www.lasrosas.com.ar\/portal\/wp-json\/wp\/v2\/posts\/65875\/revisions"}],"wp:featuredmedia":[{"embeddable":true,"href":"https:\/\/www.lasrosas.com.ar\/portal\/wp-json\/wp\/v2\/media\/65884"}],"wp:attachment":[{"href":"https:\/\/www.lasrosas.com.ar\/portal\/wp-json\/wp\/v2\/media?parent=65875"}],"wp:term":[{"taxonomy":"category","embeddable":true,"href":"https:\/\/www.lasrosas.com.ar\/portal\/wp-json\/wp\/v2\/categories?post=65875"},{"taxonomy":"post_tag","embeddable":true,"href":"https:\/\/www.lasrosas.com.ar\/portal\/wp-json\/wp\/v2\/tags?post=65875"}],"curies":[{"name":"wp","href":"https:\/\/api.w.org\/{rel}","templated":true}]}}