{"id":65763,"date":"2023-04-28T18:27:12","date_gmt":"2023-04-28T21:27:12","guid":{"rendered":"https:\/\/www.lasrosas.com.ar\/portal\/?p=65763"},"modified":"2023-04-28T18:27:15","modified_gmt":"2023-04-28T21:27:15","slug":"edad-biologica-esta-demostrado-que-es-posible-retrasarla","status":"publish","type":"post","link":"https:\/\/www.lasrosas.com.ar\/portal\/edad-biologica-esta-demostrado-que-es-posible-retrasarla\/","title":{"rendered":"Edad biol\u00f3gica: est\u00e1 demostrado que es posible retrasarla"},"content":{"rendered":"\n<p>En Argentina ya hay casos que dan cuenta de los avances en la materia. El Ing. Miguel Can\u00e9, es uno de ellos.<\/p>\n\n\n\n<p>La edad biol\u00f3gica es un indicador de la edad de las c\u00e9lulas que puede servir para conocer el estado real del cuerpo. No podemos detener el paso del tiempo, sin embargo, todo parece indicar que s\u00ed es posible detener los pasos que nuestro cuerpo y mente van dando en el tiempo ya que la edad biol\u00f3gica puede variar considerablemente seg\u00fan la gen\u00e9tica y el estilo de vida que adopte cada individuo.<\/p>\n\n\n\n<p>Tener buenos h\u00e1bitos de vida significa revitalizar y equilibrar el sistema inmunol\u00f3gico y la funci\u00f3n metab\u00f3lica, dando importancia a cinco pilares fundamentales: La calidad de calor\u00edas y no solo la cantidad que ingerimos (s\u00f3lidos y l\u00edquidos) , la pr\u00e1ctica de actividades f\u00edsicas, mantener bajo control el nivel de estr\u00e9s, evitar el consumo de f\u00e1rmacos (sobre todo de auto prescripci\u00f3n) y un descanso saludable, sin necesidad de ansiol\u00edticos. <br><\/p>\n\n\n\n<figure class=\"wp-block-gallery columns-3 is-cropped wp-block-gallery-1 is-layout-flex wp-block-gallery-is-layout-flex\"><ul class=\"blocks-gallery-grid\"><li class=\"blocks-gallery-item\"><figure><img decoding=\"async\" width=\"1024\" height=\"576\" data-src=\"https:\/\/www.lasrosas.com.ar\/portal\/wp-content\/uploads\/C8803CA8-92E1-4562-BB6B-1A9BB1485250.jpeg\" alt=\"\" data-id=\"65764\" data-full-url=\"https:\/\/www.lasrosas.com.ar\/portal\/wp-content\/uploads\/C8803CA8-92E1-4562-BB6B-1A9BB1485250.jpeg\" data-link=\"https:\/\/www.lasrosas.com.ar\/portal\/?attachment_id=65764\" class=\"wp-image-65764 lazyload\" data-srcset=\"https:\/\/www.lasrosas.com.ar\/portal\/wp-content\/uploads\/C8803CA8-92E1-4562-BB6B-1A9BB1485250.jpeg 1024w, https:\/\/www.lasrosas.com.ar\/portal\/wp-content\/uploads\/C8803CA8-92E1-4562-BB6B-1A9BB1485250-960x540.jpeg 960w\" data-sizes=\"(max-width: 1024px) 100vw, 1024px\" src=\"data:image\/svg+xml;base64,PHN2ZyB3aWR0aD0iMSIgaGVpZ2h0PSIxIiB4bWxucz0iaHR0cDovL3d3dy53My5vcmcvMjAwMC9zdmciPjwvc3ZnPg==\" style=\"--smush-placeholder-width: 1024px; --smush-placeholder-aspect-ratio: 1024\/576;\" \/><\/figure><\/li><li class=\"blocks-gallery-item\"><figure><img decoding=\"async\" width=\"643\" height=\"1024\" data-src=\"https:\/\/www.lasrosas.com.ar\/portal\/wp-content\/uploads\/48070769-DBBE-4658-B8AE-586118DC5B6A.jpeg\" alt=\"\" data-id=\"65765\" data-full-url=\"https:\/\/www.lasrosas.com.ar\/portal\/wp-content\/uploads\/48070769-DBBE-4658-B8AE-586118DC5B6A.jpeg\" data-link=\"https:\/\/www.lasrosas.com.ar\/portal\/?attachment_id=65765\" class=\"wp-image-65765 lazyload\" data-srcset=\"https:\/\/www.lasrosas.com.ar\/portal\/wp-content\/uploads\/48070769-DBBE-4658-B8AE-586118DC5B6A.jpeg 643w, https:\/\/www.lasrosas.com.ar\/portal\/wp-content\/uploads\/48070769-DBBE-4658-B8AE-586118DC5B6A-603x960.jpeg 603w\" data-sizes=\"(max-width: 643px) 100vw, 643px\" src=\"data:image\/svg+xml;base64,PHN2ZyB3aWR0aD0iMSIgaGVpZ2h0PSIxIiB4bWxucz0iaHR0cDovL3d3dy53My5vcmcvMjAwMC9zdmciPjwvc3ZnPg==\" style=\"--smush-placeholder-width: 643px; --smush-placeholder-aspect-ratio: 643\/1024;\" \/><\/figure><\/li><li class=\"blocks-gallery-item\"><figure><img decoding=\"async\" width=\"576\" height=\"1024\" data-src=\"https:\/\/www.lasrosas.com.ar\/portal\/wp-content\/uploads\/A86784B0-DED5-4739-95CD-516A71863083.jpeg\" alt=\"\" data-id=\"65766\" data-full-url=\"https:\/\/www.lasrosas.com.ar\/portal\/wp-content\/uploads\/A86784B0-DED5-4739-95CD-516A71863083.jpeg\" data-link=\"https:\/\/www.lasrosas.com.ar\/portal\/?attachment_id=65766\" class=\"wp-image-65766 lazyload\" data-srcset=\"https:\/\/www.lasrosas.com.ar\/portal\/wp-content\/uploads\/A86784B0-DED5-4739-95CD-516A71863083.jpeg 576w, https:\/\/www.lasrosas.com.ar\/portal\/wp-content\/uploads\/A86784B0-DED5-4739-95CD-516A71863083-540x960.jpeg 540w\" data-sizes=\"(max-width: 576px) 100vw, 576px\" src=\"data:image\/svg+xml;base64,PHN2ZyB3aWR0aD0iMSIgaGVpZ2h0PSIxIiB4bWxucz0iaHR0cDovL3d3dy53My5vcmcvMjAwMC9zdmciPjwvc3ZnPg==\" style=\"--smush-placeholder-width: 576px; --smush-placeholder-aspect-ratio: 576\/1024;\" \/><\/figure><\/li><\/ul><\/figure>\n\n\n\n<p>Aplicar esta f\u00f3rmula no es magia. Es constancia y h\u00e1bito, y en Argentina hay casos que pueden demostrar el \u00e9xito. Uno de ellos es el de Miguel Can\u00e9 ,Director General de La Posada del Qenti, quien decidi\u00f3 ajustar sus h\u00e1bitos de vida y disminuir su intenso ritmo empresarial que a lo largo de 50 a\u00f1os lo mantuvo a la vanguardia en el mundo empresarial ydirectivo(deC\u00e1marasdelsector delastelecomunicacionesydelTurismoM\u00e9dico)quele fueron provocando, junto al nivel de incertidumbre que sufrimos , diversos malestares a su salud que dejaba siempre para atender m\u00e1s adelante.<\/p>\n\n\n\n<p>Frente a esta realidad, y ya con algunos problemas y un incidente cardiaco en los EEUU en enero del 2022, Can\u00e9 decidi\u00f3 someterse a un plan personalizado de salud con el Equipo Multidisciplinario de profesionales de su establecimiento y comenzar un tratamiento riguroso. Prob\u00f3 de su propia medicina y hoy los resultados sorprenden: Can\u00e9 adem\u00e1s de reforzar sus buenos h\u00e1bitos de vida, incorpor\u00f3 adicionalmente a su plan , una terapia que se basa en el aporte de peptonas, que act\u00faan como \u00abnutrientes celulares\u00bb. Este tratamiento, usado frecuentemente en Suiza, Francia , Alemania y otros pa\u00edses l\u00edderes en medicina preventiva y de antienvejecimiento, consiste en ir incorporando estos nutrientes al tejido correspondiente y estimular biol\u00f3gicamente las c\u00e9lulas logrando de esta manera mejorar la edad biol\u00f3gica del organismo.<br><br>Mala alimentaci\u00f3n, tabaquismo, estr\u00e9s, poluci\u00f3n ambiental y otras patolog\u00edas y disfunciones pueden tratarse con esta terapia que act\u00faa como un excelente complemento de terapias al\u00f3patas. Pero tal como se\u00f1ala el director m\u00e9dico de la posada del Qenti, Dr. Christian Leiva, \u201ces necesario un compromiso que permita el seguimiento y control para lograr los resultados esperados\u201d.<\/p>\n\n\n\n<figure class=\"wp-block-gallery columns-2 is-cropped wp-block-gallery-2 is-layout-flex wp-block-gallery-is-layout-flex\"><ul class=\"blocks-gallery-grid\"><li class=\"blocks-gallery-item\"><figure><img decoding=\"async\" width=\"1024\" height=\"576\" data-src=\"https:\/\/www.lasrosas.com.ar\/portal\/wp-content\/uploads\/5326D2E2-14D9-4D93-9D86-A6F2A860EC48.jpeg\" alt=\"\" data-id=\"65767\" data-full-url=\"https:\/\/www.lasrosas.com.ar\/portal\/wp-content\/uploads\/5326D2E2-14D9-4D93-9D86-A6F2A860EC48.jpeg\" data-link=\"https:\/\/www.lasrosas.com.ar\/portal\/?attachment_id=65767\" class=\"wp-image-65767 lazyload\" data-srcset=\"https:\/\/www.lasrosas.com.ar\/portal\/wp-content\/uploads\/5326D2E2-14D9-4D93-9D86-A6F2A860EC48.jpeg 1024w, https:\/\/www.lasrosas.com.ar\/portal\/wp-content\/uploads\/5326D2E2-14D9-4D93-9D86-A6F2A860EC48-960x540.jpeg 960w\" data-sizes=\"(max-width: 1024px) 100vw, 1024px\" src=\"data:image\/svg+xml;base64,PHN2ZyB3aWR0aD0iMSIgaGVpZ2h0PSIxIiB4bWxucz0iaHR0cDovL3d3dy53My5vcmcvMjAwMC9zdmciPjwvc3ZnPg==\" style=\"--smush-placeholder-width: 1024px; --smush-placeholder-aspect-ratio: 1024\/576;\" \/><\/figure><\/li><li class=\"blocks-gallery-item\"><figure><img decoding=\"async\" width=\"1024\" height=\"625\" data-src=\"https:\/\/www.lasrosas.com.ar\/portal\/wp-content\/uploads\/A2492BDC-D43D-43D5-A220-5FF1C13CC910.jpeg\" alt=\"\" data-id=\"65768\" data-full-url=\"https:\/\/www.lasrosas.com.ar\/portal\/wp-content\/uploads\/A2492BDC-D43D-43D5-A220-5FF1C13CC910.jpeg\" data-link=\"https:\/\/www.lasrosas.com.ar\/portal\/?attachment_id=65768\" class=\"wp-image-65768 lazyload\" data-srcset=\"https:\/\/www.lasrosas.com.ar\/portal\/wp-content\/uploads\/A2492BDC-D43D-43D5-A220-5FF1C13CC910.jpeg 1024w, https:\/\/www.lasrosas.com.ar\/portal\/wp-content\/uploads\/A2492BDC-D43D-43D5-A220-5FF1C13CC910-960x586.jpeg 960w\" data-sizes=\"(max-width: 1024px) 100vw, 1024px\" src=\"data:image\/svg+xml;base64,PHN2ZyB3aWR0aD0iMSIgaGVpZ2h0PSIxIiB4bWxucz0iaHR0cDovL3d3dy53My5vcmcvMjAwMC9zdmciPjwvc3ZnPg==\" style=\"--smush-placeholder-width: 1024px; --smush-placeholder-aspect-ratio: 1024\/625;\" \/><\/figure><\/li><\/ul><\/figure>\n\n\n\n<p><strong>Un rejuvenecimiento REAL<\/strong> <\/p>\n\n\n\n<p>\u201cMiguel es muy especial, con conciencia, actitud y aptitud logr\u00f3 mejorar sustancialmente sus \u00edndices de masa muscular y postura corporal, \u00edndice de glucemia y funcionamiento general de sus \u00f3rganos que hoy corresponden a una persona de 65 a\u00f1os\u201d indic\u00f3 Christian quien explic\u00f3 adem\u00e1s que \u201cen la actualidad, los controles peri\u00f3dicos de Can\u00e9 y un estilo de vida adaptado a sus obligaciones le permiten mostrar una edad biol\u00f3gica admirable\u201d. <\/p>\n\n\n\n<p>Detener el paso del tiempo, o ralentizarlo, ha sido desde el principio de todos los tiempos un tema con el cual han fantaseado diversas culturas. En la actualidad, la edad biol\u00f3gica ya se ha podido revertir .<br><br>Los cient\u00edficos afirman que ya estamos con programas de antienvejecimiento REAL.<br>El ejemplo del Ing. Can\u00e9 nos permite pensar que reducir nuestra edad biol\u00f3gica ya es una realidad concreta. <\/p>\n<!-- AddThis Advanced Settings generic via filter on the_content --><!-- AddThis Share Buttons generic via filter on the_content -->","protected":false},"excerpt":{"rendered":"<p>En Argentina ya hay casos que dan cuenta de los avances en la materia. El Ing. Miguel Can\u00e9, es uno de ellos. La edad biol\u00f3gica es un indicador de la edad de las c\u00e9lulas que puede servir para conocer el estado real del cuerpo. No podemos detener el paso del tiempo, sin embargo, todo parece [&hellip;]<!-- AddThis Advanced Settings generic via filter on get_the_excerpt --><!-- AddThis Share Buttons generic via filter on get_the_excerpt --><\/p>\n","protected":false},"author":6,"featured_media":65769,"comment_status":"closed","ping_status":"open","sticky":false,"template":"","format":"standard","meta":{"_acf_changed":false,"om_disable_all_campaigns":false,"_monsterinsights_skip_tracking":false,"_monsterinsights_sitenote_active":false,"_monsterinsights_sitenote_note":"","_monsterinsights_sitenote_category":0,"_uf_show_specific_survey":0,"_uf_disable_surveys":false,"footnotes":""},"categories":[376,100],"tags":[],"class_list":["post-65763","post","type-post","status-publish","format-standard","has-post-thumbnail","hentry","category-lifestyle","category-noticias"],"acf":[],"aioseo_notices":[],"_links":{"self":[{"href":"https:\/\/www.lasrosas.com.ar\/portal\/wp-json\/wp\/v2\/posts\/65763","targetHints":{"allow":["GET"]}}],"collection":[{"href":"https:\/\/www.lasrosas.com.ar\/portal\/wp-json\/wp\/v2\/posts"}],"about":[{"href":"https:\/\/www.lasrosas.com.ar\/portal\/wp-json\/wp\/v2\/types\/post"}],"author":[{"embeddable":true,"href":"https:\/\/www.lasrosas.com.ar\/portal\/wp-json\/wp\/v2\/users\/6"}],"replies":[{"embeddable":true,"href":"https:\/\/www.lasrosas.com.ar\/portal\/wp-json\/wp\/v2\/comments?post=65763"}],"version-history":[{"count":0,"href":"https:\/\/www.lasrosas.com.ar\/portal\/wp-json\/wp\/v2\/posts\/65763\/revisions"}],"wp:featuredmedia":[{"embeddable":true,"href":"https:\/\/www.lasrosas.com.ar\/portal\/wp-json\/wp\/v2\/media\/65769"}],"wp:attachment":[{"href":"https:\/\/www.lasrosas.com.ar\/portal\/wp-json\/wp\/v2\/media?parent=65763"}],"wp:term":[{"taxonomy":"category","embeddable":true,"href":"https:\/\/www.lasrosas.com.ar\/portal\/wp-json\/wp\/v2\/categories?post=65763"},{"taxonomy":"post_tag","embeddable":true,"href":"https:\/\/www.lasrosas.com.ar\/portal\/wp-json\/wp\/v2\/tags?post=65763"}],"curies":[{"name":"wp","href":"https:\/\/api.w.org\/{rel}","templated":true}]}}