{"id":65755,"date":"2023-04-28T11:53:58","date_gmt":"2023-04-28T14:53:58","guid":{"rendered":"https:\/\/www.lasrosas.com.ar\/portal\/?p=65755"},"modified":"2023-04-28T11:54:00","modified_gmt":"2023-04-28T14:54:00","slug":"llega-la-alfombra-roja-mas-emblematica-del-ano-met-gala-2023-solo-por-e-entertainment-2","status":"publish","type":"post","link":"https:\/\/www.lasrosas.com.ar\/portal\/llega-la-alfombra-roja-mas-emblematica-del-ano-met-gala-2023-solo-por-e-entertainment-2\/","title":{"rendered":"LLEGA LA ALFOMBRA ROJA M\u00c1S EMBLEM\u00c1TICA DEL A\u00d1O MET GALA 2023 SOLO POR E! ENTERTAINMENT"},"content":{"rendered":"\n<p>El <strong>lunes 1\u00ba de mayo<\/strong> llega la alfombra roja m\u00e1s importante para el mundo de la moda y como siempre <strong>E! Entertainment<\/strong> brindar\u00e1 un acceso exclusivo y en primera fila completamente en VIVO de la alfombra roja y la llegada de todas las estrellas m\u00e1s importantes del momento <strong>\u201cLive from E!: Met Gala 2023\u201d <\/strong>a partir de las <strong>5PM ANDES, 4PM MEX, 7PM ARG\/ BRA.<\/strong><\/p>\n\n\n\n<p>Los dise\u00f1adores dan rienda suelta a su imaginaci\u00f3n para confeccionar los <em>outfits<\/em> m\u00e1s ic\u00f3nicos para las estrellas que desfilar\u00e1n en la alfombra roja m\u00e1s influyente del <em>fashion system, <\/em>cuya inspiraci\u00f3n ser\u00e1 este a\u00f1o el concepto <em>Karl Lagerfeld, A Line of Beauty<\/em>. Los atuendos m\u00e1s espectaculares ser\u00e1n revelados durante la transmisi\u00f3n, as\u00ed como las confesiones m\u00e1s \u00edntimas y emocionantes durante su llegada.<\/p>\n\n\n\n<figure class=\"wp-block-gallery columns-1 is-cropped wp-block-gallery-1 is-layout-flex wp-block-gallery-is-layout-flex\"><ul class=\"blocks-gallery-grid\"><li class=\"blocks-gallery-item\"><figure><img decoding=\"async\" width=\"1920\" height=\"1281\" data-src=\"https:\/\/www.lasrosas.com.ar\/portal\/wp-content\/uploads\/LFE-MET-GALA-5.jpeg\" alt=\"\" data-id=\"65756\" data-full-url=\"https:\/\/www.lasrosas.com.ar\/portal\/wp-content\/uploads\/LFE-MET-GALA-5.jpeg\" data-link=\"https:\/\/www.lasrosas.com.ar\/portal\/?attachment_id=65756\" class=\"wp-image-65756 lazyload\" data-srcset=\"https:\/\/www.lasrosas.com.ar\/portal\/wp-content\/uploads\/LFE-MET-GALA-5.jpeg 1920w, https:\/\/www.lasrosas.com.ar\/portal\/wp-content\/uploads\/LFE-MET-GALA-5-960x641.jpeg 960w, https:\/\/www.lasrosas.com.ar\/portal\/wp-content\/uploads\/LFE-MET-GALA-5-1536x1025.jpeg 1536w\" data-sizes=\"(max-width: 1920px) 100vw, 1920px\" src=\"data:image\/svg+xml;base64,PHN2ZyB3aWR0aD0iMSIgaGVpZ2h0PSIxIiB4bWxucz0iaHR0cDovL3d3dy53My5vcmcvMjAwMC9zdmciPjwvc3ZnPg==\" style=\"--smush-placeholder-width: 1920px; --smush-placeholder-aspect-ratio: 1920\/1281;\" \/><\/figure><\/li><\/ul><\/figure>\n\n\n\n<p><strong>\u00bfCU\u00c1L SER\u00c1 LA TEM\u00c1TICA DE ESTA EDICI\u00d3N?<\/strong><\/p>\n\n\n\n<p>El Museo Metropolitano de Arte de Nueva York se prepara para desplegar la alfombra roja para una nueva edici\u00f3n del Costume Institute del Metropolitan Museum of Art que llega dedicada al legado de Karl Lagerfeld, bajo un <em>dress code <\/em>que prescribe <em>\u00abEn honor a Karl\u00bb.<\/em> El fallecido dise\u00f1ador dirigi\u00f3 las casas de moda de lujo m\u00e1s importantes del mundo a lo largo de su carrera, incluidas Balmain, Patou, Chlo\u00e9, Fendi, Chanel y su propia marca Karl Lagerfeld convirti\u00e9ndose en un \u00edcono que sin duda trascender\u00e1 por generaciones.<\/p>\n\n\n\n<p><strong>\u00bfQUI\u00c9NES SER\u00c1N LOS CO-ANFITRIONES DE ESTA EDICI\u00d3N 2023?<\/strong><\/p>\n\n\n\n<p>La actriz espa\u00f1ola, <strong>Pen\u00e9lope Cruz<\/strong> (la primera representante de Espa\u00f1a en participar bajo ese rol) junto a <strong>Roger Federer, Dua Lipa <\/strong>y<strong> Michaela Coel <\/strong>ser\u00e1n los grandes co-anfitriones junto a su organizadora, la ic\u00f3nica editora de moda, Anna Wintour.\u00a0<\/p>\n\n\n\n<p><strong>\u00bfQUI\u00c9NE SER\u00c1N LAS ESTRELLAS QUE HAR\u00c1N SU ENTRADA TRIUNFAL?<\/strong><\/p>\n\n\n\n<p>Los nombres de los invitados no son revelados hasta la fecha del evento, pero se estima que Kim Kardashian, Sarah Jessica Parker, Jennifer Lopez, Blake Lively y Rihanna asistir\u00e1n este a\u00f1o como invitadas recurrentes.<\/p>\n\n\n\n<figure class=\"wp-block-gallery columns-2 is-cropped wp-block-gallery-2 is-layout-flex wp-block-gallery-is-layout-flex\"><ul class=\"blocks-gallery-grid\"><li class=\"blocks-gallery-item\"><figure><img decoding=\"async\" width=\"1280\" height=\"1920\" data-src=\"https:\/\/www.lasrosas.com.ar\/portal\/wp-content\/uploads\/LFE-MET-GALA-4-1280x1920.jpeg\" alt=\"\" data-id=\"65757\" data-full-url=\"https:\/\/www.lasrosas.com.ar\/portal\/wp-content\/uploads\/LFE-MET-GALA-4-scaled.jpeg\" data-link=\"https:\/\/www.lasrosas.com.ar\/portal\/?attachment_id=65757\" class=\"wp-image-65757 lazyload\" data-srcset=\"https:\/\/www.lasrosas.com.ar\/portal\/wp-content\/uploads\/LFE-MET-GALA-4-1280x1920.jpeg 1280w, https:\/\/www.lasrosas.com.ar\/portal\/wp-content\/uploads\/LFE-MET-GALA-4-640x960.jpeg 640w, https:\/\/www.lasrosas.com.ar\/portal\/wp-content\/uploads\/LFE-MET-GALA-4-1024x1536.jpeg 1024w, https:\/\/www.lasrosas.com.ar\/portal\/wp-content\/uploads\/LFE-MET-GALA-4-scaled.jpeg 1365w\" data-sizes=\"(max-width: 1280px) 100vw, 1280px\" src=\"data:image\/svg+xml;base64,PHN2ZyB3aWR0aD0iMSIgaGVpZ2h0PSIxIiB4bWxucz0iaHR0cDovL3d3dy53My5vcmcvMjAwMC9zdmciPjwvc3ZnPg==\" style=\"--smush-placeholder-width: 1280px; --smush-placeholder-aspect-ratio: 1280\/1920;\" \/><\/figure><\/li><li class=\"blocks-gallery-item\"><figure><img decoding=\"async\" width=\"1280\" height=\"1920\" data-src=\"https:\/\/www.lasrosas.com.ar\/portal\/wp-content\/uploads\/LFE-MET-GALA-19-1280x1920.jpeg\" alt=\"\" data-id=\"65758\" data-full-url=\"https:\/\/www.lasrosas.com.ar\/portal\/wp-content\/uploads\/LFE-MET-GALA-19-scaled.jpeg\" data-link=\"https:\/\/www.lasrosas.com.ar\/portal\/?attachment_id=65758\" class=\"wp-image-65758 lazyload\" data-srcset=\"https:\/\/www.lasrosas.com.ar\/portal\/wp-content\/uploads\/LFE-MET-GALA-19-1280x1920.jpeg 1280w, https:\/\/www.lasrosas.com.ar\/portal\/wp-content\/uploads\/LFE-MET-GALA-19-640x960.jpeg 640w, https:\/\/www.lasrosas.com.ar\/portal\/wp-content\/uploads\/LFE-MET-GALA-19-1024x1536.jpeg 1024w, https:\/\/www.lasrosas.com.ar\/portal\/wp-content\/uploads\/LFE-MET-GALA-19-scaled.jpeg 1365w\" data-sizes=\"(max-width: 1280px) 100vw, 1280px\" src=\"data:image\/svg+xml;base64,PHN2ZyB3aWR0aD0iMSIgaGVpZ2h0PSIxIiB4bWxucz0iaHR0cDovL3d3dy53My5vcmcvMjAwMC9zdmciPjwvc3ZnPg==\" style=\"--smush-placeholder-width: 1280px; --smush-placeholder-aspect-ratio: 1280\/1920;\" \/><\/figure><\/li><\/ul><\/figure>\n\n\n\n<p><strong>7 CURIOSIDADES QUE NO SAB\u00cdAS SOBRE KARL LAGERFELD, EL ICONO DE INSPIRACI\u00d3N DE EST\u00c1 NUEVA ALFOMBRA ROJA MET GALA 2023<\/strong><\/p>\n\n\n\n<ol class=\"wp-block-list\"><li><strong>SU NOMBRE REAL:<\/strong> Karl era muy particular con sus datos personales, es bien sabido que&nbsp;durante mucho tiempo nadie sab\u00eda su verdadera edad, hasta que varios medios buscaron su acta de nacimiento: naci\u00f3 el&nbsp;10 de septiembre de 1933. Al mismo tiempo, se supo que su verdadero nombre era&nbsp;\u00abKarl Otto Lagerfeldt\u00bb.&nbsp;Tiempo despu\u00e9s le&nbsp;quit\u00f3 la letra \u00abt\u00bb a su nombre porque pensaba que sonaba mejor.<\/li><li><strong>SU PRIMER TRABAJO:<\/strong> Su primer acercamiento al mundo profesional de la moda fue cuando&nbsp;consigui\u00f3 una posici\u00f3n como asistente para la casa Balmain. Ah\u00ed dur\u00f3 3 a\u00f1os y despu\u00e9s decidi\u00f3 cambiarse a la casa Jean Patou. Durante este tiempo tambi\u00e9n&nbsp;cultiv\u00f3 su amistad con Yves Saint Laurent, a quien conoci\u00f3 a\u00f1os atr\u00e1s&nbsp;debido a su participaci\u00f3n en un concurso de moda dise\u00f1ando abrigos.<\/li><li><strong>LAS MARCAS EN LAS QUE HA TRABAJADO:<\/strong> Despu\u00e9s de su trabajo en Balmain,&nbsp;Karl&nbsp;sigui\u00f3 colaborando con muchas marcas e incluso trabaj\u00f3 como dise\u00f1ador independiente. Entre las marcas m\u00e1s destacadas para las que dise\u00f1\u00f3 se cuentan Tiziani, Chlo\u00e9, Fendi y por supuesto Chanel, marca que logr\u00f3 reinventar. Finalmente, en 1983 lanz\u00f3 su propia marca.<\/li><li><strong>ERA FOT\u00d3GRAFO Y AMANTE DE LOS LIBROS:<\/strong> Lagerfeld&nbsp;tambi\u00e9n fue un apasionado de la fotograf\u00eda&nbsp;y lleg\u00f3 a retratar a muchas de las estrellas m\u00e1s grandes de Hollywood. Muchas de estas sesiones fotogr\u00e1ficas se llevaron acab\u00f3 en una locaci\u00f3n muy especial:&nbsp;la librer\u00eda 7L. Este espacio&nbsp;le pertenec\u00eda al dise\u00f1ador y est\u00e1 lleno de libros y piezas de colecci\u00f3n, \u00e9l abri\u00f3 el lugar en 1999.<\/li><li><strong>DISE\u00d1O DE VESTUARIO: <\/strong>El cine fue otra de las grandes pasiones de&nbsp;Karl&nbsp;y encontr\u00f3 la forma perfecta de unirlo con su amor por la moda al ser&nbsp;dise\u00f1ador de vestuario para m\u00e1s de 10 pel\u00edculas. Incluyendo \u00abTacones Lejanos\u00bb y muchos otros t\u00edtulos; as\u00ed como documentales de moda e historias de Chanel. El director creativo tambi\u00e9n lleg\u00f3 a aparecer en varias pel\u00edculas como actor invitado, incluyendo <em>Zoolander<\/em>. Karl&nbsp;visti\u00f3 a Madonna para su tour en el 2004 y dise\u00f1\u00f3 el escenario de la gira \u00abShowgirl Tour\u00bb de Kylie Minogue.<\/li><li><strong>SU FAMOSO PEINADO:<\/strong> Seguramente siempre ser\u00e1 recordado por su famosa \u00abcola de caballo\u00bb con un mo\u00f1o negro. El dise\u00f1ador comenz\u00f3 a usar este estilo de peinado desde 1976&nbsp;ya que consideraba que su cabello era demasiado rebelde y largo. En 1995 decidi\u00f3 hacer su pelo completamente blanco despu\u00e9s de que comenz\u00f3 a tener sus primeras canas.<\/li><li><strong>SU LADO M\u00c1S ART\u00cdSTICO:<\/strong> Adem\u00e1s de ser un gran creativo,&nbsp;Karl tambi\u00e9n era un muy buen caricaturista y artista. Muchas veces&nbsp;utilizaba sombras de ojos para pintar sus dise\u00f1os.&nbsp;Sus favoritas eran de la marca&nbsp;Shu Uemura&nbsp;con las que tambi\u00e9n hac\u00eda los bocetos de sus colecciones.&nbsp; Cre\u00f3 una serie de emojis&nbsp;con los que se uni\u00f3 a la era digital.<\/li><\/ol>\n\n\n\n<p><strong><em>No te pierdas EN VIVO alfombra roja MET GALA 2023 en exclusiva solo por E! Entertainment<\/em><\/strong><\/p>\n<!-- AddThis Advanced Settings generic via filter on the_content --><!-- AddThis Share Buttons generic via filter on the_content -->","protected":false},"excerpt":{"rendered":"<p>El lunes 1\u00ba de mayo llega la alfombra roja m\u00e1s importante para el mundo de la moda y como siempre E! Entertainment brindar\u00e1 un acceso exclusivo y en primera fila completamente en VIVO de la alfombra roja y la llegada de todas las estrellas m\u00e1s importantes del momento \u201cLive from E!: Met Gala 2023\u201d a [&hellip;]<!-- AddThis Advanced Settings generic via filter on get_the_excerpt --><!-- AddThis Share Buttons generic via filter on get_the_excerpt --><\/p>\n","protected":false},"author":6,"featured_media":65759,"comment_status":"closed","ping_status":"open","sticky":false,"template":"","format":"standard","meta":{"_acf_changed":false,"om_disable_all_campaigns":false,"_monsterinsights_skip_tracking":false,"_monsterinsights_sitenote_active":false,"_monsterinsights_sitenote_note":"","_monsterinsights_sitenote_category":0,"_uf_show_specific_survey":0,"_uf_disable_surveys":false,"footnotes":""},"categories":[100],"tags":[],"class_list":["post-65755","post","type-post","status-publish","format-standard","has-post-thumbnail","hentry","category-noticias"],"acf":[],"aioseo_notices":[],"_links":{"self":[{"href":"https:\/\/www.lasrosas.com.ar\/portal\/wp-json\/wp\/v2\/posts\/65755","targetHints":{"allow":["GET"]}}],"collection":[{"href":"https:\/\/www.lasrosas.com.ar\/portal\/wp-json\/wp\/v2\/posts"}],"about":[{"href":"https:\/\/www.lasrosas.com.ar\/portal\/wp-json\/wp\/v2\/types\/post"}],"author":[{"embeddable":true,"href":"https:\/\/www.lasrosas.com.ar\/portal\/wp-json\/wp\/v2\/users\/6"}],"replies":[{"embeddable":true,"href":"https:\/\/www.lasrosas.com.ar\/portal\/wp-json\/wp\/v2\/comments?post=65755"}],"version-history":[{"count":0,"href":"https:\/\/www.lasrosas.com.ar\/portal\/wp-json\/wp\/v2\/posts\/65755\/revisions"}],"wp:featuredmedia":[{"embeddable":true,"href":"https:\/\/www.lasrosas.com.ar\/portal\/wp-json\/wp\/v2\/media\/65759"}],"wp:attachment":[{"href":"https:\/\/www.lasrosas.com.ar\/portal\/wp-json\/wp\/v2\/media?parent=65755"}],"wp:term":[{"taxonomy":"category","embeddable":true,"href":"https:\/\/www.lasrosas.com.ar\/portal\/wp-json\/wp\/v2\/categories?post=65755"},{"taxonomy":"post_tag","embeddable":true,"href":"https:\/\/www.lasrosas.com.ar\/portal\/wp-json\/wp\/v2\/tags?post=65755"}],"curies":[{"name":"wp","href":"https:\/\/api.w.org\/{rel}","templated":true}]}}