{"id":65603,"date":"2023-04-25T14:02:22","date_gmt":"2023-04-25T17:02:22","guid":{"rendered":"https:\/\/www.lasrosas.com.ar\/portal\/?p=65603"},"modified":"2023-04-25T14:02:25","modified_gmt":"2023-04-25T17:02:25","slug":"martin-bossi-se-encontro-con-camila-homs","status":"publish","type":"post","link":"https:\/\/www.lasrosas.com.ar\/portal\/martin-bossi-se-encontro-con-camila-homs\/","title":{"rendered":"MARTIN BOSSI SE ENCONTR\u00d3 CON CAMILA HOMS"},"content":{"rendered":"\n<p>El domingo pasado, Cami Homs asisti\u00f3 junto a una amiga&nbsp;&nbsp;al nuevo espect\u00e1culo de&nbsp;&nbsp;<strong>Martin Bossi&nbsp;<\/strong>en el m\u00edtico Teatro Astral con<strong>&nbsp;\u2018Bossi Live Comedy\u2019,<\/strong>&nbsp;su nuevo y exitoso show que ya est\u00e1 instalado y es uno de los tres m\u00e1s vistos de calle Corrientes.&nbsp;<\/p>\n\n\n\n<figure class=\"wp-block-image size-large\"><img decoding=\"async\" width=\"1600\" height=\"1066\" data-src=\"https:\/\/www.lasrosas.com.ar\/portal\/wp-content\/uploads\/unnamed-2-69.jpg\" alt=\"\" class=\"wp-image-65606 lazyload\" data-srcset=\"https:\/\/www.lasrosas.com.ar\/portal\/wp-content\/uploads\/unnamed-2-69.jpg 1600w, https:\/\/www.lasrosas.com.ar\/portal\/wp-content\/uploads\/unnamed-2-69-960x640.jpg 960w, https:\/\/www.lasrosas.com.ar\/portal\/wp-content\/uploads\/unnamed-2-69-1536x1023.jpg 1536w\" data-sizes=\"(max-width: 1600px) 100vw, 1600px\" src=\"data:image\/svg+xml;base64,PHN2ZyB3aWR0aD0iMSIgaGVpZ2h0PSIxIiB4bWxucz0iaHR0cDovL3d3dy53My5vcmcvMjAwMC9zdmciPjwvc3ZnPg==\" style=\"--smush-placeholder-width: 1600px; --smush-placeholder-aspect-ratio: 1600\/1066;\" \/><\/figure>\n\n\n\n<p>Uno de los momentos m\u00e1s esperados del show es el de los lentos. Bossi pide rememorar viejos tiempos y enamorarnos de nuevo y bailar. As\u00ed es como junto a la banda en vivo, Bossi convierte el teatro en un lugar m\u00e1gico y todos los espectadores se paran y bailan. Martin no quiso perderse el momento y saco a bailar a la modelo con quien comparti\u00f3 un rom\u00e1ntico lento.\u00a0\u00a0<\/p>\n\n\n\n<figure class=\"wp-block-image size-large\"><img decoding=\"async\" width=\"1080\" height=\"1920\" data-src=\"https:\/\/www.lasrosas.com.ar\/portal\/wp-content\/uploads\/unnamed-3-45-1080x1920.jpg\" alt=\"\" class=\"wp-image-65605 lazyload\" data-srcset=\"https:\/\/www.lasrosas.com.ar\/portal\/wp-content\/uploads\/unnamed-3-45-1080x1920.jpg 1080w, https:\/\/www.lasrosas.com.ar\/portal\/wp-content\/uploads\/unnamed-3-45-540x960.jpg 540w, https:\/\/www.lasrosas.com.ar\/portal\/wp-content\/uploads\/unnamed-3-45-864x1536.jpg 864w, https:\/\/www.lasrosas.com.ar\/portal\/wp-content\/uploads\/unnamed-3-45-scaled.jpg 1152w\" data-sizes=\"(max-width: 1080px) 100vw, 1080px\" src=\"data:image\/svg+xml;base64,PHN2ZyB3aWR0aD0iMSIgaGVpZ2h0PSIxIiB4bWxucz0iaHR0cDovL3d3dy53My5vcmcvMjAwMC9zdmciPjwvc3ZnPg==\" style=\"--smush-placeholder-width: 1080px; --smush-placeholder-aspect-ratio: 1080\/1920;\" \/><\/figure>\n\n\n\n<p>A lo largo de su carrera se present\u00f3 ante m\u00e1s de 2.000.000 de espectadores que han visto sus espect\u00e1culos y lo han ovacionado de pie.&nbsp;<\/p>\n\n\n\n<p>En cada show, la m\u00fasica, el humor, la danza y el talento actoral de Bossi logra&nbsp;cautivar a todas las generaciones que lo siguen cada a\u00f1o.<\/p>\n\n\n\n<p>Un nuevo espect\u00e1culo con humor, comicidad, m\u00fasica e interacci\u00f3n plena con el p\u00fablico, el sello que Bossi imprime en todos sus espect\u00e1culos.&nbsp;Un show Imperdible para disfrutar en familia.&nbsp;<\/p>\n<!-- AddThis Advanced Settings generic via filter on the_content --><!-- AddThis Share Buttons generic via filter on the_content -->","protected":false},"excerpt":{"rendered":"<p>El domingo pasado, Cami Homs asisti\u00f3 junto a una amiga&nbsp;&nbsp;al nuevo espect\u00e1culo de&nbsp;&nbsp;Martin Bossi&nbsp;en el m\u00edtico Teatro Astral con&nbsp;\u2018Bossi Live Comedy\u2019,&nbsp;su nuevo y exitoso show que ya est\u00e1 instalado y es uno de los tres m\u00e1s vistos de calle Corrientes.&nbsp; Uno de los momentos m\u00e1s esperados del show es el de los lentos. Bossi pide [&hellip;]<!-- AddThis Advanced Settings generic via filter on get_the_excerpt --><!-- AddThis Share Buttons generic via filter on get_the_excerpt --><\/p>\n","protected":false},"author":6,"featured_media":65604,"comment_status":"closed","ping_status":"open","sticky":false,"template":"","format":"standard","meta":{"_acf_changed":false,"om_disable_all_campaigns":false,"_monsterinsights_skip_tracking":false,"_monsterinsights_sitenote_active":false,"_monsterinsights_sitenote_note":"","_monsterinsights_sitenote_category":0,"_uf_show_specific_survey":0,"_uf_disable_surveys":false,"footnotes":""},"categories":[100],"tags":[],"class_list":["post-65603","post","type-post","status-publish","format-standard","has-post-thumbnail","hentry","category-noticias"],"acf":[],"aioseo_notices":[],"_links":{"self":[{"href":"https:\/\/www.lasrosas.com.ar\/portal\/wp-json\/wp\/v2\/posts\/65603","targetHints":{"allow":["GET"]}}],"collection":[{"href":"https:\/\/www.lasrosas.com.ar\/portal\/wp-json\/wp\/v2\/posts"}],"about":[{"href":"https:\/\/www.lasrosas.com.ar\/portal\/wp-json\/wp\/v2\/types\/post"}],"author":[{"embeddable":true,"href":"https:\/\/www.lasrosas.com.ar\/portal\/wp-json\/wp\/v2\/users\/6"}],"replies":[{"embeddable":true,"href":"https:\/\/www.lasrosas.com.ar\/portal\/wp-json\/wp\/v2\/comments?post=65603"}],"version-history":[{"count":0,"href":"https:\/\/www.lasrosas.com.ar\/portal\/wp-json\/wp\/v2\/posts\/65603\/revisions"}],"wp:featuredmedia":[{"embeddable":true,"href":"https:\/\/www.lasrosas.com.ar\/portal\/wp-json\/wp\/v2\/media\/65604"}],"wp:attachment":[{"href":"https:\/\/www.lasrosas.com.ar\/portal\/wp-json\/wp\/v2\/media?parent=65603"}],"wp:term":[{"taxonomy":"category","embeddable":true,"href":"https:\/\/www.lasrosas.com.ar\/portal\/wp-json\/wp\/v2\/categories?post=65603"},{"taxonomy":"post_tag","embeddable":true,"href":"https:\/\/www.lasrosas.com.ar\/portal\/wp-json\/wp\/v2\/tags?post=65603"}],"curies":[{"name":"wp","href":"https:\/\/api.w.org\/{rel}","templated":true}]}}