{"id":65559,"date":"2023-04-24T13:56:58","date_gmt":"2023-04-24T16:56:58","guid":{"rendered":"https:\/\/www.lasrosas.com.ar\/portal\/?p=65559"},"modified":"2023-04-24T13:57:01","modified_gmt":"2023-04-24T16:57:01","slug":"antes-de-su-llegada-a-argentina-the-weeknd-presenta-double-fantasy-el-primer-single-de-su-nueva-serie","status":"publish","type":"post","link":"https:\/\/www.lasrosas.com.ar\/portal\/antes-de-su-llegada-a-argentina-the-weeknd-presenta-double-fantasy-el-primer-single-de-su-nueva-serie\/","title":{"rendered":"ANTES DE SU LLEGADA A ARGENTINA, THE WEEKND PRESENTA \u201cDOUBLE FANTASY\u201d, EL PRIMER SINGLE DE SU NUEVA SERIE"},"content":{"rendered":"\n<figure class=\"wp-block-table\"><table class=\"\"><tbody><tr><td><strong>Con este primer single oficial de su serie THE IDOL, a estrenarse el 4 de junio, Abel calienta motores para los dos shows en el Estadio River Plate, a realizarse el 18 y 19 de octubre en River Plate.<\/strong><br><strong>18 DE OCTUBRE&nbsp;\u00a1AGOTADO!<\/strong><strong>19 DE OCTUBRE&nbsp;\u00a1TICKETS DISPONIBLES!<\/strong><br><br><strong>Consegui entradas unicamente a traves de&nbsp;<a href=\"https:\/\/lt.mydplr.com\/5fe25c831a673814cc163b8994fc7f81-16d6b84fabe730cfeb89d9763b4824b1\" target=\"_blank\" rel=\"noreferrer noopener\">AllAccess.com<\/a><\/strong><\/td><\/tr><\/tbody><\/table><\/figure>\n\n\n\n<figure class=\"wp-block-image size-large\"><img decoding=\"async\" width=\"624\" height=\"624\" data-src=\"https:\/\/www.lasrosas.com.ar\/portal\/wp-content\/uploads\/unnamed-1-102.jpg\" alt=\"\" class=\"wp-image-65560 lazyload\" src=\"data:image\/svg+xml;base64,PHN2ZyB3aWR0aD0iMSIgaGVpZ2h0PSIxIiB4bWxucz0iaHR0cDovL3d3dy53My5vcmcvMjAwMC9zdmciPjwvc3ZnPg==\" style=\"--smush-placeholder-width: 624px; --smush-placeholder-aspect-ratio: 624\/624;\" \/><\/figure>\n\n\n\n<figure class=\"wp-block-table\"><table class=\"\"><tbody><tr><td>Abel Makkonen Tesfaye, mejor conocido como&nbsp;<strong>The Weeknd<\/strong>, es un artista sin igual. Su expansi\u00f3n como artista lleg\u00f3 a nuevas fronteras al protagonizar la serie \u201c<em>The Idol<\/em>\u201d, donde tambi\u00e9n es productor, pisando fuerte en sus pasos como actor. As\u00ed mismo, la m\u00fasica original no pod\u00eda quedar en manos de otro artista, The Weeknd produce y canta&nbsp;<em><a href=\"https:\/\/lt.mydplr.com\/c64d8434a2ff71da1398a0a9869e131f-16d6b84fabe730cfeb89d9763b4824b1\" target=\"_blank\" rel=\"noreferrer noopener\">Double Fantasy<\/a><\/em>, que cuenta con las mega estrellas del rap y hip hop Future, Mike Dean y con la coproducci\u00f3n de Metro Boomin.<br><strong>The Idol<\/strong>&nbsp;es protagonizada tambi\u00e9n por Lily Rose Depp, hija del legendario actor Johnny Depp, y dirigida por Sam Levinston, mejor conocido por ser el creador de la serie furor Euphoria. The Idol ser\u00e1 estrenada en el Festival de Cannes como selecci\u00f3n oficial y debutar\u00e1 el domingo 4 de junio en la plataforma de HBO, MAX.<\/td><\/tr><\/tbody><\/table><\/figure>\n\n\n\n<figure class=\"wp-block-image size-large\"><img decoding=\"async\" width=\"936\" height=\"620\" data-src=\"https:\/\/www.lasrosas.com.ar\/portal\/wp-content\/uploads\/unnamed-1-32.png\" alt=\"\" class=\"wp-image-65561 lazyload\" src=\"data:image\/svg+xml;base64,PHN2ZyB3aWR0aD0iMSIgaGVpZ2h0PSIxIiB4bWxucz0iaHR0cDovL3d3dy53My5vcmcvMjAwMC9zdmciPjwvc3ZnPg==\" style=\"--smush-placeholder-width: 936px; --smush-placeholder-aspect-ratio: 936\/620;\" \/><\/figure>\n\n\n\n<p><strong>La inminente visita de The Weeknd al pa\u00eds<\/strong>, promete ser la m\u00e1s impactante de este a\u00f1o. Sus fans lo saben y es por ello que la venta del d\u00eda\u00a0<strong>18 de octubre<\/strong>\u00a0se agot\u00f3 en pocas horas y la venta general en cinco d\u00edas: Su segunda fecha en nuestro pa\u00eds ser\u00e1 el\u00a0<strong>19 \u00a0de octubre<\/strong>\u00a0donde volver\u00e1 a brillar en el escenario que se montar\u00e1 en el estadio River Plate. Consegu\u00ed entradas a trav\u00e9s de\u00a0<a rel=\"noreferrer noopener\" href=\"https:\/\/lt.mydplr.com\/5fe25c831a673814cc163b8994fc7f81-16d6b84fabe730cfeb89d9763b4824b1\" target=\"_blank\">AllAccess.com<\/a>.<\/p>\n\n\n\n<iframe width=\"560\" height=\"315\" data-src=\"https:\/\/www.youtube.com\/embed\/Q-IunRD7jMY\" title=\"YouTube video player\" frameborder=\"0\" allow=\"accelerometer; autoplay; clipboard-write; encrypted-media; gyroscope; picture-in-picture; web-share\" allowfullscreen src=\"data:image\/svg+xml;base64,PHN2ZyB3aWR0aD0iMSIgaGVpZ2h0PSIxIiB4bWxucz0iaHR0cDovL3d3dy53My5vcmcvMjAwMC9zdmciPjwvc3ZnPg==\" class=\"lazyload\" data-load-mode=\"1\"><\/iframe>\n<!-- AddThis Advanced Settings generic via filter on the_content --><!-- AddThis Share Buttons generic via filter on the_content -->","protected":false},"excerpt":{"rendered":"<p>Con este primer single oficial de su serie THE IDOL, a estrenarse el 4 de junio, Abel calienta motores para los dos shows en el Estadio River Plate, a realizarse el 18 y 19 de octubre en River Plate.18 DE OCTUBRE&nbsp;\u00a1AGOTADO!19 DE OCTUBRE&nbsp;\u00a1TICKETS DISPONIBLES! Consegui entradas unicamente a traves de&nbsp;AllAccess.com Abel Makkonen Tesfaye, mejor conocido [&hellip;]<!-- AddThis Advanced Settings generic via filter on get_the_excerpt --><!-- AddThis Share Buttons generic via filter on get_the_excerpt --><\/p>\n","protected":false},"author":6,"featured_media":65562,"comment_status":"closed","ping_status":"open","sticky":false,"template":"","format":"standard","meta":{"_acf_changed":false,"om_disable_all_campaigns":false,"_monsterinsights_skip_tracking":false,"_monsterinsights_sitenote_active":false,"_monsterinsights_sitenote_note":"","_monsterinsights_sitenote_category":0,"_uf_show_specific_survey":0,"_uf_disable_surveys":false,"footnotes":""},"categories":[100],"tags":[],"class_list":["post-65559","post","type-post","status-publish","format-standard","has-post-thumbnail","hentry","category-noticias"],"acf":[],"aioseo_notices":[],"_links":{"self":[{"href":"https:\/\/www.lasrosas.com.ar\/portal\/wp-json\/wp\/v2\/posts\/65559","targetHints":{"allow":["GET"]}}],"collection":[{"href":"https:\/\/www.lasrosas.com.ar\/portal\/wp-json\/wp\/v2\/posts"}],"about":[{"href":"https:\/\/www.lasrosas.com.ar\/portal\/wp-json\/wp\/v2\/types\/post"}],"author":[{"embeddable":true,"href":"https:\/\/www.lasrosas.com.ar\/portal\/wp-json\/wp\/v2\/users\/6"}],"replies":[{"embeddable":true,"href":"https:\/\/www.lasrosas.com.ar\/portal\/wp-json\/wp\/v2\/comments?post=65559"}],"version-history":[{"count":0,"href":"https:\/\/www.lasrosas.com.ar\/portal\/wp-json\/wp\/v2\/posts\/65559\/revisions"}],"wp:featuredmedia":[{"embeddable":true,"href":"https:\/\/www.lasrosas.com.ar\/portal\/wp-json\/wp\/v2\/media\/65562"}],"wp:attachment":[{"href":"https:\/\/www.lasrosas.com.ar\/portal\/wp-json\/wp\/v2\/media?parent=65559"}],"wp:term":[{"taxonomy":"category","embeddable":true,"href":"https:\/\/www.lasrosas.com.ar\/portal\/wp-json\/wp\/v2\/categories?post=65559"},{"taxonomy":"post_tag","embeddable":true,"href":"https:\/\/www.lasrosas.com.ar\/portal\/wp-json\/wp\/v2\/tags?post=65559"}],"curies":[{"name":"wp","href":"https:\/\/api.w.org\/{rel}","templated":true}]}}