{"id":65511,"date":"2023-04-21T13:32:02","date_gmt":"2023-04-21T16:32:02","guid":{"rendered":"https:\/\/www.lasrosas.com.ar\/portal\/?p=65511"},"modified":"2023-04-21T13:32:04","modified_gmt":"2023-04-21T16:32:04","slug":"sofi-jujuy-jimenez-elige-a-max-jara-para-cambiar-su-look-para-su-nuevo-proyecto","status":"publish","type":"post","link":"https:\/\/www.lasrosas.com.ar\/portal\/sofi-jujuy-jimenez-elige-a-max-jara-para-cambiar-su-look-para-su-nuevo-proyecto\/","title":{"rendered":"SOFI \u201cJUJUY\u201d JIM\u00c9NEZ ELIGE A MAX JARA PARA CAMBIAR SU LOOK PARA SU NUEVO PROYECTO"},"content":{"rendered":"\n<p>El estilista Max Jara es el creador de<strong>\u00a0\u201cJara, Taller de pelo\u201d.\u00a0<\/strong>El taller enmarca una experiencia \u00fanica y exclusiva de elite pensada para la comodidad de la \u201cbusiness woman\u201d. El objetivo no s\u00f3lo es brindar el\u00a0servicio de embellecer y cuidar el cabello sino tambi\u00e9n proporcionarles un espacio que les permita continuar con su d\u00eda laboral o relajarse completamente.<\/p>\n\n\n\n<p><strong>Sofi \u201cJujuy\u201d Jim\u00e9nez\u00a0<\/strong>paso por el taller de pelo para ponerse en manos de Max Jara para el inicio de su pr\u00f3ximo proyecto. Nuevo look con tintes naturales y una\u00a0s\u00faper melena con extensiones caracterizan esta nueva etapa.<\/p>\n\n\n\n<p>\u00abCon Sofi primero trabajamos el color, ya que tra\u00eda un desgaste de puntas y lo que buscamos fue unificar el tono de su cabello y volver a su color natural.\u00a0Luego realizamos el tratamiento \u00fanico de Olaplex que reconstruye el cabello, fortificando y devolviendo enlaces de sulfuro: componentes que gen\u00e9ticamente generan el cabello.<\/p>\n\n\n\n<p>Y por \u00faltimo, para darle mayor volumen y largo, colocamos unas cortinas de pelo natural las cu\u00e1les trabajamos de la misma manera, tanto color como nutrici\u00f3n, para lograr\u00a0como resultado est\u00e1 s\u00faper melena que es tendencia.\u00bb cont\u00f3 Max Jara\u00a0<\/p>\n\n\n\n<p><strong>TENDENCIAS 2023<\/strong><\/p>\n\n\n\n<p>Los 2000s est\u00e1n de vuelta, no solo con los denim tiro bajo sino tambi\u00e9n con sus peinados.&nbsp;La raya al medio, o side part, es el nuevo in.&nbsp;<\/p>\n\n\n\n<p>Muchas celebridades est\u00e1n adoptando la tendencia de este peinado tan popular hace casi 20 a\u00f1os atr\u00e1s.<\/p>\n\n\n\n<p>Algo que podemos\u00a0ver que marca\u00a0su tendencia en esta temporada\u00a0son\u00a0las melenas XL\u00a0mega descontracturadas con sus tonalidades naturales donde predomina la paleta c\u00e1lida. Tambi\u00e9n, es tendencia llevarla\u00a0con\u00a0canas naturales manteniendo el color\u00a0gris\/plata\u00a0del crecimiento de las mismas.<\/p>\n\n\n\n<figure class=\"wp-block-image size-large\"><img decoding=\"async\" width=\"900\" height=\"1600\" data-src=\"https:\/\/www.lasrosas.com.ar\/portal\/wp-content\/uploads\/unnamed-3-44.jpg\" alt=\"\" class=\"wp-image-65512 lazyload\" data-srcset=\"https:\/\/www.lasrosas.com.ar\/portal\/wp-content\/uploads\/unnamed-3-44.jpg 900w, https:\/\/www.lasrosas.com.ar\/portal\/wp-content\/uploads\/unnamed-3-44-540x960.jpg 540w, https:\/\/www.lasrosas.com.ar\/portal\/wp-content\/uploads\/unnamed-3-44-864x1536.jpg 864w\" data-sizes=\"(max-width: 900px) 100vw, 900px\" src=\"data:image\/svg+xml;base64,PHN2ZyB3aWR0aD0iMSIgaGVpZ2h0PSIxIiB4bWxucz0iaHR0cDovL3d3dy53My5vcmcvMjAwMC9zdmciPjwvc3ZnPg==\" style=\"--smush-placeholder-width: 900px; --smush-placeholder-aspect-ratio: 900\/1600;\" \/><\/figure>\n\n\n\n<p><strong>EL TALLER DE PELO<\/strong><br><br>El espacio est\u00e1 pensado para estimular la relajaci\u00f3n. Est\u00e1 dise\u00f1ado bajo una est\u00e9tica minimalista, ambientalista, c\u00e1lida y arm\u00f3nica donde se destacan luces tenues para mantener la sutileza del clima y, espacios verdes que se presentan en todo el taller y son sello de identidad de Max.<\/p>\n\n\n\n<p>\u201cEl pelo es como la orqu\u00eddea. Para que ambos crezcan sanos hay que saber hidratarlos correctamente\u201d (Max Jara)<\/p>\n\n\n\n<p>Max, naci\u00f3 y se cr\u00edo en Posadas, Misiones. Comenz\u00f3 a los 15 a\u00f1os en el rubro. Lleva 20 a\u00f1os de carrera como estilista y ha viajado por el mundo llevando su talento y creatividad a lugares como Espa\u00f1a, Brasil, Uruguay y Paraguay, entre otros.<\/p>\n\n\n\n<p>Su esencia y t\u00e9cnica radican en trabajar la belleza del cabello desde el cuidado usando productos naturales.<\/p>\n<!-- AddThis Advanced Settings generic via filter on the_content --><!-- AddThis Share Buttons generic via filter on the_content -->","protected":false},"excerpt":{"rendered":"<p>El estilista Max Jara es el creador de\u00a0\u201cJara, Taller de pelo\u201d.\u00a0El taller enmarca una experiencia \u00fanica y exclusiva de elite pensada para la comodidad de la \u201cbusiness woman\u201d. El objetivo no s\u00f3lo es brindar el\u00a0servicio de embellecer y cuidar el cabello sino tambi\u00e9n proporcionarles un espacio que les permita continuar con su d\u00eda laboral o [&hellip;]<!-- AddThis Advanced Settings generic via filter on get_the_excerpt --><!-- AddThis Share Buttons generic via filter on get_the_excerpt --><\/p>\n","protected":false},"author":6,"featured_media":65513,"comment_status":"closed","ping_status":"open","sticky":false,"template":"","format":"standard","meta":{"_acf_changed":false,"om_disable_all_campaigns":false,"_monsterinsights_skip_tracking":false,"_monsterinsights_sitenote_active":false,"_monsterinsights_sitenote_note":"","_monsterinsights_sitenote_category":0,"_uf_show_specific_survey":0,"_uf_disable_surveys":false,"footnotes":""},"categories":[234,100],"tags":[],"class_list":["post-65511","post","type-post","status-publish","format-standard","has-post-thumbnail","hentry","category-trend","category-noticias"],"acf":[],"aioseo_notices":[],"_links":{"self":[{"href":"https:\/\/www.lasrosas.com.ar\/portal\/wp-json\/wp\/v2\/posts\/65511","targetHints":{"allow":["GET"]}}],"collection":[{"href":"https:\/\/www.lasrosas.com.ar\/portal\/wp-json\/wp\/v2\/posts"}],"about":[{"href":"https:\/\/www.lasrosas.com.ar\/portal\/wp-json\/wp\/v2\/types\/post"}],"author":[{"embeddable":true,"href":"https:\/\/www.lasrosas.com.ar\/portal\/wp-json\/wp\/v2\/users\/6"}],"replies":[{"embeddable":true,"href":"https:\/\/www.lasrosas.com.ar\/portal\/wp-json\/wp\/v2\/comments?post=65511"}],"version-history":[{"count":0,"href":"https:\/\/www.lasrosas.com.ar\/portal\/wp-json\/wp\/v2\/posts\/65511\/revisions"}],"wp:featuredmedia":[{"embeddable":true,"href":"https:\/\/www.lasrosas.com.ar\/portal\/wp-json\/wp\/v2\/media\/65513"}],"wp:attachment":[{"href":"https:\/\/www.lasrosas.com.ar\/portal\/wp-json\/wp\/v2\/media?parent=65511"}],"wp:term":[{"taxonomy":"category","embeddable":true,"href":"https:\/\/www.lasrosas.com.ar\/portal\/wp-json\/wp\/v2\/categories?post=65511"},{"taxonomy":"post_tag","embeddable":true,"href":"https:\/\/www.lasrosas.com.ar\/portal\/wp-json\/wp\/v2\/tags?post=65511"}],"curies":[{"name":"wp","href":"https:\/\/api.w.org\/{rel}","templated":true}]}}