{"id":65159,"date":"2023-04-12T13:41:32","date_gmt":"2023-04-12T16:41:32","guid":{"rendered":"https:\/\/www.lasrosas.com.ar\/portal\/?p=65159"},"modified":"2023-04-12T13:41:35","modified_gmt":"2023-04-12T16:41:35","slug":"sebastian-yatra-presento-una-cancion-que-saldra-oficialmente-en-mayo","status":"publish","type":"post","link":"https:\/\/www.lasrosas.com.ar\/portal\/sebastian-yatra-presento-una-cancion-que-saldra-oficialmente-en-mayo\/","title":{"rendered":"SEBASTI\u00c1N YATRA PRESENT\u00d3 UNA CANCI\u00d3N QUE SALDR\u00c1 OFICIALMENTE EN MAYO"},"content":{"rendered":"\n<p>El artista\nperdi\u00f3 una apuesta y estren\u00f3 un single que a\u00fan no est\u00e1 disponible.<\/p>\n\n\n\n<p>Sebasti\u00e1n\nYatra sorprendi\u00f3 a todos sus fans durante el festival Tecate Pa&#8217;l Norte que se\nllev\u00f3 a cabo en Monterrey, M\u00e9xico.<\/p>\n\n\n\n<p>En el show,\nel artista present\u00f3 un single in\u00e9dito que tuvo que cantar despu\u00e9s de perder una\napuesta con su equipo de trabajo: \u00abPOV: Pierdes una apuesta y tienes que\ncantar una canci\u00f3n que no ha salido frente 90.000 personas\u00bb, expres\u00f3 en un\nvideo en su cuenta de TikTok.<\/p>\n\n\n\n<p>Al parecer,\nel tema todav\u00eda no tiene t\u00edtulo y es por eso que le pidi\u00f3 a sus seguidores que\nlo ayudaran a buscar un nombre para el single.<\/p>\n\n\n\n<p>Por el\nmomento, no se sabe cu\u00e1l fue el motivo de la apuesta y qu\u00e9 fue lo que lo llev\u00f3\na Yatra a tener que cantar un tema que saldr\u00e1 reci\u00e9n en mayo, m\u00e1s precisamente\nel 12 de ese mes.<\/p>\n\n\n\n<p>Todo\nindicar\u00eda que este nuevo single ser\u00eda el segundo adelanto del nuevo trabajo\ndiscogr\u00e1fico del colombiano, quien ya lanz\u00f3 \u00abUna noche sin pensar\u00bb,\ntema que dio comienzo a una nueva era musical dentro de su carrera.<\/p>\n<!-- AddThis Advanced Settings generic via filter on the_content --><!-- AddThis Share Buttons generic via filter on the_content -->","protected":false},"excerpt":{"rendered":"<p>El artista perdi\u00f3 una apuesta y estren\u00f3 un single que a\u00fan no est\u00e1 disponible. Sebasti\u00e1n Yatra sorprendi\u00f3 a todos sus fans durante el festival Tecate Pa&#8217;l Norte que se llev\u00f3 a cabo en Monterrey, M\u00e9xico. En el show, el artista present\u00f3 un single in\u00e9dito que tuvo que cantar despu\u00e9s de perder una apuesta con su [&hellip;]<!-- AddThis Advanced Settings generic via filter on get_the_excerpt --><!-- AddThis Share Buttons generic via filter on get_the_excerpt --><\/p>\n","protected":false},"author":6,"featured_media":65157,"comment_status":"closed","ping_status":"open","sticky":false,"template":"","format":"standard","meta":{"_acf_changed":false,"om_disable_all_campaigns":false,"_monsterinsights_skip_tracking":false,"_monsterinsights_sitenote_active":false,"_monsterinsights_sitenote_note":"","_monsterinsights_sitenote_category":0,"_uf_show_specific_survey":0,"_uf_disable_surveys":false,"footnotes":""},"categories":[100],"tags":[],"class_list":["post-65159","post","type-post","status-publish","format-standard","has-post-thumbnail","hentry","category-noticias"],"acf":[],"aioseo_notices":[],"_links":{"self":[{"href":"https:\/\/www.lasrosas.com.ar\/portal\/wp-json\/wp\/v2\/posts\/65159","targetHints":{"allow":["GET"]}}],"collection":[{"href":"https:\/\/www.lasrosas.com.ar\/portal\/wp-json\/wp\/v2\/posts"}],"about":[{"href":"https:\/\/www.lasrosas.com.ar\/portal\/wp-json\/wp\/v2\/types\/post"}],"author":[{"embeddable":true,"href":"https:\/\/www.lasrosas.com.ar\/portal\/wp-json\/wp\/v2\/users\/6"}],"replies":[{"embeddable":true,"href":"https:\/\/www.lasrosas.com.ar\/portal\/wp-json\/wp\/v2\/comments?post=65159"}],"version-history":[{"count":0,"href":"https:\/\/www.lasrosas.com.ar\/portal\/wp-json\/wp\/v2\/posts\/65159\/revisions"}],"wp:featuredmedia":[{"embeddable":true,"href":"https:\/\/www.lasrosas.com.ar\/portal\/wp-json\/wp\/v2\/media\/65157"}],"wp:attachment":[{"href":"https:\/\/www.lasrosas.com.ar\/portal\/wp-json\/wp\/v2\/media?parent=65159"}],"wp:term":[{"taxonomy":"category","embeddable":true,"href":"https:\/\/www.lasrosas.com.ar\/portal\/wp-json\/wp\/v2\/categories?post=65159"},{"taxonomy":"post_tag","embeddable":true,"href":"https:\/\/www.lasrosas.com.ar\/portal\/wp-json\/wp\/v2\/tags?post=65159"}],"curies":[{"name":"wp","href":"https:\/\/api.w.org\/{rel}","templated":true}]}}