{"id":64951,"date":"2023-04-05T13:51:51","date_gmt":"2023-04-05T16:51:51","guid":{"rendered":"https:\/\/www.lasrosas.com.ar\/portal\/?p=64951"},"modified":"2023-04-05T13:51:53","modified_gmt":"2023-04-05T16:51:53","slug":"mas-novedades-de-usted-senalemelo-el-trio-estrena-el-single-nena-dime-algo-junto-a-un-enigmatico-videoclip","status":"publish","type":"post","link":"https:\/\/www.lasrosas.com.ar\/portal\/mas-novedades-de-usted-senalemelo-el-trio-estrena-el-single-nena-dime-algo-junto-a-un-enigmatico-videoclip\/","title":{"rendered":"M\u00c1S NOVEDADES DE USTED SE\u00d1ALEMELO EL TR\u00cdO ESTRENA EL SINGLE \u201cNENA, DIME ALGO.\u201d JUNTO A UN ENIGM\u00c1TICO VIDEOCLIP"},"content":{"rendered":"\n<p>Se trata del tercer single de la nueva era: \u201cNena, dime algo.\u201d, una balada de guitarra y voz al frente, llega despu\u00e9s de \u201cNuevo Comienzo\u201d y \u201cLas Flores Sangran\u201d, y juntas van delineando la b\u00fasqueda actual de la banda. Usted Se\u00f1alemelo se encuentra en medio de una gira internacional que incluye shows en Argentina, M\u00e9xico, Colombia, Per\u00fa, Ecuador y pr\u00f3ximamente Espa\u00f1a.\u00a0<\/p>\n\n\n\n<p>Usted Se\u00f1alemelo sacudi\u00f3 todo con \u201cNuevo Comienzo\u201d, el single con el que rompieron un silencio de tres a\u00f1os y abrieron lo que hoy sabemos es una fruct\u00edfera etapa creativa. Desde entonces, no paran. El tr\u00edo, de las bandas m\u00e1s relevantes de la escena musical argentina, con fans en toda Latinoam\u00e9rica y proyecci\u00f3n internacional, volvi\u00f3 a los escenarios con un teatro Vorterix \u00edntimo seguido por su primer show en el Estadio Obras, y cerr\u00f3 el 2022 anunciando una gira internacional que incluye shows en Chile, Argentina, M\u00e9xico, Paraguay, Colombia, Per\u00fa, Ecuador y Uruguay. En cada show, en dos o tres oportunidades, los fans se miraban entre s\u00ed para ver si reconoc\u00edan la canci\u00f3n que sonaba: es que Usted Se\u00f1alemelo viene sorprendiendo con interpretaciones de material nuevo. Los in\u00e9ditos que iban estrenando en vivo se fueron convirtiendo en estrenos: en enero fue el turno de \u201cLas Flores Sangran\u201d.<strong> Ahora lanzan la balada \u201cNena, dime algo.\u201d<\/strong>, que hab\u00eda sonado por primera vez en su show de regreso en el Teatro Vorterix y de la que disfrutaron los fans en Per\u00fa, Ecuador y Colombia durante marzo del 2023.\u00a0<\/p>\n\n\n\n<figure class=\"wp-block-image size-large\"><img decoding=\"async\" width=\"1920\" height=\"1080\" data-src=\"https:\/\/www.lasrosas.com.ar\/portal\/wp-content\/uploads\/UDSN_Nena_Still_01-1920x1080.png\" alt=\"\" class=\"wp-image-64952 lazyload\" data-srcset=\"https:\/\/www.lasrosas.com.ar\/portal\/wp-content\/uploads\/UDSN_Nena_Still_01-1920x1080.png 1920w, https:\/\/www.lasrosas.com.ar\/portal\/wp-content\/uploads\/UDSN_Nena_Still_01-960x540.png 960w, https:\/\/www.lasrosas.com.ar\/portal\/wp-content\/uploads\/UDSN_Nena_Still_01-1536x864.png 1536w, https:\/\/www.lasrosas.com.ar\/portal\/wp-content\/uploads\/UDSN_Nena_Still_01-scaled.png 2048w\" data-sizes=\"(max-width: 1920px) 100vw, 1920px\" src=\"data:image\/svg+xml;base64,PHN2ZyB3aWR0aD0iMSIgaGVpZ2h0PSIxIiB4bWxucz0iaHR0cDovL3d3dy53My5vcmcvMjAwMC9zdmciPjwvc3ZnPg==\" style=\"--smush-placeholder-width: 1920px; --smush-placeholder-aspect-ratio: 1920\/1080;\" \/><\/figure>\n\n\n\n<p>Este nuevo cap\u00edtulo en la historia del tr\u00edo conformado por los multiinstrumentistas Juan Saieg, Gabriel \u201cCoc\u00f3\u201d Orozco y Lucca Beguerie Petrich llega acompa\u00f1ado por un videoclip con producci\u00f3n y direcci\u00f3n de Marcelo Burgos y Federico Luis Tachella, quien ya hab\u00eda trabajado con ellos para el <a href=\"https:\/\/www.youtube.com\/watch?v=Tz7gc2X8Pkw\">videoclip de \u201cAg\u00fcetas\u201d<\/a>. En el video de \u201cNena, dime algo.\u201d, Usted Se\u00f1alemelo vuelve a apostar por el misterio. Juan empieza a cantar los primeros versos del tema en un primer plano con los ojos vendados. La c\u00e1mara comienza a alejarse lentamente y enseguida vemos a Coc\u00f3 en guitarra y coros, vendado tambi\u00e9n. El video es un plano secuencia con travelling de alejamiento, recurso contundente con el que se arma la narrativa en un juego de revelaciones dictado por lo que podemos ver dentro del cuadro. Para cuando comienza la bater\u00eda, lo traen a Lucca a la fuerza dos hombres armados. La banda se ve forzada a tocar esta balada \u00edntima que parece ser el regalo de un personaje al mando de esta banda armada para una mujer. El enigm\u00e1tico video siembra inc\u00f3gnitas en torno a esta escena donde el tr\u00edo estar\u00eda tocando a la fuerza, reducidos por un enemigo poderoso. Restar\u00e1 ver si nos ofrecer\u00e1n algunas respuestas en el futuro pr\u00f3ximo.<\/p>\n\n\n\n<figure class=\"wp-block-image size-large\"><img decoding=\"async\" width=\"1920\" height=\"1080\" data-src=\"https:\/\/www.lasrosas.com.ar\/portal\/wp-content\/uploads\/UDSN_Nena_Still-02-1920x1080.png\" alt=\"\" class=\"wp-image-64953 lazyload\" data-srcset=\"https:\/\/www.lasrosas.com.ar\/portal\/wp-content\/uploads\/UDSN_Nena_Still-02-1920x1080.png 1920w, https:\/\/www.lasrosas.com.ar\/portal\/wp-content\/uploads\/UDSN_Nena_Still-02-960x540.png 960w, https:\/\/www.lasrosas.com.ar\/portal\/wp-content\/uploads\/UDSN_Nena_Still-02-1536x864.png 1536w, https:\/\/www.lasrosas.com.ar\/portal\/wp-content\/uploads\/UDSN_Nena_Still-02-scaled.png 2048w\" data-sizes=\"(max-width: 1920px) 100vw, 1920px\" src=\"data:image\/svg+xml;base64,PHN2ZyB3aWR0aD0iMSIgaGVpZ2h0PSIxIiB4bWxucz0iaHR0cDovL3d3dy53My5vcmcvMjAwMC9zdmciPjwvc3ZnPg==\" style=\"--smush-placeholder-width: 1920px; --smush-placeholder-aspect-ratio: 1920\/1080;\" \/><\/figure>\n\n\n\n<p>\u201cNena, dime algo.\u201d es una balada que apuesta por el efecto de la frescura que transmite la depuraci\u00f3n en los recursos: una canci\u00f3n de guitarra y voz al frente de una melod\u00eda \u00edntima sobre un beat simple. La complejidad la trae la letra, de alto vuelo l\u00edrico y exploraci\u00f3n de un v\u00ednculo desde esas sensaciones imposibles de poner en palabras (\u201chay palabras que est\u00e1 dem\u00e1s decir\u201d). La canci\u00f3n es a la vez una invocaci\u00f3n o una s\u00faplica (el estribillo reitera \u201cnena, dime algo\u201d), una confesi\u00f3n (\u201csi te ocultas, desvanezco\u201d), una indagaci\u00f3n en el dolor lleno de im\u00e1genes po\u00e9ticas (\u201csiento que estoy muriendo aqu\u00ed, como un \u00e1ngel derramado, y mi sangre es un charco\u201d).&nbsp;<\/p>\n\n\n\n<p>Toda esta m\u00fasica nueva sugiere que hay mucho m\u00e1s de Usted Se\u00f1alemelo por venir. Barajar y dar de nuevo result\u00f3 en una nueva era creativa que tiene a los fans \u00e1vidos por la posibilidad de que venga el ansiado tercer disco.<\/p>\n<!-- AddThis Advanced Settings generic via filter on the_content --><!-- AddThis Share Buttons generic via filter on the_content -->","protected":false},"excerpt":{"rendered":"<p>Se trata del tercer single de la nueva era: \u201cNena, dime algo.\u201d, una balada de guitarra y voz al frente, llega despu\u00e9s de \u201cNuevo Comienzo\u201d y \u201cLas Flores Sangran\u201d, y juntas van delineando la b\u00fasqueda actual de la banda. Usted Se\u00f1alemelo se encuentra en medio de una gira internacional que incluye shows en Argentina, M\u00e9xico, [&hellip;]<!-- AddThis Advanced Settings generic via filter on get_the_excerpt --><!-- AddThis Share Buttons generic via filter on get_the_excerpt --><\/p>\n","protected":false},"author":6,"featured_media":64955,"comment_status":"closed","ping_status":"open","sticky":false,"template":"","format":"standard","meta":{"_acf_changed":false,"om_disable_all_campaigns":false,"_monsterinsights_skip_tracking":false,"_monsterinsights_sitenote_active":false,"_monsterinsights_sitenote_note":"","_monsterinsights_sitenote_category":0,"_uf_show_specific_survey":0,"_uf_disable_surveys":false,"footnotes":""},"categories":[100],"tags":[],"class_list":["post-64951","post","type-post","status-publish","format-standard","has-post-thumbnail","hentry","category-noticias"],"acf":[],"aioseo_notices":[],"_links":{"self":[{"href":"https:\/\/www.lasrosas.com.ar\/portal\/wp-json\/wp\/v2\/posts\/64951","targetHints":{"allow":["GET"]}}],"collection":[{"href":"https:\/\/www.lasrosas.com.ar\/portal\/wp-json\/wp\/v2\/posts"}],"about":[{"href":"https:\/\/www.lasrosas.com.ar\/portal\/wp-json\/wp\/v2\/types\/post"}],"author":[{"embeddable":true,"href":"https:\/\/www.lasrosas.com.ar\/portal\/wp-json\/wp\/v2\/users\/6"}],"replies":[{"embeddable":true,"href":"https:\/\/www.lasrosas.com.ar\/portal\/wp-json\/wp\/v2\/comments?post=64951"}],"version-history":[{"count":0,"href":"https:\/\/www.lasrosas.com.ar\/portal\/wp-json\/wp\/v2\/posts\/64951\/revisions"}],"wp:featuredmedia":[{"embeddable":true,"href":"https:\/\/www.lasrosas.com.ar\/portal\/wp-json\/wp\/v2\/media\/64955"}],"wp:attachment":[{"href":"https:\/\/www.lasrosas.com.ar\/portal\/wp-json\/wp\/v2\/media?parent=64951"}],"wp:term":[{"taxonomy":"category","embeddable":true,"href":"https:\/\/www.lasrosas.com.ar\/portal\/wp-json\/wp\/v2\/categories?post=64951"},{"taxonomy":"post_tag","embeddable":true,"href":"https:\/\/www.lasrosas.com.ar\/portal\/wp-json\/wp\/v2\/tags?post=64951"}],"curies":[{"name":"wp","href":"https:\/\/api.w.org\/{rel}","templated":true}]}}