{"id":64517,"date":"2023-03-27T08:44:49","date_gmt":"2023-03-27T11:44:49","guid":{"rendered":"https:\/\/www.lasrosas.com.ar\/portal\/?p=64517"},"modified":"2023-03-27T08:44:52","modified_gmt":"2023-03-27T11:44:52","slug":"diseno-innovador-y-coleccionable-florencia-chernajovsky-fusiona-artes-visuales-y-tecnicas-artesanales-en-su-proyecto-lalana","status":"publish","type":"post","link":"https:\/\/www.lasrosas.com.ar\/portal\/diseno-innovador-y-coleccionable-florencia-chernajovsky-fusiona-artes-visuales-y-tecnicas-artesanales-en-su-proyecto-lalana\/","title":{"rendered":"DISE\u00d1O INNOVADOR Y COLECCIONABLE FLORENCIA CHER\u00d1AJOVSKY FUSIONA ARTES VISUALES Y T\u00c9CNICAS ARTESANALES EN SU PROYECTO LALANA"},"content":{"rendered":"\n<p>La propuesta traslada obras de artistas argentinos hacia la producci\u00f3n artesanal de alfombras, tapices y objetos de mobiliario<\/p>\n\n\n\n<p><a href=\"https:\/\/grupomass-dot-yamm-track.appspot.com\/2H2jgfOjhIQ-yIRJDkmur0-NC3i0ts7jJ4-ojqibDdKKJAukFhwHfCcNfunTela30wFRJLxeSYgcK7L5iyZzDiWymShsDubHN4QKldXtmbt04RfbwgWAO_yhJCqbZ30Lf4N7p0updnaDOLUvTh8x4s52dtzRf3GnCnpS_a_kw7ef-W1w\"><em>lalana<\/em><\/a> es el proyecto ideado por la investigadora y curadora argentina Florencia Cher\u00f1ajovsky que fusiona dise\u00f1os disruptivos de reconocidos artistas visuales con t\u00e9cnicas de producci\u00f3n artesanal. El emprendimiento nace en 2019 con el objetivo de extender las posibilidades del arte contempor\u00e1neo hacia otras materialidades. El resultado es la creaci\u00f3n de alfombras, tapices y piezas de mobiliario que se sit\u00faan en un espacio fronterizo y convocante; entre lo art\u00edstico, artesanal, decorativo, funcional y dom\u00e9stico.<\/p>\n\n\n\n<p>Las tres \u00abA\u00bb de<em> <\/em><a href=\"https:\/\/grupomass-dot-yamm-track.appspot.com\/2H2jgfOjhIQ-yIRJDkmur0-NC3i0ts7jJ4-ojqibDdKKJAukFhwHfCcNfunTela30wFRJLxeSYgcK7L5iyZzDiWymShsDubHN4QKldXtmbt04RfbwgWAO_yhJCqbZ30Lf4N7p0updnaDOLUvTh8x4s52dtzRf3GnCnpS_a_kw7ef-W1w\"><em>lalana<\/em><\/a><em> <\/em>se unen en una trama de Artes Aplicadas de Argentina, forjando a partir de esta sinergia la creaci\u00f3n de obras de autor. El valor diferencial se genera al fusionar arte, dise\u00f1o y artesan\u00eda en la realizaci\u00f3n de objetos coleccionables, tanto decorativos como funcionales. \u201c<em>A diferencia de una pintura o un dibujo que se contempla con cierta distancia, los textiles posibilitan el contacto f\u00edsico; su pelo invita a la caricia, al roce\u201d<\/em>, explica su creadora. \u201c<em>Esta flexibilidad en su uso y desuso trae nuevos enunciados: las alfombras funcionan tanto de contenedor -delimitando un marco espacial- como de contenido, proyectando una imagen\u201d.<\/em><\/p>\n\n\n\n<p>El emprendimiento cuenta con un amplio repertorio en desarrollo de piezas seriadas basadas en im\u00e1genes de artistas pioneros, rescatando dise\u00f1os modernos del pasado y poni\u00e9ndolos en di\u00e1logo con propuestas de nuevas generaciones. Incluye obras de referentes como Roberto Aizenberg, R\u00f3mulo Macci\u00f3 y Emilio Pettoruti pasando por colaboraciones con Diana Aisenberg, Adriana Bustos, Jazm\u00edn Berakha,&nbsp; Luis Fernando Benedit, Ary Brizzi, Delia Cancela, Marcela Cabutti, Juan Del Prete, Claudia del R\u00edo, Lido Iacopetti, V\u00edctor Grippo, Magdalena Jitrik, Kenneth Kemble, Fernanda Laguna, David Lamelas, Lucrecia Lionti, Juan Stoppani y Marcela Sinclair.<\/p>\n\n\n\n<p>Todas las alfombras son hiladas, te\u00f1idas y tejidas a mano en telar con t\u00e9cnicas de tejido tradicional. Aquellas realizadas en el Noroeste Argentino son de lana de llamas criadas en altura, donde se desarrolla una especie \u00fanica de cam\u00e9lidos sudamericanos. Las fibras son hiladas a mano por una asociaci\u00f3n de familias que se dedica a la cr\u00eda y a la preservaci\u00f3n de este animal, as\u00ed como a la selecci\u00f3n de calidad del vell\u00f3n y luego del tejido de las alfombras. Mediante este proceso, garantizan que toda la cadena de valor sea sustentable. Las alfombras son producidas tanto en Argentina como en Marruecos y en Nepal. En ninguna parte del proceso se usan m\u00e1quinas, ya que el objetivo no es hacer piezas id\u00e9nticas, sino resaltar la diferencia mediante un proceso hecho totalmente a mano. <em>\u201cEl traspaso a otra materialidad, escala y relaci\u00f3n espacial nos envuelve en nuevas maneras de vincularnos con las obras. Sin perder su aura, ellas ocupan un territorio donde las podemos usar, tocar, transitar, ver desde cualquier \u00e1ngulo, incluso recostados al ras de la imagen\u201d<\/em>, concluye Cher\u00f1ajovsky.<\/p>\n\n\n\n<figure class=\"wp-block-gallery columns-3 is-cropped wp-block-gallery-1 is-layout-flex wp-block-gallery-is-layout-flex\"><ul class=\"blocks-gallery-grid\"><li class=\"blocks-gallery-item\"><figure><img decoding=\"async\" width=\"1280\" height=\"1920\" data-src=\"https:\/\/www.lasrosas.com.ar\/portal\/wp-content\/uploads\/Carla-Bugarin-en-la-presentacion-de-lalana-1280x1920.jpg\" alt=\"\" data-id=\"64551\" data-full-url=\"https:\/\/www.lasrosas.com.ar\/portal\/wp-content\/uploads\/Carla-Bugarin-en-la-presentacion-de-lalana.jpg\" data-link=\"https:\/\/www.lasrosas.com.ar\/portal\/?attachment_id=64551\" class=\"wp-image-64551 lazyload\" data-srcset=\"https:\/\/www.lasrosas.com.ar\/portal\/wp-content\/uploads\/Carla-Bugarin-en-la-presentacion-de-lalana-1280x1920.jpg 1280w, https:\/\/www.lasrosas.com.ar\/portal\/wp-content\/uploads\/Carla-Bugarin-en-la-presentacion-de-lalana-640x960.jpg 640w, https:\/\/www.lasrosas.com.ar\/portal\/wp-content\/uploads\/Carla-Bugarin-en-la-presentacion-de-lalana-1024x1536.jpg 1024w, https:\/\/www.lasrosas.com.ar\/portal\/wp-content\/uploads\/Carla-Bugarin-en-la-presentacion-de-lalana.jpg 1333w\" data-sizes=\"(max-width: 1280px) 100vw, 1280px\" src=\"data:image\/svg+xml;base64,PHN2ZyB3aWR0aD0iMSIgaGVpZ2h0PSIxIiB4bWxucz0iaHR0cDovL3d3dy53My5vcmcvMjAwMC9zdmciPjwvc3ZnPg==\" style=\"--smush-placeholder-width: 1280px; --smush-placeholder-aspect-ratio: 1280\/1920;\" \/><\/figure><\/li><li class=\"blocks-gallery-item\"><figure><img decoding=\"async\" width=\"1280\" height=\"1920\" data-src=\"https:\/\/www.lasrosas.com.ar\/portal\/wp-content\/uploads\/Delfina-Vazquez-Maiztegui-y-amiga-en-la-presentacion-de-lalana-1280x1920.jpg\" alt=\"\" data-id=\"64552\" data-full-url=\"https:\/\/www.lasrosas.com.ar\/portal\/wp-content\/uploads\/Delfina-Vazquez-Maiztegui-y-amiga-en-la-presentacion-de-lalana.jpg\" data-link=\"https:\/\/www.lasrosas.com.ar\/portal\/?attachment_id=64552\" class=\"wp-image-64552 lazyload\" data-srcset=\"https:\/\/www.lasrosas.com.ar\/portal\/wp-content\/uploads\/Delfina-Vazquez-Maiztegui-y-amiga-en-la-presentacion-de-lalana-1280x1920.jpg 1280w, https:\/\/www.lasrosas.com.ar\/portal\/wp-content\/uploads\/Delfina-Vazquez-Maiztegui-y-amiga-en-la-presentacion-de-lalana-640x960.jpg 640w, https:\/\/www.lasrosas.com.ar\/portal\/wp-content\/uploads\/Delfina-Vazquez-Maiztegui-y-amiga-en-la-presentacion-de-lalana-1024x1536.jpg 1024w, https:\/\/www.lasrosas.com.ar\/portal\/wp-content\/uploads\/Delfina-Vazquez-Maiztegui-y-amiga-en-la-presentacion-de-lalana.jpg 1333w\" data-sizes=\"(max-width: 1280px) 100vw, 1280px\" src=\"data:image\/svg+xml;base64,PHN2ZyB3aWR0aD0iMSIgaGVpZ2h0PSIxIiB4bWxucz0iaHR0cDovL3d3dy53My5vcmcvMjAwMC9zdmciPjwvc3ZnPg==\" style=\"--smush-placeholder-width: 1280px; --smush-placeholder-aspect-ratio: 1280\/1920;\" \/><\/figure><\/li><li class=\"blocks-gallery-item\"><figure><img decoding=\"async\" width=\"1280\" height=\"1920\" data-src=\"https:\/\/www.lasrosas.com.ar\/portal\/wp-content\/uploads\/Facundo-Garayalde-Andrea-Martinez-Juliana-Awada-y-Florencia-Chernajovsky-en-la-presentacion-de-lalana-1280x1920.jpg\" alt=\"\" data-id=\"64554\" data-full-url=\"https:\/\/www.lasrosas.com.ar\/portal\/wp-content\/uploads\/Facundo-Garayalde-Andrea-Martinez-Juliana-Awada-y-Florencia-Chernajovsky-en-la-presentacion-de-lalana.jpg\" data-link=\"https:\/\/www.lasrosas.com.ar\/portal\/?attachment_id=64554\" class=\"wp-image-64554 lazyload\" data-srcset=\"https:\/\/www.lasrosas.com.ar\/portal\/wp-content\/uploads\/Facundo-Garayalde-Andrea-Martinez-Juliana-Awada-y-Florencia-Chernajovsky-en-la-presentacion-de-lalana-1280x1920.jpg 1280w, https:\/\/www.lasrosas.com.ar\/portal\/wp-content\/uploads\/Facundo-Garayalde-Andrea-Martinez-Juliana-Awada-y-Florencia-Chernajovsky-en-la-presentacion-de-lalana-640x960.jpg 640w, https:\/\/www.lasrosas.com.ar\/portal\/wp-content\/uploads\/Facundo-Garayalde-Andrea-Martinez-Juliana-Awada-y-Florencia-Chernajovsky-en-la-presentacion-de-lalana-1024x1536.jpg 1024w, https:\/\/www.lasrosas.com.ar\/portal\/wp-content\/uploads\/Facundo-Garayalde-Andrea-Martinez-Juliana-Awada-y-Florencia-Chernajovsky-en-la-presentacion-de-lalana.jpg 1333w\" data-sizes=\"(max-width: 1280px) 100vw, 1280px\" src=\"data:image\/svg+xml;base64,PHN2ZyB3aWR0aD0iMSIgaGVpZ2h0PSIxIiB4bWxucz0iaHR0cDovL3d3dy53My5vcmcvMjAwMC9zdmciPjwvc3ZnPg==\" style=\"--smush-placeholder-width: 1280px; --smush-placeholder-aspect-ratio: 1280\/1920;\" \/><\/figure><\/li><li class=\"blocks-gallery-item\"><figure><img decoding=\"async\" width=\"1280\" height=\"1920\" data-src=\"https:\/\/www.lasrosas.com.ar\/portal\/wp-content\/uploads\/Geraldine-Grillo-y-Maria-Zunino-en-la-presentacion-de-lalana-1280x1920.jpg\" alt=\"\" data-id=\"64555\" data-full-url=\"https:\/\/www.lasrosas.com.ar\/portal\/wp-content\/uploads\/Geraldine-Grillo-y-Maria-Zunino-en-la-presentacion-de-lalana.jpg\" data-link=\"https:\/\/www.lasrosas.com.ar\/portal\/?attachment_id=64555\" class=\"wp-image-64555 lazyload\" data-srcset=\"https:\/\/www.lasrosas.com.ar\/portal\/wp-content\/uploads\/Geraldine-Grillo-y-Maria-Zunino-en-la-presentacion-de-lalana-1280x1920.jpg 1280w, https:\/\/www.lasrosas.com.ar\/portal\/wp-content\/uploads\/Geraldine-Grillo-y-Maria-Zunino-en-la-presentacion-de-lalana-640x960.jpg 640w, https:\/\/www.lasrosas.com.ar\/portal\/wp-content\/uploads\/Geraldine-Grillo-y-Maria-Zunino-en-la-presentacion-de-lalana-1024x1536.jpg 1024w, https:\/\/www.lasrosas.com.ar\/portal\/wp-content\/uploads\/Geraldine-Grillo-y-Maria-Zunino-en-la-presentacion-de-lalana.jpg 1333w\" data-sizes=\"(max-width: 1280px) 100vw, 1280px\" src=\"data:image\/svg+xml;base64,PHN2ZyB3aWR0aD0iMSIgaGVpZ2h0PSIxIiB4bWxucz0iaHR0cDovL3d3dy53My5vcmcvMjAwMC9zdmciPjwvc3ZnPg==\" style=\"--smush-placeholder-width: 1280px; --smush-placeholder-aspect-ratio: 1280\/1920;\" \/><\/figure><\/li><li class=\"blocks-gallery-item\"><figure><img decoding=\"async\" width=\"1280\" height=\"1920\" data-src=\"https:\/\/www.lasrosas.com.ar\/portal\/wp-content\/uploads\/Juliana-Awada-en-la-presentacion-de-lalana-1280x1920.jpg\" alt=\"\" data-id=\"64556\" data-full-url=\"https:\/\/www.lasrosas.com.ar\/portal\/wp-content\/uploads\/Juliana-Awada-en-la-presentacion-de-lalana.jpg\" data-link=\"https:\/\/www.lasrosas.com.ar\/portal\/?attachment_id=64556\" class=\"wp-image-64556 lazyload\" data-srcset=\"https:\/\/www.lasrosas.com.ar\/portal\/wp-content\/uploads\/Juliana-Awada-en-la-presentacion-de-lalana-1280x1920.jpg 1280w, https:\/\/www.lasrosas.com.ar\/portal\/wp-content\/uploads\/Juliana-Awada-en-la-presentacion-de-lalana-640x960.jpg 640w, https:\/\/www.lasrosas.com.ar\/portal\/wp-content\/uploads\/Juliana-Awada-en-la-presentacion-de-lalana-1024x1536.jpg 1024w, https:\/\/www.lasrosas.com.ar\/portal\/wp-content\/uploads\/Juliana-Awada-en-la-presentacion-de-lalana.jpg 1333w\" data-sizes=\"(max-width: 1280px) 100vw, 1280px\" src=\"data:image\/svg+xml;base64,PHN2ZyB3aWR0aD0iMSIgaGVpZ2h0PSIxIiB4bWxucz0iaHR0cDovL3d3dy53My5vcmcvMjAwMC9zdmciPjwvc3ZnPg==\" style=\"--smush-placeholder-width: 1280px; --smush-placeholder-aspect-ratio: 1280\/1920;\" \/><\/figure><\/li><li class=\"blocks-gallery-item\"><figure><img decoding=\"async\" width=\"1280\" height=\"1920\" data-src=\"https:\/\/www.lasrosas.com.ar\/portal\/wp-content\/uploads\/Maria-Chernajovsky-en-la-presentacion-de-lalana-1280x1920.jpg\" alt=\"\" data-id=\"64557\" data-full-url=\"https:\/\/www.lasrosas.com.ar\/portal\/wp-content\/uploads\/Maria-Chernajovsky-en-la-presentacion-de-lalana.jpg\" data-link=\"https:\/\/www.lasrosas.com.ar\/portal\/?attachment_id=64557\" class=\"wp-image-64557 lazyload\" data-srcset=\"https:\/\/www.lasrosas.com.ar\/portal\/wp-content\/uploads\/Maria-Chernajovsky-en-la-presentacion-de-lalana-1280x1920.jpg 1280w, https:\/\/www.lasrosas.com.ar\/portal\/wp-content\/uploads\/Maria-Chernajovsky-en-la-presentacion-de-lalana-640x960.jpg 640w, https:\/\/www.lasrosas.com.ar\/portal\/wp-content\/uploads\/Maria-Chernajovsky-en-la-presentacion-de-lalana-1024x1536.jpg 1024w, https:\/\/www.lasrosas.com.ar\/portal\/wp-content\/uploads\/Maria-Chernajovsky-en-la-presentacion-de-lalana.jpg 1333w\" data-sizes=\"(max-width: 1280px) 100vw, 1280px\" src=\"data:image\/svg+xml;base64,PHN2ZyB3aWR0aD0iMSIgaGVpZ2h0PSIxIiB4bWxucz0iaHR0cDovL3d3dy53My5vcmcvMjAwMC9zdmciPjwvc3ZnPg==\" style=\"--smush-placeholder-width: 1280px; --smush-placeholder-aspect-ratio: 1280\/1920;\" \/><\/figure><\/li><li class=\"blocks-gallery-item\"><figure><img decoding=\"async\" width=\"1280\" height=\"1920\" data-src=\"https:\/\/www.lasrosas.com.ar\/portal\/wp-content\/uploads\/Maria-Zunino-en-la-presentacion-de-lalana-1280x1920.jpg\" alt=\"\" data-id=\"64558\" data-full-url=\"https:\/\/www.lasrosas.com.ar\/portal\/wp-content\/uploads\/Maria-Zunino-en-la-presentacion-de-lalana.jpg\" data-link=\"https:\/\/www.lasrosas.com.ar\/portal\/?attachment_id=64558\" class=\"wp-image-64558 lazyload\" data-srcset=\"https:\/\/www.lasrosas.com.ar\/portal\/wp-content\/uploads\/Maria-Zunino-en-la-presentacion-de-lalana-1280x1920.jpg 1280w, https:\/\/www.lasrosas.com.ar\/portal\/wp-content\/uploads\/Maria-Zunino-en-la-presentacion-de-lalana-640x960.jpg 640w, https:\/\/www.lasrosas.com.ar\/portal\/wp-content\/uploads\/Maria-Zunino-en-la-presentacion-de-lalana-1024x1536.jpg 1024w, https:\/\/www.lasrosas.com.ar\/portal\/wp-content\/uploads\/Maria-Zunino-en-la-presentacion-de-lalana.jpg 1333w\" data-sizes=\"(max-width: 1280px) 100vw, 1280px\" src=\"data:image\/svg+xml;base64,PHN2ZyB3aWR0aD0iMSIgaGVpZ2h0PSIxIiB4bWxucz0iaHR0cDovL3d3dy53My5vcmcvMjAwMC9zdmciPjwvc3ZnPg==\" style=\"--smush-placeholder-width: 1280px; --smush-placeholder-aspect-ratio: 1280\/1920;\" \/><\/figure><\/li><\/ul><\/figure>\n\n\n\n<p>Florencia Cher\u00f1ajovsky (Buenos Aires, 1986) es curadora del arte graduada de La Sorbona con una licenciatura en Literatura Moderna y un M\u00e1ster de Historia del Arte en la Escuela de Altos Estudios en Ciencias Sociales (EHESS, Par\u00eds). Trabaj\u00f3 en el Centro Pompidou de 2009 a 2016, primero en el departamento curatorial \u201cCreaci\u00f3n contempor\u00e1nea y prospectiva\u201d, contribuyendo a la investigaci\u00f3n y a la preparaci\u00f3n de las muestras \u201cDanser sa vie\u201d (2011) y la retrospectiva del artista franc\u00e9s Pierre Huyghe (2013) y luego como curadora del \u201cNouveau festival\u201d en el Departamento de Desarrollo Cultural (2014-2016). En Buenos Aires, se desempe\u00f1\u00f3 como curadora independiente, con la muestra \u201cNubes de Paso\u201d de Pablo Accinelli en MALBA. M\u00e1s recientemente cur\u00f3 una muestra colectiva para el Museo Madre en N\u00e1poles (Italia). Comenz\u00f3 el proyecto lalana en 2019, desarrollando un amplio cat\u00e1logo de piezas a la venta, desde Argentina a todo el mundo.<\/p>\n<!-- AddThis Advanced Settings generic via filter on the_content --><!-- AddThis Share Buttons generic via filter on the_content -->","protected":false},"excerpt":{"rendered":"<p>La propuesta traslada obras de artistas argentinos hacia la producci\u00f3n artesanal de alfombras, tapices y objetos de mobiliario lalana es el proyecto ideado por la investigadora y curadora argentina Florencia Cher\u00f1ajovsky que fusiona dise\u00f1os disruptivos de reconocidos artistas visuales con t\u00e9cnicas de producci\u00f3n artesanal. El emprendimiento nace en 2019 con el objetivo de extender las [&hellip;]<!-- AddThis Advanced Settings generic via filter on get_the_excerpt --><!-- AddThis Share Buttons generic via filter on get_the_excerpt --><\/p>\n","protected":false},"author":6,"featured_media":64553,"comment_status":"closed","ping_status":"open","sticky":false,"template":"","format":"standard","meta":{"_acf_changed":false,"om_disable_all_campaigns":false,"_monsterinsights_skip_tracking":false,"_monsterinsights_sitenote_active":false,"_monsterinsights_sitenote_note":"","_monsterinsights_sitenote_category":0,"_uf_show_specific_survey":0,"_uf_disable_surveys":false,"footnotes":""},"categories":[100,30],"tags":[],"class_list":["post-64517","post","type-post","status-publish","format-standard","has-post-thumbnail","hentry","category-noticias","category-moda"],"acf":[],"aioseo_notices":[],"_links":{"self":[{"href":"https:\/\/www.lasrosas.com.ar\/portal\/wp-json\/wp\/v2\/posts\/64517","targetHints":{"allow":["GET"]}}],"collection":[{"href":"https:\/\/www.lasrosas.com.ar\/portal\/wp-json\/wp\/v2\/posts"}],"about":[{"href":"https:\/\/www.lasrosas.com.ar\/portal\/wp-json\/wp\/v2\/types\/post"}],"author":[{"embeddable":true,"href":"https:\/\/www.lasrosas.com.ar\/portal\/wp-json\/wp\/v2\/users\/6"}],"replies":[{"embeddable":true,"href":"https:\/\/www.lasrosas.com.ar\/portal\/wp-json\/wp\/v2\/comments?post=64517"}],"version-history":[{"count":0,"href":"https:\/\/www.lasrosas.com.ar\/portal\/wp-json\/wp\/v2\/posts\/64517\/revisions"}],"wp:featuredmedia":[{"embeddable":true,"href":"https:\/\/www.lasrosas.com.ar\/portal\/wp-json\/wp\/v2\/media\/64553"}],"wp:attachment":[{"href":"https:\/\/www.lasrosas.com.ar\/portal\/wp-json\/wp\/v2\/media?parent=64517"}],"wp:term":[{"taxonomy":"category","embeddable":true,"href":"https:\/\/www.lasrosas.com.ar\/portal\/wp-json\/wp\/v2\/categories?post=64517"},{"taxonomy":"post_tag","embeddable":true,"href":"https:\/\/www.lasrosas.com.ar\/portal\/wp-json\/wp\/v2\/tags?post=64517"}],"curies":[{"name":"wp","href":"https:\/\/api.w.org\/{rel}","templated":true}]}}