{"id":64489,"date":"2023-03-23T13:25:47","date_gmt":"2023-03-23T16:25:47","guid":{"rendered":"https:\/\/www.lasrosas.com.ar\/portal\/?p=64489"},"modified":"2023-03-23T13:25:49","modified_gmt":"2023-03-23T16:25:49","slug":"primera-emulsion-dermatologica-con-vitamina-d","status":"publish","type":"post","link":"https:\/\/www.lasrosas.com.ar\/portal\/primera-emulsion-dermatologica-con-vitamina-d\/","title":{"rendered":"PRIMERA EMULSI\u00d3N DERMATOL\u00d3GICA CON VITAMINA D"},"content":{"rendered":"\n<p>Estudios de\ninvestigaci\u00f3n realizados en los \u00faltimos a\u00f1os han demostrado un aumento del uso\nde suplementos de vitamina D en la poblaci\u00f3n, dada la alta prevalencia de\nd\u00e9ficit de esta vitamina en el mundo. Por este motivo Laboratorios Bernab\u00f3\nlanza en la Argentina la primera emulsi\u00f3n d\u00e9rmica facial y corporal con\nvitamina D3.<\/p>\n\n\n\n<p>La\nactividad biol\u00f3gica de la vitamina D no se centra solo en la regulaci\u00f3n del\nmetabolismo fosfoc\u00e1lcico, previniendo el riesgo de osteopenia, osteoporosis,\nadem\u00e1s interviene en procesos de s\u00edntesis y liberaci\u00f3n de hormonas, regulaci\u00f3n\ndel sistema inmune y en procesos de proliferaci\u00f3n y diferenciaci\u00f3n celular.\nSeg\u00fan el Dr. Jos\u00e9 Luis Mansur, endocrin\u00f3logo y \u201cpast president\u201d de la Sociedad\nArgentina de Osteoporosis (SAO), la historia de la Vitamina D tiene tres\netapas: \u201cla inicial en que se cre\u00eda que s\u00f3lo serv\u00eda para prevenir el raquitismo\ny que esto se consegu\u00eda con dosis que ahora decimos que eran muy bajas, la\nsegunda cuando se evidencia que aumenta la absorci\u00f3n del calcio de la dieta y\nque es \u00fatil para prevenir y ser parte del tratamiento de la osteoporosis, pero\ncon dosis mayores a las previas, y una etapa actual en la que se demuestra\nacci\u00f3n en todos los \u00f3rganos y sistemas del cuerpo y una asociaci\u00f3n clara entre\nd\u00e9ficit de Vitamina D y aparici\u00f3n de muchas enfermedades \u201cno \u00f3seas\u201d como\nneoplasias y todas las afecciones autoinmunes\u201d.<\/p>\n\n\n\n<p>Las\nrecomendaciones actuales respecto de la ingesta diaria de vitamina D obedecen a\ndos consideraciones: la funci\u00f3n \u00f3sea y la exposici\u00f3n solar, ya que su radiaci\u00f3n\nUV es la fuente natural de la misma. Comenta el Dr Mansur \u201cde los alimentos\ns\u00f3lo los peces de mar tienen cantidad adecuada de Vitamina D, por eso todos\ntenemos niveles bajos en invierno, y variables en verano seg\u00fan el estilo de\nvida\u201d y acota que \u201cel nivel deseable en sangre de 25Vit D se considera \u00f3ptimo\npara el hueso con 30 ng\/ml, pero ahora se sabe que ese valor no ayuda a\nprevenir o tratar otras enfermedades no \u00f3seas. Ahora hay evidencia de que esto\ns\u00ed ocurre con un nivel en sangre mayor de 40 ng\/ml, es decir debemos subir un\nescal\u00f3n en la dosis administrada y el valor en sangre buscado\u201d<\/p>\n\n\n\n<p>Recientemente\nse ha puesto de manifiesto la presencia de receptores de vitamina D (VDR) en\ncasi todos los tejidos humanos capaces de regular la expresi\u00f3n de m\u00faltiples\ngenes. M\u00e1s de 900 genes que representan el 10% del genoma humano responden a la\nvitamina D.<\/p>\n\n\n\n<p>La vitamina\nD es una hormona relacionada con la respuesta inmunitaria frente a infecciones\ninternas o externas del organismo. Las alteraciones en las mismas son causa y\nconsecuencia de enfermedades autoinmunes, y tienen como com\u00fan denominador\ndeficiencia de vitamina D. Se recomienda investigar el nivel de vitamina D no\ns\u00f3lo ante osteoporosis, sino tambi\u00e9n ante enfermedades vinculadas con su\ndeficiencia y suplementar para mejorar el pron\u00f3stico y la calidad de vida de\nlos pacientes.<\/p>\n\n\n\n<p>La Dra.\nMaria Lorena Silvagni, m\u00e9dica especialista en dermatolog\u00eda y patolog\u00eda vulvar,\nmiembro de la Sociedad Argentina de Dermatolog\u00eda (SAD), comenta: \u201cSabemos que\nen la piel se sintetiza la vitamina D, pero no se mencionaba, hasta hace unos\na\u00f1os, que adem\u00e1s de esta funci\u00f3n, la piel es sitio de acci\u00f3n de la misma. La\nvitamina D interviene en la diferenciaci\u00f3n de los queratinocitos (c\u00e9lulas de la\npiel) mejorando la funci\u00f3n de barrera cut\u00e1nea, tiene acci\u00f3n sobre las c\u00e9lulas\ndel sistema inmune y tambi\u00e9n sobre los mecanismos de inflamaci\u00f3n local. Por\notro lado, el papel inmunomodulador de la vitamina D abre las puertas para la\ninvestigaci\u00f3n de los efectos terap\u00e9uticos de la misma en enfermedades como\ndermatitis at\u00f3pica, psoriasis, algunos tipos de alopecias y c\u00e1ncer de piel\nmelanoma y no melanoma, entre otros.\u201d<\/p>\n\n\n\n<p>El d\u00e9ficit\nde vitamina D produce una piel seca y aumento de riesgo de infecciones\ncut\u00e1neas. Contar con un buen nivel de vitamina D, ayuda a mejorar la barrera\nepid\u00e9rmica y los fol\u00edculos pilosos, mantiene la homeostasis cut\u00e1nea, modula la\ninmunidad de la piel y promueve la renovaci\u00f3n celular. La falta de la misma se\nasocia con el desarrollo de dermatitis at\u00f3pica, vitiligo y psoriasis.<\/p>\n\n\n\n<p>Por lo\ntanto, la vitamina D, sus metabolitos y ciertos an\u00e1logos sint\u00e9ticos constituyen\nuna opci\u00f3n prometedora para prevenir, atenuar o tratar el da\u00f1o, las\nenfermedades o el envejecimiento cut\u00e1neo.<\/p>\n\n\n\n<p>La Dra.\nSilvagni agrega: \u201cLa principal fuente de vitamina D es el sol, como\ndermat\u00f3logos concientizamos a la poblaci\u00f3n sobre los efectos nocivos de la\nexposici\u00f3n cr\u00f3nica e inadecuada, me refiero al desarrollo de tumores de piel\nmelanoma y no melanoma, principalmente. Por lo tanto, recomendamos a nuestros\npacientes la exposici\u00f3n solar controlada a trav\u00e9s de la fotoeducaci\u00f3n y\naquellos con alto riesgo (tipo de piel clara, antecedentes personales y\nfamiliares de c\u00e1ncer de piel, enfermedades fotoinducidas, etc) indicamos de ser\nnecesaria la suplementaci\u00f3n de la vitamina D.<\/p>\n\n\n\n<p>La vitamina\nD3 presenta propiedades fotoprotectoras, antioxidantes, antiinflamatorias,\nantimicrobianas, reparadoras, antiproliferativas y anticarcin\u00f3genicas,\npreviniendo en algunos casos y mejorando el pron\u00f3stico en otros de los tumores\nde piel. Previene el envejecimiento prematuro de la piel y refuerza la barrera\ncut\u00e1nea.<\/p>\n\n\n\n<p>Asimismo,\nuna de las formas de obtenci\u00f3n es a trav\u00e9s de la radiaci\u00f3n solar, pero, sin\nembargo, se debe recordar que esto produce envejecimiento cut\u00e1neo, reacciones\ninflamatorias, destrucci\u00f3n del \u00e1cido f\u00f3lico o en muchos casos, por no\nprotegerse contra rayos UV, c\u00e1ncer de piel. De ah\u00ed la importancia de contar con\nemulsiones que contengan vitamina D3 sin necesidad de recurrir a la toma de\nsol.<\/p>\n\n\n\n<p>Recientemente,\nla Administraci\u00f3n Nacional de Medicamentos, Alimentos y Tecnolog\u00eda M\u00e9dica\n(ANMAT) aprob\u00f3 la primera emulsi\u00f3n d\u00e9rmica con Vitamina D para ser utilizada en\nforma t\u00f3pica y comercializada en todo el pa\u00eds. Cabe destacar que esta emulsi\u00f3n\ncontiene entre sus componentes adem\u00e1s de vitamina D, Vitamina A, vitamina E y\nAlanto\u00edna que ayudan a mejorar el aspecto de la piel.<\/p>\n\n\n\n<p>Esta\nemulsi\u00f3n d\u00e9rmica con Vitamina D es producida \u00edntegramente en Argentina por\nLaboratorios Bernab\u00f3, un laboratorio de especialidades medicinales con m\u00e1s de\n80 a\u00f1os de trayectoria en la industria farmac\u00e9utica.<\/p>\n\n\n\n<p>Desde el\na\u00f1o 2018 el Laboratorios Bernab\u00f3, comercializa productos para el cuidado de la\npiel con diversas presentaciones: cremas y emulsiones con Vitamina A, tanto de\nventa libre como prescriptiva, de aplicaci\u00f3n corporal y facial. Sus\npresentaciones contienen diferentes concentraciones de Vitamina A y son\ncomplementadas con otros activos como vitamina E, Alanto\u00edna, \u00e1cido hialur\u00f3nico\nentre otros que contribuyen a mejorar la apariencia y textura de la piel. De\nesta manera, busca continuar sumando un valor agregado a la industria\ndermatol\u00f3gica.<\/p>\n\n\n\n<p>El uso de\nesta emulsi\u00f3n d\u00e9rmica con vitamina D3 que est\u00e1 autorizada para su venta bajo\nreceta, es complementario a los suplementos vitam\u00ednicos y de uso diario.\nMedicamentos similares ya se utilizan en los EE. UU. y en Europa por lo cual\nest\u00e1n aprobados por las agencias sanitarias de alta vigilancia.<\/p>\n\n\n\n<p>\u201cC\u00f3mo\nempresa farmac\u00e9utica asumimos el desaf\u00edo de seguir ofreciendo medicamentos\nnecesarios para la poblaci\u00f3n y apreciado por m\u00e9dicos y pacientes. De esta\nmanera, desarrollamos la primera y \u00fanica emulsi\u00f3n corporal y facial con\nvitamina D3 disponible hoy en el territorio argentino\u201d asegura Gast\u00f3n Landsman,\nDirector T\u00e9cnico de Laboratorios Bernab\u00f3.<\/p>\n<!-- AddThis Advanced Settings generic via filter on the_content --><!-- AddThis Share Buttons generic via filter on the_content -->","protected":false},"excerpt":{"rendered":"<p>Estudios de investigaci\u00f3n realizados en los \u00faltimos a\u00f1os han demostrado un aumento del uso de suplementos de vitamina D en la poblaci\u00f3n, dada la alta prevalencia de d\u00e9ficit de esta vitamina en el mundo. Por este motivo Laboratorios Bernab\u00f3 lanza en la Argentina la primera emulsi\u00f3n d\u00e9rmica facial y corporal con vitamina D3. La actividad [&hellip;]<!-- AddThis Advanced Settings generic via filter on get_the_excerpt --><!-- AddThis Share Buttons generic via filter on get_the_excerpt --><\/p>\n","protected":false},"author":6,"featured_media":64490,"comment_status":"closed","ping_status":"open","sticky":false,"template":"","format":"standard","meta":{"_acf_changed":false,"om_disable_all_campaigns":false,"_monsterinsights_skip_tracking":false,"_monsterinsights_sitenote_active":false,"_monsterinsights_sitenote_note":"","_monsterinsights_sitenote_category":0,"_uf_show_specific_survey":0,"_uf_disable_surveys":false,"footnotes":""},"categories":[376],"tags":[],"class_list":["post-64489","post","type-post","status-publish","format-standard","has-post-thumbnail","hentry","category-lifestyle"],"acf":[],"aioseo_notices":[],"_links":{"self":[{"href":"https:\/\/www.lasrosas.com.ar\/portal\/wp-json\/wp\/v2\/posts\/64489","targetHints":{"allow":["GET"]}}],"collection":[{"href":"https:\/\/www.lasrosas.com.ar\/portal\/wp-json\/wp\/v2\/posts"}],"about":[{"href":"https:\/\/www.lasrosas.com.ar\/portal\/wp-json\/wp\/v2\/types\/post"}],"author":[{"embeddable":true,"href":"https:\/\/www.lasrosas.com.ar\/portal\/wp-json\/wp\/v2\/users\/6"}],"replies":[{"embeddable":true,"href":"https:\/\/www.lasrosas.com.ar\/portal\/wp-json\/wp\/v2\/comments?post=64489"}],"version-history":[{"count":0,"href":"https:\/\/www.lasrosas.com.ar\/portal\/wp-json\/wp\/v2\/posts\/64489\/revisions"}],"wp:featuredmedia":[{"embeddable":true,"href":"https:\/\/www.lasrosas.com.ar\/portal\/wp-json\/wp\/v2\/media\/64490"}],"wp:attachment":[{"href":"https:\/\/www.lasrosas.com.ar\/portal\/wp-json\/wp\/v2\/media?parent=64489"}],"wp:term":[{"taxonomy":"category","embeddable":true,"href":"https:\/\/www.lasrosas.com.ar\/portal\/wp-json\/wp\/v2\/categories?post=64489"},{"taxonomy":"post_tag","embeddable":true,"href":"https:\/\/www.lasrosas.com.ar\/portal\/wp-json\/wp\/v2\/tags?post=64489"}],"curies":[{"name":"wp","href":"https:\/\/api.w.org\/{rel}","templated":true}]}}