{"id":64474,"date":"2023-03-23T13:06:33","date_gmt":"2023-03-23T16:06:33","guid":{"rendered":"https:\/\/www.lasrosas.com.ar\/portal\/?p=64474"},"modified":"2023-03-23T13:06:35","modified_gmt":"2023-03-23T16:06:35","slug":"madryn-en-semana-santa-y-una-agenda-cargada-de-eventos","status":"publish","type":"post","link":"https:\/\/www.lasrosas.com.ar\/portal\/madryn-en-semana-santa-y-una-agenda-cargada-de-eventos\/","title":{"rendered":"MADRYN EN SEMANA SANTA Y UNA AGENDA CARGADA DE EVENTOS"},"content":{"rendered":"\n<p><strong> VIA CRUCIS<\/strong><\/p>\n\n\n\n<p>El viernes 7 de abril se realizar\u00e1 en Puerto Madryn una nueva edici\u00f3n del V\u00eda Crucis Submarino, la n\u00famero 19 \u00a0del gran atractivo que ofrece la ciudad para la celebraci\u00f3n de la Semana Santa, un evento \u00fanico donde parte de la procesi\u00f3n se hace bajo el agua con una cruz adaptada para la inmersi\u00f3n.<\/p>\n\n\n\n<p>Kayakistas, buzos profesionales y deportivos acompa\u00f1an al sacerdote o laico consagrado que va relatando el camino de la cruz desde abajo del agua, a trav\u00e9s de un hidr\u00f3fono.<\/p>\n\n\n\n<figure class=\"wp-block-gallery columns-2 is-cropped wp-block-gallery-1 is-layout-flex wp-block-gallery-is-layout-flex\"><ul class=\"blocks-gallery-grid\"><li class=\"blocks-gallery-item\"><figure><img decoding=\"async\" width=\"1920\" height=\"1280\" data-src=\"https:\/\/www.lasrosas.com.ar\/portal\/wp-content\/uploads\/PUERTO-MADRYN-Semana-Santa-2017-Via-Crucis-submarino-EMANUEL-PISTARA-13-1920x1280.jpg\" alt=\"\" data-id=\"64475\" data-full-url=\"https:\/\/www.lasrosas.com.ar\/portal\/wp-content\/uploads\/PUERTO-MADRYN-Semana-Santa-2017-Via-Crucis-submarino-EMANUEL-PISTARA-13-scaled.jpg\" data-link=\"https:\/\/www.lasrosas.com.ar\/portal\/?attachment_id=64475\" class=\"wp-image-64475 lazyload\" data-srcset=\"https:\/\/www.lasrosas.com.ar\/portal\/wp-content\/uploads\/PUERTO-MADRYN-Semana-Santa-2017-Via-Crucis-submarino-EMANUEL-PISTARA-13-1920x1280.jpg 1920w, https:\/\/www.lasrosas.com.ar\/portal\/wp-content\/uploads\/PUERTO-MADRYN-Semana-Santa-2017-Via-Crucis-submarino-EMANUEL-PISTARA-13-960x640.jpg 960w, https:\/\/www.lasrosas.com.ar\/portal\/wp-content\/uploads\/PUERTO-MADRYN-Semana-Santa-2017-Via-Crucis-submarino-EMANUEL-PISTARA-13-1536x1024.jpg 1536w, https:\/\/www.lasrosas.com.ar\/portal\/wp-content\/uploads\/PUERTO-MADRYN-Semana-Santa-2017-Via-Crucis-submarino-EMANUEL-PISTARA-13-scaled.jpg 2048w\" data-sizes=\"(max-width: 1920px) 100vw, 1920px\" src=\"data:image\/svg+xml;base64,PHN2ZyB3aWR0aD0iMSIgaGVpZ2h0PSIxIiB4bWxucz0iaHR0cDovL3d3dy53My5vcmcvMjAwMC9zdmciPjwvc3ZnPg==\" style=\"--smush-placeholder-width: 1920px; --smush-placeholder-aspect-ratio: 1920\/1280;\" \/><\/figure><\/li><li class=\"blocks-gallery-item\"><figure><img decoding=\"async\" width=\"1920\" height=\"1278\" data-src=\"https:\/\/www.lasrosas.com.ar\/portal\/wp-content\/uploads\/PUERTO-MADRYN-Semana-Santa-2017-Via-Crucis-submarino-MAXI-JONAS-17-1920x1278.jpg\" alt=\"\" data-id=\"64478\" data-full-url=\"https:\/\/www.lasrosas.com.ar\/portal\/wp-content\/uploads\/PUERTO-MADRYN-Semana-Santa-2017-Via-Crucis-submarino-MAXI-JONAS-17-scaled.jpg\" data-link=\"https:\/\/www.lasrosas.com.ar\/portal\/?attachment_id=64478\" class=\"wp-image-64478 lazyload\" data-srcset=\"https:\/\/www.lasrosas.com.ar\/portal\/wp-content\/uploads\/PUERTO-MADRYN-Semana-Santa-2017-Via-Crucis-submarino-MAXI-JONAS-17-1920x1278.jpg 1920w, https:\/\/www.lasrosas.com.ar\/portal\/wp-content\/uploads\/PUERTO-MADRYN-Semana-Santa-2017-Via-Crucis-submarino-MAXI-JONAS-17-960x639.jpg 960w, https:\/\/www.lasrosas.com.ar\/portal\/wp-content\/uploads\/PUERTO-MADRYN-Semana-Santa-2017-Via-Crucis-submarino-MAXI-JONAS-17-1536x1022.jpg 1536w, https:\/\/www.lasrosas.com.ar\/portal\/wp-content\/uploads\/PUERTO-MADRYN-Semana-Santa-2017-Via-Crucis-submarino-MAXI-JONAS-17-scaled.jpg 2048w\" data-sizes=\"(max-width: 1920px) 100vw, 1920px\" src=\"data:image\/svg+xml;base64,PHN2ZyB3aWR0aD0iMSIgaGVpZ2h0PSIxIiB4bWxucz0iaHR0cDovL3d3dy53My5vcmcvMjAwMC9zdmciPjwvc3ZnPg==\" style=\"--smush-placeholder-width: 1920px; --smush-placeholder-aspect-ratio: 1920\/1278;\" \/><\/figure><\/li><\/ul><\/figure>\n\n\n\n<p>La procesi\u00f3n submarina finaliza con la salida a la playa del grupo de submarinistas que acompa\u00f1an la cruz, donde el p\u00fablico los espera en un silencio emotivo, portando velas con tulipas.<\/p>\n\n\n\n<p>El V\u00eda Crucis Submarino es un evento reconocido a nivel mundial. Seg\u00fan Cecilia Pavia, Secretaria de Turismo de la ciudad de Puerto Madryn, \u201ces un evento muy emocionante, cuando anochece, la gente enciende sus tulipas y el mar se ilumina con la cruz y otras luces que llevan los que participan desde el agua y la tierra. La postal se completa con las voces de los coros de la ciudad y toda la gente que acompa\u00f1a, que es mucha\u201d.<\/p>\n\n\n\n<p>El evento se hizo por primera vez en el 2000. Y se llev\u00f3 a cabo con la bendici\u00f3n del Papa Francisco.<\/p>\n\n\n\n<p>En la edici\u00f3n de 2022 fueron m\u00e1s de 100 las personas que estuvieron en el agua para acompa\u00f1ar a la cruz en las estaciones submarinas.<\/p>\n\n\n\n<p><strong>FERIA DE PESCADORES ARTESANALES<\/strong><\/p>\n\n\n\n<p>Del 5 al 9 de abril vuelve la Feria de Pescadores Artesanales, un cl\u00e1sico de Semana Santa en Madryn. Se trata de una propuesta gastron\u00f3mica que se lleva a cabo desde hace 18 a\u00f1os y en donde los pescadores artesanales de la zona se organizan para brindar a la comunidad, un festival gastron\u00f3mico \u00fanico ofreciendo durante los d\u00edas de pascuas, sus productos fresqu\u00edsimos en un recorrido de stands.<\/p>\n\n\n\n<figure class=\"wp-block-image size-large\"><img decoding=\"async\" width=\"1920\" height=\"1280\" data-src=\"https:\/\/www.lasrosas.com.ar\/portal\/wp-content\/uploads\/Emanuel-pistara-19-de-54-1920x1280.jpg\" alt=\"\" class=\"wp-image-64476 lazyload\" data-srcset=\"https:\/\/www.lasrosas.com.ar\/portal\/wp-content\/uploads\/Emanuel-pistara-19-de-54-1920x1280.jpg 1920w, https:\/\/www.lasrosas.com.ar\/portal\/wp-content\/uploads\/Emanuel-pistara-19-de-54-960x640.jpg 960w, https:\/\/www.lasrosas.com.ar\/portal\/wp-content\/uploads\/Emanuel-pistara-19-de-54-1536x1024.jpg 1536w, https:\/\/www.lasrosas.com.ar\/portal\/wp-content\/uploads\/Emanuel-pistara-19-de-54-scaled.jpg 2048w\" data-sizes=\"(max-width: 1920px) 100vw, 1920px\" src=\"data:image\/svg+xml;base64,PHN2ZyB3aWR0aD0iMSIgaGVpZ2h0PSIxIiB4bWxucz0iaHR0cDovL3d3dy53My5vcmcvMjAwMC9zdmciPjwvc3ZnPg==\" style=\"--smush-placeholder-width: 1920px; --smush-placeholder-aspect-ratio: 1920\/1280;\" \/><\/figure>\n\n\n\n<p>En la feria se podr\u00e1n adquirir los cl\u00e1sicos de la cocina local, paellas, escabeches de mariscos y empanadas de frutos de mar.<br>La pesca artesanal constituye una actividad econ\u00f3mica muy importante para la ciudad y posee una historia muy rica.<br>Adem\u00e1s se suman productores de cerveza artesanal local, pasteler\u00eda y chocolater\u00eda que complementan la propuesta y ampl\u00edan el paseo.<\/p>\n\n\n\n<p><strong>COPA DE LAS BALLENAS<\/strong><\/p>\n\n\n\n<p>El deporte tambi\u00e9n est\u00e1 presente en las propuestas para Semana Santa, con la Copa de las Ballenas, el encuentro n\u00e1utico m\u00e1s importante de la Patagonia que se desarrollar\u00e1 del 6 al 9 de abril.<\/p>\n\n\n\n<p>Que cuenta con el apoyo de la Federaci\u00f3n Argentina de Yachting, quienes colaboran con la presencia de jurados, entrenadores y deportistas de reconocida trayectoria Nacional e Internacional.<\/p>\n\n\n\n<figure class=\"wp-block-image size-large\"><img decoding=\"async\" width=\"1920\" height=\"1297\" data-src=\"https:\/\/www.lasrosas.com.ar\/portal\/wp-content\/uploads\/PUERTO-MADRYN-Copa-de-las-Ballenas-05-1920x1297.jpg\" alt=\"\" class=\"wp-image-64477 lazyload\" data-srcset=\"https:\/\/www.lasrosas.com.ar\/portal\/wp-content\/uploads\/PUERTO-MADRYN-Copa-de-las-Ballenas-05-1920x1297.jpg 1920w, https:\/\/www.lasrosas.com.ar\/portal\/wp-content\/uploads\/PUERTO-MADRYN-Copa-de-las-Ballenas-05-960x649.jpg 960w, https:\/\/www.lasrosas.com.ar\/portal\/wp-content\/uploads\/PUERTO-MADRYN-Copa-de-las-Ballenas-05-1536x1038.jpg 1536w, https:\/\/www.lasrosas.com.ar\/portal\/wp-content\/uploads\/PUERTO-MADRYN-Copa-de-las-Ballenas-05-scaled.jpg 2048w\" data-sizes=\"(max-width: 1920px) 100vw, 1920px\" src=\"data:image\/svg+xml;base64,PHN2ZyB3aWR0aD0iMSIgaGVpZ2h0PSIxIiB4bWxucz0iaHR0cDovL3d3dy53My5vcmcvMjAwMC9zdmciPjwvc3ZnPg==\" style=\"--smush-placeholder-width: 1920px; --smush-placeholder-aspect-ratio: 1920\/1297;\" \/><\/figure>\n\n\n\n<p>De esta carrera de regatas, participan alrededor 60 embarcaciones y 120 competidores de todo el pa\u00eds, quienes integrar\u00e1n las flotas de las clases Optimist principiante y timonel, Laser standard, radial y 4,7, Pampero, PHRF, Kitesurf, Kayak y Windsurf en sus modalidades de f\u00f3rmula y open.\n\n<\/p>\n<!-- AddThis Advanced Settings generic via filter on the_content --><!-- AddThis Share Buttons generic via filter on the_content -->","protected":false},"excerpt":{"rendered":"<p>VIA CRUCIS El viernes 7 de abril se realizar\u00e1 en Puerto Madryn una nueva edici\u00f3n del V\u00eda Crucis Submarino, la n\u00famero 19 \u00a0del gran atractivo que ofrece la ciudad para la celebraci\u00f3n de la Semana Santa, un evento \u00fanico donde parte de la procesi\u00f3n se hace bajo el agua con una cruz adaptada para la [&hellip;]<!-- AddThis Advanced Settings generic via filter on get_the_excerpt --><!-- AddThis Share Buttons generic via filter on get_the_excerpt --><\/p>\n","protected":false},"author":6,"featured_media":64479,"comment_status":"closed","ping_status":"open","sticky":false,"template":"","format":"standard","meta":{"_acf_changed":false,"om_disable_all_campaigns":false,"_monsterinsights_skip_tracking":false,"_monsterinsights_sitenote_active":false,"_monsterinsights_sitenote_note":"","_monsterinsights_sitenote_category":0,"_uf_show_specific_survey":0,"_uf_disable_surveys":false,"footnotes":""},"categories":[100,33],"tags":[],"class_list":["post-64474","post","type-post","status-publish","format-standard","has-post-thumbnail","hentry","category-noticias","category-las-rosas-trip"],"acf":[],"aioseo_notices":[],"_links":{"self":[{"href":"https:\/\/www.lasrosas.com.ar\/portal\/wp-json\/wp\/v2\/posts\/64474","targetHints":{"allow":["GET"]}}],"collection":[{"href":"https:\/\/www.lasrosas.com.ar\/portal\/wp-json\/wp\/v2\/posts"}],"about":[{"href":"https:\/\/www.lasrosas.com.ar\/portal\/wp-json\/wp\/v2\/types\/post"}],"author":[{"embeddable":true,"href":"https:\/\/www.lasrosas.com.ar\/portal\/wp-json\/wp\/v2\/users\/6"}],"replies":[{"embeddable":true,"href":"https:\/\/www.lasrosas.com.ar\/portal\/wp-json\/wp\/v2\/comments?post=64474"}],"version-history":[{"count":0,"href":"https:\/\/www.lasrosas.com.ar\/portal\/wp-json\/wp\/v2\/posts\/64474\/revisions"}],"wp:featuredmedia":[{"embeddable":true,"href":"https:\/\/www.lasrosas.com.ar\/portal\/wp-json\/wp\/v2\/media\/64479"}],"wp:attachment":[{"href":"https:\/\/www.lasrosas.com.ar\/portal\/wp-json\/wp\/v2\/media?parent=64474"}],"wp:term":[{"taxonomy":"category","embeddable":true,"href":"https:\/\/www.lasrosas.com.ar\/portal\/wp-json\/wp\/v2\/categories?post=64474"},{"taxonomy":"post_tag","embeddable":true,"href":"https:\/\/www.lasrosas.com.ar\/portal\/wp-json\/wp\/v2\/tags?post=64474"}],"curies":[{"name":"wp","href":"https:\/\/api.w.org\/{rel}","templated":true}]}}