{"id":64006,"date":"2023-03-14T14:07:04","date_gmt":"2023-03-14T17:07:04","guid":{"rendered":"https:\/\/www.lasrosas.com.ar\/portal\/?p=64006"},"modified":"2023-03-14T14:07:45","modified_gmt":"2023-03-14T17:07:45","slug":"gaston-pauls-entrevistara-a-dalma-maradona-en-el-primer-programa-de-su-tercera-temporada","status":"publish","type":"post","link":"https:\/\/www.lasrosas.com.ar\/portal\/gaston-pauls-entrevistara-a-dalma-maradona-en-el-primer-programa-de-su-tercera-temporada\/","title":{"rendered":"GAST\u00d3N PAULS ENTREVISTAR\u00c1 A DALMA MARADONA EN EL PRIMER PROGRAMA DE SU TERCERA TEMPORADA"},"content":{"rendered":"\n<p>\n\nEl viernes 17 de marzo a las 22 hs estar\u00e1 al aire, la tercera temporada de SERES LIBRES, de&nbsp;Wolf Producciones,<strong>&nbsp;Gast\u00f3n Pauls<\/strong>&nbsp;y Cr\u00f3nica HD, &nbsp;primer programa&nbsp;de la TV argentina que habla sobre las adicciones como nunca antes.&nbsp;La actriz,&nbsp;<strong>Dalma Maradona<\/strong>&nbsp;habla por primera vez de la adicci\u00f3n de su pap\u00e1.&nbsp;<strong>Diego Maradona<\/strong>&nbsp;&nbsp;\u00eddolo de multitudes padeci\u00f3 la adicci\u00f3n y Dalma abre su intimidad para contar en primera persona su vivencia c\u00f3mo hija de la estrella internacional.<\/p>\n\n\n\n<p>Declarado de inter\u00e9s nacional por la C\u00e1mara de Diputados e inter\u00e9s p\u00fablico por&nbsp;la legislaturas de CABA, &nbsp;y los Gobiernos de Salta y R\u00edo Negro; y ganador del Martin Fierro de Cable 2022.<\/p>\n\n\n\n<p>Bajo su lema \u00abNunca m\u00e1s esclavos, nunca m\u00e1s esclavas \u00a1seamos Seres Libres!\u00bb el programa conducido por el actor y conductor Gast\u00f3n Pauls y producido por Wolf Producciones; contar\u00e1 &#8211; tal como en temporadas anteriores &nbsp;&#8211; con una entrevista central a figuras p\u00fablicas, artistas y personalidades &nbsp;que comparten en primera persona sus experiencias e historias de vida. Para esta nueva edici\u00f3n no solo habr\u00e1 crudos testimonios sobre adicciones a las drogas y su recuperaci\u00f3n, sino que se tambi\u00e9n se tratar\u00e1n tem\u00e1ticas como adicci\u00f3n al juego, alcoholismo, trastornos alimenticios, suicidio y salud mental entre otros.<\/p>\n\n\n\n<p>Tendr\u00e1n tambi\u00e9n&nbsp;su espacio profesionales y especialistas para abordar cada uno de estos temas con una mirada profesional e informes y testimonios de diferentes personas que tambi\u00e9n atraviesan consumos problem\u00e1ticos.<\/p>\n\n\n\n<p>A lo largo de las temporadas anteriores, m\u00e1s de 50 personalidades reconocidas como Fabiana Cantilo, Daniel Habif, Andrea Rinc\u00f3n, Juanse, Migue Granados, Silvina Luna, Nazarena V\u00e9lez &nbsp;y Maria Eugenia Vidal contaron sus experiencias, como tambi\u00e9n lo hicieron familiares, madres e hijos, &nbsp;que se vieron interpelados.<\/p>\n\n\n\n<p>Seres libres abre un espacio muy valioso para poner palabras donde no las hay, ofrecer contenci\u00f3n donde hay soledad y un gran vac\u00edo relacionado con la informaci\u00f3n.<\/p>\n\n\n\n<figure class=\"wp-block-video\"><video controls src=\"https:\/\/www.lasrosas.com.ar\/portal\/wp-content\/uploads\/Dalma-Maradona-en-seres-libres-adelanto.mp4\"><\/video><\/figure>\n<!-- AddThis Advanced Settings generic via filter on the_content --><!-- AddThis Share Buttons generic via filter on the_content -->","protected":false},"excerpt":{"rendered":"<p>El viernes 17 de marzo a las 22 hs estar\u00e1 al aire, la tercera temporada de SERES LIBRES, de&nbsp;Wolf Producciones,&nbsp;Gast\u00f3n Pauls&nbsp;y Cr\u00f3nica HD, &nbsp;primer programa&nbsp;de la TV argentina que habla sobre las adicciones como nunca antes.&nbsp;La actriz,&nbsp;Dalma Maradona&nbsp;habla por primera vez de la adicci\u00f3n de su pap\u00e1.&nbsp;Diego Maradona&nbsp;&nbsp;\u00eddolo de multitudes padeci\u00f3 la adicci\u00f3n y Dalma [&hellip;]<!-- AddThis Advanced Settings generic via filter on get_the_excerpt --><!-- AddThis Share Buttons generic via filter on get_the_excerpt --><\/p>\n","protected":false},"author":6,"featured_media":64007,"comment_status":"closed","ping_status":"open","sticky":false,"template":"","format":"standard","meta":{"_acf_changed":false,"om_disable_all_campaigns":false,"_monsterinsights_skip_tracking":false,"_monsterinsights_sitenote_active":false,"_monsterinsights_sitenote_note":"","_monsterinsights_sitenote_category":0,"_uf_show_specific_survey":0,"_uf_disable_surveys":false,"footnotes":""},"categories":[100],"tags":[],"class_list":["post-64006","post","type-post","status-publish","format-standard","has-post-thumbnail","hentry","category-noticias"],"acf":[],"aioseo_notices":[],"_links":{"self":[{"href":"https:\/\/www.lasrosas.com.ar\/portal\/wp-json\/wp\/v2\/posts\/64006","targetHints":{"allow":["GET"]}}],"collection":[{"href":"https:\/\/www.lasrosas.com.ar\/portal\/wp-json\/wp\/v2\/posts"}],"about":[{"href":"https:\/\/www.lasrosas.com.ar\/portal\/wp-json\/wp\/v2\/types\/post"}],"author":[{"embeddable":true,"href":"https:\/\/www.lasrosas.com.ar\/portal\/wp-json\/wp\/v2\/users\/6"}],"replies":[{"embeddable":true,"href":"https:\/\/www.lasrosas.com.ar\/portal\/wp-json\/wp\/v2\/comments?post=64006"}],"version-history":[{"count":0,"href":"https:\/\/www.lasrosas.com.ar\/portal\/wp-json\/wp\/v2\/posts\/64006\/revisions"}],"wp:featuredmedia":[{"embeddable":true,"href":"https:\/\/www.lasrosas.com.ar\/portal\/wp-json\/wp\/v2\/media\/64007"}],"wp:attachment":[{"href":"https:\/\/www.lasrosas.com.ar\/portal\/wp-json\/wp\/v2\/media?parent=64006"}],"wp:term":[{"taxonomy":"category","embeddable":true,"href":"https:\/\/www.lasrosas.com.ar\/portal\/wp-json\/wp\/v2\/categories?post=64006"},{"taxonomy":"post_tag","embeddable":true,"href":"https:\/\/www.lasrosas.com.ar\/portal\/wp-json\/wp\/v2\/tags?post=64006"}],"curies":[{"name":"wp","href":"https:\/\/api.w.org\/{rel}","templated":true}]}}