{"id":63917,"date":"2023-03-13T11:53:28","date_gmt":"2023-03-13T14:53:28","guid":{"rendered":"https:\/\/www.lasrosas.com.ar\/portal\/?p=63917"},"modified":"2023-03-13T11:53:31","modified_gmt":"2023-03-13T14:53:31","slug":"air-europa-abre-cuatro-nuevos-destinos-este-verano-boreal-e-inaugura-la-ruta-nueva-york-santo-domingo","status":"publish","type":"post","link":"https:\/\/www.lasrosas.com.ar\/portal\/air-europa-abre-cuatro-nuevos-destinos-este-verano-boreal-e-inaugura-la-ruta-nueva-york-santo-domingo\/","title":{"rendered":"AIR EUROPA ABRE CUATRO NUEVOS DESTINOS ESTE VERANO BOREAL E INAUGURA LA RUTA NUEVA YORK &#8211; SANTO DOMINGO"},"content":{"rendered":"\n<p>Air Europa ampl\u00eda su red de destinos para la pr\u00f3xima temporada de verano y pone a disposici\u00f3n del pasajero m\u00e1s de 65.000 asientos en cuatro nuevas rutas en Europa y Norte de \u00c1frica.&nbsp;<\/p>\n\n\n\n<p>Adem\u00e1s, y en aplicaci\u00f3n de su plan de expansi\u00f3n impulsado por la din\u00e1mica de recuperaci\u00f3n y crecimiento iniciada en 2022, Air Europa reforzar\u00e1 igualmente su programaci\u00f3n de verano con una nueva ruta entre Nueva York y Santo Domingo.&nbsp;<\/p>\n\n\n\n<p>La operativa estival despega el pr\u00f3ximo 26 de marzo con la reanudaci\u00f3n de la ruta a T\u00fanez, donde Air Europa volar\u00e1 inicialmente con dos frecuencias semanales para aumentar a tres a partir de junio.<\/p>\n\n\n\n<p>Tambi\u00e9n a mediados de junio, la aerol\u00ednea pondr\u00e1 rumbo, por primera vez y desde el Aeropuerto Adolfo Su\u00e1rez Madrid-Barajas, a Santorini, nuevo destino al que volar\u00e1 con tres frecuencias a la semana hasta principios de septiembre. En este mismo periodo, la presencia de Air Europa en Grecia se reforzar\u00e1 con la reanudaci\u00f3n de su operativa a Atenas, ciudad con la que conectar\u00e1 con cuatro frecuencias a la semana.&nbsp;<\/p>\n\n\n\n<p>Finalmente, en julio, la aerol\u00ednea aumentar\u00e1 su red de destinos con Alguero, la ciudad de la costa noroeste de Cerde\u00f1a donde, como en a\u00f1os anteriores, se llevar\u00e1n a cabo dos vuelos semanales. \u00a0 Tambi\u00e9n desde mediados de julio y hasta mediados de septiembre, Air Europa conectar\u00e1 Nueva York y Santo Domingo con dos frecuencias a la semana.<\/p>\n<!-- AddThis Advanced Settings generic via filter on the_content --><!-- AddThis Share Buttons generic via filter on the_content -->","protected":false},"excerpt":{"rendered":"<p>Air Europa ampl\u00eda su red de destinos para la pr\u00f3xima temporada de verano y pone a disposici\u00f3n del pasajero m\u00e1s de 65.000 asientos en cuatro nuevas rutas en Europa y Norte de \u00c1frica.&nbsp; Adem\u00e1s, y en aplicaci\u00f3n de su plan de expansi\u00f3n impulsado por la din\u00e1mica de recuperaci\u00f3n y crecimiento iniciada en 2022, Air Europa [&hellip;]<!-- AddThis Advanced Settings generic via filter on get_the_excerpt --><!-- AddThis Share Buttons generic via filter on get_the_excerpt --><\/p>\n","protected":false},"author":6,"featured_media":63918,"comment_status":"closed","ping_status":"open","sticky":false,"template":"","format":"standard","meta":{"_acf_changed":false,"om_disable_all_campaigns":false,"_monsterinsights_skip_tracking":false,"_monsterinsights_sitenote_active":false,"_monsterinsights_sitenote_note":"","_monsterinsights_sitenote_category":0,"_uf_show_specific_survey":0,"_uf_disable_surveys":false,"footnotes":""},"categories":[100,33],"tags":[],"class_list":["post-63917","post","type-post","status-publish","format-standard","has-post-thumbnail","hentry","category-noticias","category-las-rosas-trip"],"acf":[],"aioseo_notices":[],"_links":{"self":[{"href":"https:\/\/www.lasrosas.com.ar\/portal\/wp-json\/wp\/v2\/posts\/63917","targetHints":{"allow":["GET"]}}],"collection":[{"href":"https:\/\/www.lasrosas.com.ar\/portal\/wp-json\/wp\/v2\/posts"}],"about":[{"href":"https:\/\/www.lasrosas.com.ar\/portal\/wp-json\/wp\/v2\/types\/post"}],"author":[{"embeddable":true,"href":"https:\/\/www.lasrosas.com.ar\/portal\/wp-json\/wp\/v2\/users\/6"}],"replies":[{"embeddable":true,"href":"https:\/\/www.lasrosas.com.ar\/portal\/wp-json\/wp\/v2\/comments?post=63917"}],"version-history":[{"count":0,"href":"https:\/\/www.lasrosas.com.ar\/portal\/wp-json\/wp\/v2\/posts\/63917\/revisions"}],"wp:featuredmedia":[{"embeddable":true,"href":"https:\/\/www.lasrosas.com.ar\/portal\/wp-json\/wp\/v2\/media\/63918"}],"wp:attachment":[{"href":"https:\/\/www.lasrosas.com.ar\/portal\/wp-json\/wp\/v2\/media?parent=63917"}],"wp:term":[{"taxonomy":"category","embeddable":true,"href":"https:\/\/www.lasrosas.com.ar\/portal\/wp-json\/wp\/v2\/categories?post=63917"},{"taxonomy":"post_tag","embeddable":true,"href":"https:\/\/www.lasrosas.com.ar\/portal\/wp-json\/wp\/v2\/tags?post=63917"}],"curies":[{"name":"wp","href":"https:\/\/api.w.org\/{rel}","templated":true}]}}