{"id":63666,"date":"2023-03-09T10:11:05","date_gmt":"2023-03-09T13:11:05","guid":{"rendered":"https:\/\/www.lasrosas.com.ar\/portal\/?p=63666"},"modified":"2023-03-09T12:09:45","modified_gmt":"2023-03-09T15:09:45","slug":"star-presenta-sintiendolo-mucho-la-pelicula-documental-sobre-joaquin-sabina","status":"publish","type":"post","link":"https:\/\/www.lasrosas.com.ar\/portal\/star-presenta-sintiendolo-mucho-la-pelicula-documental-sobre-joaquin-sabina\/","title":{"rendered":"STAR+ PRESENTA \u00abSINTI\u00c9NDOLO MUCHO\u00bb, LA PEL\u00cdCULA DOCUMENTAL SOBRE JOAQU\u00cdN SABINA"},"content":{"rendered":"\n<p><strong>DESDE EL 17 DE MARZO ESTRENA EN CINES ARGENTINOS Y A PARTIR DEL 31 DE MARZO PODR\u00c1 VERSE EXCLUSIVAMENTE EN STAR+<\/strong><\/p>\n\n\n\n<p>Star+ presenta<strong>&nbsp;\u00abSinti\u00e9ndolo mucho\u00bb<\/strong>, la pel\u00edcula del director&nbsp;<strong>Fernando Le\u00f3n de Aranoa<\/strong>&nbsp;que acompa\u00f1a a&nbsp;<strong>Joaqu\u00edn Sabina<\/strong>&nbsp;desde una mirada \u00edntima que cuenta qui\u00e9n es el cantante y poeta espa\u00f1ol fuera del escenario. El documental llega a los cines argentinos el 17 de marzo y estar\u00e1 disponible en Star+ para los pa\u00edses de Latinoam\u00e9rica de habla hispana desde el 31 de marzo.<\/p>\n\n\n\n<p>El filme es el resultado de trece a\u00f1os de rodaje en los que se recorren todos los escenarios de Joaqu\u00edn Sabina: p\u00fablicos y privados, luminosos y ocultos. Un viaje por las claves de su vida y de su trabajo, por lo que lo mueve, por lo que lo inspira y por lo que le duele; desarrollado siempre a partir de situaciones vivas y compartidas entre Joaqu\u00edn y Fernando.<\/p>\n\n\n\n<p><em>\u201cEsta pel\u00edcula es un extra\u00f1o privilegio que, como cineasta, quisiera compartir con el p\u00fablico: el de pasar un rato a solas con Joaqu\u00edn cuando no es Sabina. Hace ya trece a\u00f1os comenc\u00e9 a rodar con \u00e9l, a acompa\u00f1arlo en su d\u00eda a d\u00eda, en los ensayos, las giras y en su entorno para retratar al artista en sus mejores y peores momentos; y su personalidad, tan ligada a su obra y a su creatividad. Ha sido muy divertido\u201d<\/em>, afirma Fernando Le\u00f3n de Aranoa, director de la pel\u00edcula.<\/p>\n\n\n\n<p>Producido por Reposado, BTF MEDIA y Sony Music Spain, distribuido por Star Distribution, el filme permite conocer la aut\u00e9ntica personalidad de uno de los cantantes, compositores y poetas espa\u00f1oles m\u00e1s importantes de las \u00faltimas d\u00e9cadas y supone el primer trabajo de estas caracter\u00edsticas sobre Joaqu\u00edn Sabina. Es un reto que ha sido posible llevarlo adelante gracias a la estrecha relaci\u00f3n, basada en la admiraci\u00f3n y la confianza entre el m\u00fasico y el cineasta. Es la muestra del enorme talento de dos personas fundamentales en el panorama cultural de las \u00faltimas d\u00e9cadas.<\/p>\n\n\n\n<p>\u201c<strong>Sinti\u00e9ndolo mucho\u201d&nbsp;<\/strong>es parte de la oferta de&nbsp;producciones y espect\u00e1culos culturales locales relevantes de Star+, accesible desde cualquier lugar. La plataforma brinda nuevos y diferentes tipos de contenidos de entretenimiento como conciertos en vivo, lo mejor de los recitales que se llevan a cabo en el continente, premiaciones, festivales y producciones como \u201c<strong>Bios. Vidas que marcaron la tuya<\/strong>\u201d, la aclamada serie documentalque reconstruye la historia de las personalidades destacadas de la cultura popular latinoamericana&nbsp;entre ellos grandes exponentes de la m\u00fasica&nbsp;como&nbsp;<strong>Gustavo Cerati,&nbsp;Alex Lora,&nbsp;Luis Alberto Spinetta,&nbsp;Charly Garc\u00eda&nbsp;<\/strong>y&nbsp;<strong>Caf\u00e9 Tacvba y&nbsp;Andr\u00e9s Calamaro, entre otros,&nbsp;<\/strong>y revela an\u00e9cdotas y detalles desconocidos de su vida art\u00edstica y personal.<\/p>\n\n\n\n<iframe width=\"560\" height=\"315\" data-src=\"https:\/\/www.youtube.com\/embed\/aIgVzXNzpNE\" title=\"YouTube video player\" frameborder=\"0\" allow=\"accelerometer; autoplay; clipboard-write; encrypted-media; gyroscope; picture-in-picture; web-share\" allowfullscreen=\"\" src=\"data:image\/svg+xml;base64,PHN2ZyB3aWR0aD0iMSIgaGVpZ2h0PSIxIiB4bWxucz0iaHR0cDovL3d3dy53My5vcmcvMjAwMC9zdmciPjwvc3ZnPg==\" class=\"lazyload\" data-load-mode=\"1\"><\/iframe>\n<!-- AddThis Advanced Settings generic via filter on the_content --><!-- AddThis Share Buttons generic via filter on the_content -->","protected":false},"excerpt":{"rendered":"<p>DESDE EL 17 DE MARZO ESTRENA EN CINES ARGENTINOS Y A PARTIR DEL 31 DE MARZO PODR\u00c1 VERSE EXCLUSIVAMENTE EN STAR+ Star+ presenta&nbsp;\u00abSinti\u00e9ndolo mucho\u00bb, la pel\u00edcula del director&nbsp;Fernando Le\u00f3n de Aranoa&nbsp;que acompa\u00f1a a&nbsp;Joaqu\u00edn Sabina&nbsp;desde una mirada \u00edntima que cuenta qui\u00e9n es el cantante y poeta espa\u00f1ol fuera del escenario. El documental llega a los cines [&hellip;]<!-- AddThis Advanced Settings generic via filter on get_the_excerpt --><!-- AddThis Share Buttons generic via filter on get_the_excerpt --><\/p>\n","protected":false},"author":6,"featured_media":63725,"comment_status":"closed","ping_status":"open","sticky":false,"template":"","format":"standard","meta":{"_acf_changed":false,"om_disable_all_campaigns":false,"_monsterinsights_skip_tracking":false,"_monsterinsights_sitenote_active":false,"_monsterinsights_sitenote_note":"","_monsterinsights_sitenote_category":0,"_uf_show_specific_survey":0,"_uf_disable_surveys":false,"footnotes":""},"categories":[100],"tags":[],"class_list":["post-63666","post","type-post","status-publish","format-standard","has-post-thumbnail","hentry","category-noticias"],"acf":[],"aioseo_notices":[],"_links":{"self":[{"href":"https:\/\/www.lasrosas.com.ar\/portal\/wp-json\/wp\/v2\/posts\/63666","targetHints":{"allow":["GET"]}}],"collection":[{"href":"https:\/\/www.lasrosas.com.ar\/portal\/wp-json\/wp\/v2\/posts"}],"about":[{"href":"https:\/\/www.lasrosas.com.ar\/portal\/wp-json\/wp\/v2\/types\/post"}],"author":[{"embeddable":true,"href":"https:\/\/www.lasrosas.com.ar\/portal\/wp-json\/wp\/v2\/users\/6"}],"replies":[{"embeddable":true,"href":"https:\/\/www.lasrosas.com.ar\/portal\/wp-json\/wp\/v2\/comments?post=63666"}],"version-history":[{"count":0,"href":"https:\/\/www.lasrosas.com.ar\/portal\/wp-json\/wp\/v2\/posts\/63666\/revisions"}],"wp:featuredmedia":[{"embeddable":true,"href":"https:\/\/www.lasrosas.com.ar\/portal\/wp-json\/wp\/v2\/media\/63725"}],"wp:attachment":[{"href":"https:\/\/www.lasrosas.com.ar\/portal\/wp-json\/wp\/v2\/media?parent=63666"}],"wp:term":[{"taxonomy":"category","embeddable":true,"href":"https:\/\/www.lasrosas.com.ar\/portal\/wp-json\/wp\/v2\/categories?post=63666"},{"taxonomy":"post_tag","embeddable":true,"href":"https:\/\/www.lasrosas.com.ar\/portal\/wp-json\/wp\/v2\/tags?post=63666"}],"curies":[{"name":"wp","href":"https:\/\/api.w.org\/{rel}","templated":true}]}}