{"id":63465,"date":"2023-03-06T11:16:57","date_gmt":"2023-03-06T14:16:57","guid":{"rendered":"https:\/\/www.lasrosas.com.ar\/portal\/?p=63465"},"modified":"2023-03-06T11:17:48","modified_gmt":"2023-03-06T14:17:48","slug":"cordoba-shopping-vuelve-a-sorprender-con-un-especial-lanzamiento-de-la-coleccion-otono-invierno-en-trendy23","status":"publish","type":"post","link":"https:\/\/www.lasrosas.com.ar\/portal\/cordoba-shopping-vuelve-a-sorprender-con-un-especial-lanzamiento-de-la-coleccion-otono-invierno-en-trendy23\/","title":{"rendered":"C\u00d3RDOBA SHOPPING VUELVE A SORPRENDER CON UN ESPECIAL LANZAMIENTO DE LA COLECCI\u00d3N OTO\u00d1O-INVIERNO EN TRENDY#23"},"content":{"rendered":"\n<p>Para presentar las tendencias Oto\u00f1o-Invierno 2023, <a href=\"https:\/\/www.instagram.com\/cordobashopping\/?hl=es\">C\u00f3rdoba Shopping<\/a> apost\u00f3 a m\u00e1s y abri\u00f3 la temporada con un desfile \u00fanico en C\u00f3rdoba, donde las principales marcas del pa\u00eds mostraron sus colecciones. Fue un evento para todos los sentidos, que invit\u00f3 a los asistentes a disfrutar de la moda y la gastronom\u00eda en una experiencia integral. <strong>Trendy#23 <\/strong>reuni\u00f3 exclusivamente a las principales clientas del C\u00f3rdoba Shopping, medios de prensa y personalidades del mundo de la moda, como la modelo <strong>Daniela Urzi<\/strong> <a href=\"https:\/\/www.instagram.com\/danielaurzi\/?hl=es\">@danielaurzi<\/a>, reconocida por su trabajo en campa\u00f1as y pasarelas internacionales; y <strong>Paula Lamarque<\/strong> <a href=\"https:\/\/www.instagram.com\/paulalamarque\/?hl=es-la\">@paulalamarque <\/a>referente en moda y tendencia en redes sociales.<\/p>\n\n\n\n<figure class=\"wp-block-image size-large\"><img decoding=\"async\" width=\"1277\" height=\"1920\" data-src=\"https:\/\/www.lasrosas.com.ar\/portal\/wp-content\/uploads\/Vitamina-1277x1920.jpg\" alt=\"\" class=\"wp-image-63476 lazyload\" data-srcset=\"https:\/\/www.lasrosas.com.ar\/portal\/wp-content\/uploads\/Vitamina-1277x1920.jpg 1277w, https:\/\/www.lasrosas.com.ar\/portal\/wp-content\/uploads\/Vitamina-639x960.jpg 639w, https:\/\/www.lasrosas.com.ar\/portal\/wp-content\/uploads\/Vitamina-1022x1536.jpg 1022w, https:\/\/www.lasrosas.com.ar\/portal\/wp-content\/uploads\/Vitamina-scaled.jpg 1363w\" data-sizes=\"(max-width: 1277px) 100vw, 1277px\" src=\"data:image\/svg+xml;base64,PHN2ZyB3aWR0aD0iMSIgaGVpZ2h0PSIxIiB4bWxucz0iaHR0cDovL3d3dy53My5vcmcvMjAwMC9zdmciPjwvc3ZnPg==\" style=\"--smush-placeholder-width: 1277px; --smush-placeholder-aspect-ratio: 1277\/1920;\" \/><\/figure>\n\n\n\n<p><strong>Lo que se vi\u00f3 en pasarela<\/strong><\/p>\n\n\n\n<p>Del desfile participaron las marcas Rapsodia, Cher, Las Pepas, Vitamina y Jazmin Chebar que desplegaron lo mejor de sus propuestas. En las pasadas se pudo ver que el estilo comfy se consolida combinado con prendas <em>chic<\/em>. La sastrer\u00eda sigue siendo la principal protagonista con blazers oversize y pantalones pinzados muy anchos. Los abrigos de la temporada son el tapado y el c\u00e1rdigan en diferentes versiones y texturas, donde aparece el peluche en algunos detalles. En cuanto a colores, el chocolate es la nueva incorporaci\u00f3n y siguen con fuerza el fucsia y el naranja sin dejar de lado la cl\u00e1sica paleta neutra. En estampados, surgen las flores en tonos oscuros. Por \u00faltimo, la novedad es el metalizado en tejidos, una tendencia que combina dos estilos diferentes y es perfecta para darle un toque de glamour a un outfit tanto de d\u00eda como de noche. En resumen, este Oto\u00f1o-Invierno trae looks c\u00f3modos, atemporales y femeninos.<\/p>\n\n\n\n<figure class=\"wp-block-gallery columns-3 is-cropped wp-block-gallery-1 is-layout-flex wp-block-gallery-is-layout-flex\"><ul class=\"blocks-gallery-grid\"><li class=\"blocks-gallery-item\"><figure><img decoding=\"async\" width=\"1280\" height=\"1920\" data-src=\"https:\/\/www.lasrosas.com.ar\/portal\/wp-content\/uploads\/Jazmin-1-1280x1920.jpg\" alt=\"\" data-id=\"63466\" data-full-url=\"https:\/\/www.lasrosas.com.ar\/portal\/wp-content\/uploads\/Jazmin-1.jpg\" data-link=\"https:\/\/www.lasrosas.com.ar\/portal\/?attachment_id=63466\" class=\"wp-image-63466 lazyload\" data-srcset=\"https:\/\/www.lasrosas.com.ar\/portal\/wp-content\/uploads\/Jazmin-1-1280x1920.jpg 1280w, https:\/\/www.lasrosas.com.ar\/portal\/wp-content\/uploads\/Jazmin-1-640x960.jpg 640w, https:\/\/www.lasrosas.com.ar\/portal\/wp-content\/uploads\/Jazmin-1-1024x1536.jpg 1024w, https:\/\/www.lasrosas.com.ar\/portal\/wp-content\/uploads\/Jazmin-1.jpg 1333w\" data-sizes=\"(max-width: 1280px) 100vw, 1280px\" src=\"data:image\/svg+xml;base64,PHN2ZyB3aWR0aD0iMSIgaGVpZ2h0PSIxIiB4bWxucz0iaHR0cDovL3d3dy53My5vcmcvMjAwMC9zdmciPjwvc3ZnPg==\" style=\"--smush-placeholder-width: 1280px; --smush-placeholder-aspect-ratio: 1280\/1920;\" \/><\/figure><\/li><li class=\"blocks-gallery-item\"><figure><img decoding=\"async\" width=\"1280\" height=\"1920\" data-src=\"https:\/\/www.lasrosas.com.ar\/portal\/wp-content\/uploads\/Maria-Cher-1-1280x1920.jpg\" alt=\"\" data-id=\"63467\" data-full-url=\"https:\/\/www.lasrosas.com.ar\/portal\/wp-content\/uploads\/Maria-Cher-1.jpg\" data-link=\"https:\/\/www.lasrosas.com.ar\/portal\/?attachment_id=63467\" class=\"wp-image-63467 lazyload\" data-srcset=\"https:\/\/www.lasrosas.com.ar\/portal\/wp-content\/uploads\/Maria-Cher-1-1280x1920.jpg 1280w, https:\/\/www.lasrosas.com.ar\/portal\/wp-content\/uploads\/Maria-Cher-1-640x960.jpg 640w, https:\/\/www.lasrosas.com.ar\/portal\/wp-content\/uploads\/Maria-Cher-1-1024x1536.jpg 1024w, https:\/\/www.lasrosas.com.ar\/portal\/wp-content\/uploads\/Maria-Cher-1.jpg 1333w\" data-sizes=\"(max-width: 1280px) 100vw, 1280px\" src=\"data:image\/svg+xml;base64,PHN2ZyB3aWR0aD0iMSIgaGVpZ2h0PSIxIiB4bWxucz0iaHR0cDovL3d3dy53My5vcmcvMjAwMC9zdmciPjwvc3ZnPg==\" style=\"--smush-placeholder-width: 1280px; --smush-placeholder-aspect-ratio: 1280\/1920;\" \/><\/figure><\/li><li class=\"blocks-gallery-item\"><figure><img decoding=\"async\" width=\"1280\" height=\"1920\" data-src=\"https:\/\/www.lasrosas.com.ar\/portal\/wp-content\/uploads\/Jazmin-1280x1920.jpg\" alt=\"\" data-id=\"63469\" data-full-url=\"https:\/\/www.lasrosas.com.ar\/portal\/wp-content\/uploads\/Jazmin.jpg\" data-link=\"https:\/\/www.lasrosas.com.ar\/portal\/?attachment_id=63469\" class=\"wp-image-63469 lazyload\" data-srcset=\"https:\/\/www.lasrosas.com.ar\/portal\/wp-content\/uploads\/Jazmin-1280x1920.jpg 1280w, https:\/\/www.lasrosas.com.ar\/portal\/wp-content\/uploads\/Jazmin-640x960.jpg 640w, https:\/\/www.lasrosas.com.ar\/portal\/wp-content\/uploads\/Jazmin-1024x1536.jpg 1024w, https:\/\/www.lasrosas.com.ar\/portal\/wp-content\/uploads\/Jazmin.jpg 1333w\" data-sizes=\"(max-width: 1280px) 100vw, 1280px\" src=\"data:image\/svg+xml;base64,PHN2ZyB3aWR0aD0iMSIgaGVpZ2h0PSIxIiB4bWxucz0iaHR0cDovL3d3dy53My5vcmcvMjAwMC9zdmciPjwvc3ZnPg==\" style=\"--smush-placeholder-width: 1280px; --smush-placeholder-aspect-ratio: 1280\/1920;\" \/><\/figure><\/li><li class=\"blocks-gallery-item\"><figure><img decoding=\"async\" width=\"1280\" height=\"1920\" data-src=\"https:\/\/www.lasrosas.com.ar\/portal\/wp-content\/uploads\/Paula-Lamarque-1280x1920.jpg\" alt=\"\" data-id=\"63470\" data-full-url=\"https:\/\/www.lasrosas.com.ar\/portal\/wp-content\/uploads\/Paula-Lamarque.jpg\" data-link=\"https:\/\/www.lasrosas.com.ar\/portal\/?attachment_id=63470\" class=\"wp-image-63470 lazyload\" data-srcset=\"https:\/\/www.lasrosas.com.ar\/portal\/wp-content\/uploads\/Paula-Lamarque-1280x1920.jpg 1280w, https:\/\/www.lasrosas.com.ar\/portal\/wp-content\/uploads\/Paula-Lamarque-640x960.jpg 640w, https:\/\/www.lasrosas.com.ar\/portal\/wp-content\/uploads\/Paula-Lamarque-1024x1536.jpg 1024w, https:\/\/www.lasrosas.com.ar\/portal\/wp-content\/uploads\/Paula-Lamarque.jpg 1333w\" data-sizes=\"(max-width: 1280px) 100vw, 1280px\" src=\"data:image\/svg+xml;base64,PHN2ZyB3aWR0aD0iMSIgaGVpZ2h0PSIxIiB4bWxucz0iaHR0cDovL3d3dy53My5vcmcvMjAwMC9zdmciPjwvc3ZnPg==\" style=\"--smush-placeholder-width: 1280px; --smush-placeholder-aspect-ratio: 1280\/1920;\" \/><\/figure><\/li><\/ul><\/figure>\n\n\n\n<p>La <em>fashion icon<\/em> Daniela Urzi, vino especialmente a C\u00f3rdoba invitada por Vitamina. Instalada en el pa\u00eds hace varios a\u00f1os, en su presente combina la moda, la fotograf\u00eda y la m\u00fasica. \u201cSoy una afortunada en disfrutar tanto de mi trabajo\u201d. En su paso por Trendy#23 cont\u00f3 que aprecia esta apertura en el mundo de la moda de hoy \u201cCreo que hay m\u00e1s diversidad, las modelos son todas diferentes. Hay un cambio en las empresas y c\u00f3mo quieren vender sus productos, me parece fabuloso\u201d<\/p>\n\n\n\n<p>Por su lado, Paula Lamarque fue invitada por Rapsodia y estuvo muy atenta a todo el desfile sin perderse ning\u00fan detalle. Cont\u00f3 que esta temporada vienen mucho los brillos y las estampas \u201cMe gusta la propuesta \u00e9tnica y usar el metalizado para el d\u00eda\u201d Pero tambi\u00e9n aclar\u00f3 que si bien sigue las tendencias no deja de lado su estilo personal \u201cSiempre hay que respetar lo que te gusta y lo que te hace sentir c\u00f3moda.\u201d Infaltables para Paula: un abrigo de pa\u00f1o, jean con buen calce, remera blanca, camisa blanca o celeste, pantal\u00f3n negro sastrero y un vestido negro para cualquier ocasi\u00f3n.<\/p>\n\n\n\n<figure class=\"wp-block-gallery columns-3 is-cropped wp-block-gallery-2 is-layout-flex wp-block-gallery-is-layout-flex\"><ul class=\"blocks-gallery-grid\"><li class=\"blocks-gallery-item\"><figure><img decoding=\"async\" width=\"1277\" height=\"1920\" data-src=\"https:\/\/www.lasrosas.com.ar\/portal\/wp-content\/uploads\/Juan-Vidal-Center-Manager-Cordoba-Shopping-1277x1920.jpg\" alt=\"\" data-id=\"63468\" data-full-url=\"https:\/\/www.lasrosas.com.ar\/portal\/wp-content\/uploads\/Juan-Vidal-Center-Manager-Cordoba-Shopping-scaled.jpg\" data-link=\"https:\/\/www.lasrosas.com.ar\/portal\/?attachment_id=63468\" class=\"wp-image-63468 lazyload\" data-srcset=\"https:\/\/www.lasrosas.com.ar\/portal\/wp-content\/uploads\/Juan-Vidal-Center-Manager-Cordoba-Shopping-1277x1920.jpg 1277w, https:\/\/www.lasrosas.com.ar\/portal\/wp-content\/uploads\/Juan-Vidal-Center-Manager-Cordoba-Shopping-639x960.jpg 639w, https:\/\/www.lasrosas.com.ar\/portal\/wp-content\/uploads\/Juan-Vidal-Center-Manager-Cordoba-Shopping-1022x1536.jpg 1022w, https:\/\/www.lasrosas.com.ar\/portal\/wp-content\/uploads\/Juan-Vidal-Center-Manager-Cordoba-Shopping-scaled.jpg 1363w\" data-sizes=\"(max-width: 1277px) 100vw, 1277px\" src=\"data:image\/svg+xml;base64,PHN2ZyB3aWR0aD0iMSIgaGVpZ2h0PSIxIiB4bWxucz0iaHR0cDovL3d3dy53My5vcmcvMjAwMC9zdmciPjwvc3ZnPg==\" style=\"--smush-placeholder-width: 1277px; --smush-placeholder-aspect-ratio: 1277\/1920;\" \/><\/figure><\/li><li class=\"blocks-gallery-item\"><figure><img decoding=\"async\" width=\"1280\" height=\"1920\" data-src=\"https:\/\/www.lasrosas.com.ar\/portal\/wp-content\/uploads\/Rapsodia-1-1280x1920.jpg\" alt=\"\" data-id=\"63471\" data-full-url=\"https:\/\/www.lasrosas.com.ar\/portal\/wp-content\/uploads\/Rapsodia-1.jpg\" data-link=\"https:\/\/www.lasrosas.com.ar\/portal\/?attachment_id=63471\" class=\"wp-image-63471 lazyload\" data-srcset=\"https:\/\/www.lasrosas.com.ar\/portal\/wp-content\/uploads\/Rapsodia-1-1280x1920.jpg 1280w, https:\/\/www.lasrosas.com.ar\/portal\/wp-content\/uploads\/Rapsodia-1-640x960.jpg 640w, https:\/\/www.lasrosas.com.ar\/portal\/wp-content\/uploads\/Rapsodia-1-1024x1536.jpg 1024w, https:\/\/www.lasrosas.com.ar\/portal\/wp-content\/uploads\/Rapsodia-1.jpg 1333w\" data-sizes=\"(max-width: 1280px) 100vw, 1280px\" src=\"data:image\/svg+xml;base64,PHN2ZyB3aWR0aD0iMSIgaGVpZ2h0PSIxIiB4bWxucz0iaHR0cDovL3d3dy53My5vcmcvMjAwMC9zdmciPjwvc3ZnPg==\" style=\"--smush-placeholder-width: 1280px; --smush-placeholder-aspect-ratio: 1280\/1920;\" \/><\/figure><\/li><li class=\"blocks-gallery-item\"><figure><img decoding=\"async\" width=\"1280\" height=\"1920\" data-src=\"https:\/\/www.lasrosas.com.ar\/portal\/wp-content\/uploads\/Las-Pepas-1280x1920.jpg\" alt=\"\" data-id=\"63473\" data-full-url=\"https:\/\/www.lasrosas.com.ar\/portal\/wp-content\/uploads\/Las-Pepas.jpg\" data-link=\"https:\/\/www.lasrosas.com.ar\/portal\/?attachment_id=63473\" class=\"wp-image-63473 lazyload\" data-srcset=\"https:\/\/www.lasrosas.com.ar\/portal\/wp-content\/uploads\/Las-Pepas-1280x1920.jpg 1280w, https:\/\/www.lasrosas.com.ar\/portal\/wp-content\/uploads\/Las-Pepas-640x960.jpg 640w, https:\/\/www.lasrosas.com.ar\/portal\/wp-content\/uploads\/Las-Pepas-1024x1536.jpg 1024w, https:\/\/www.lasrosas.com.ar\/portal\/wp-content\/uploads\/Las-Pepas.jpg 1333w\" data-sizes=\"(max-width: 1280px) 100vw, 1280px\" src=\"data:image\/svg+xml;base64,PHN2ZyB3aWR0aD0iMSIgaGVpZ2h0PSIxIiB4bWxucz0iaHR0cDovL3d3dy53My5vcmcvMjAwMC9zdmciPjwvc3ZnPg==\" style=\"--smush-placeholder-width: 1280px; --smush-placeholder-aspect-ratio: 1280\/1920;\" \/><\/figure><\/li><li class=\"blocks-gallery-item\"><figure><img decoding=\"async\" width=\"1280\" height=\"1920\" data-src=\"https:\/\/www.lasrosas.com.ar\/portal\/wp-content\/uploads\/Rapsodia-1280x1920.jpg\" alt=\"\" data-id=\"63475\" data-full-url=\"https:\/\/www.lasrosas.com.ar\/portal\/wp-content\/uploads\/Rapsodia.jpg\" data-link=\"https:\/\/www.lasrosas.com.ar\/portal\/?attachment_id=63475\" class=\"wp-image-63475 lazyload\" data-srcset=\"https:\/\/www.lasrosas.com.ar\/portal\/wp-content\/uploads\/Rapsodia-1280x1920.jpg 1280w, https:\/\/www.lasrosas.com.ar\/portal\/wp-content\/uploads\/Rapsodia-640x960.jpg 640w, https:\/\/www.lasrosas.com.ar\/portal\/wp-content\/uploads\/Rapsodia-1024x1536.jpg 1024w, https:\/\/www.lasrosas.com.ar\/portal\/wp-content\/uploads\/Rapsodia.jpg 1333w\" data-sizes=\"(max-width: 1280px) 100vw, 1280px\" src=\"data:image\/svg+xml;base64,PHN2ZyB3aWR0aD0iMSIgaGVpZ2h0PSIxIiB4bWxucz0iaHR0cDovL3d3dy53My5vcmcvMjAwMC9zdmciPjwvc3ZnPg==\" style=\"--smush-placeholder-width: 1280px; --smush-placeholder-aspect-ratio: 1280\/1920;\" \/><\/figure><\/li><\/ul><\/figure>\n\n\n\n<p><strong>La experiencia<\/strong><\/p>\n\n\n\n<p>C\u00f3rdoba Shopping eligi\u00f3 el rest\u00f3 5 Elementos en su nueva sucursal en Villa Warcalde, para convertirlo en <strong>Trendy#23<\/strong>, donde m\u00e1s de 25 modelos desfilaron al aire libre en un contexto relajado e \u00edntimo. La pasarela rodeaba las mesas mientras los invitados disfrutaban de exquisitos sabores y tragos de autor. Lisandro Liebman es el chef que supervis\u00f3 cada detalle de la propuesta gastron\u00f3mica, que seduce el paladar bajo el concepto de los cinco elementos que forman el universo: Agua, Fuego, Aire, Tierra y \u00c9ter con el objetivo de \u201cescapar de la vida cotidiana a una dimensi\u00f3n paralela de pura armon\u00eda\u201d. Adem\u00e1s, importantes marcas acompa\u00f1aron el evento: <strong>La Olivia, Branca, Carpano y Antigal.<\/strong> Con esta propuesta innovadora, C\u00f3rdoba Shopping logr\u00f3 una experiencia exclusiva, interviniendo el espacio con su impronta, siempre superando las expectativas y poniendo todo su foco en sus clientes.&nbsp;<\/p>\n\n\n\n<p><em>As\u00ed, C\u00f3rdoba Shopping encara este 2023 reafirmando su liderazgo como el centro comercial m\u00e1s importante del interior del pa\u00eds, con ocupaci\u00f3n plena, proceso de reformas, y ofreciendo las mejores marcas, vanguardia y excelente servicio.<\/em><\/p>\n\n\n\n<figure class=\"wp-block-gallery columns-3 is-cropped wp-block-gallery-3 is-layout-flex wp-block-gallery-is-layout-flex\"><ul class=\"blocks-gallery-grid\"><li class=\"blocks-gallery-item\"><figure><img decoding=\"async\" width=\"1280\" height=\"1920\" data-src=\"https:\/\/www.lasrosas.com.ar\/portal\/wp-content\/uploads\/Daniela-Urzi-1280x1920.jpg\" alt=\"\" data-id=\"63472\" data-full-url=\"https:\/\/www.lasrosas.com.ar\/portal\/wp-content\/uploads\/Daniela-Urzi.jpg\" data-link=\"https:\/\/www.lasrosas.com.ar\/portal\/?attachment_id=63472\" class=\"wp-image-63472 lazyload\" data-srcset=\"https:\/\/www.lasrosas.com.ar\/portal\/wp-content\/uploads\/Daniela-Urzi-1280x1920.jpg 1280w, https:\/\/www.lasrosas.com.ar\/portal\/wp-content\/uploads\/Daniela-Urzi-640x960.jpg 640w, https:\/\/www.lasrosas.com.ar\/portal\/wp-content\/uploads\/Daniela-Urzi-1024x1536.jpg 1024w, https:\/\/www.lasrosas.com.ar\/portal\/wp-content\/uploads\/Daniela-Urzi.jpg 1333w\" data-sizes=\"(max-width: 1280px) 100vw, 1280px\" src=\"data:image\/svg+xml;base64,PHN2ZyB3aWR0aD0iMSIgaGVpZ2h0PSIxIiB4bWxucz0iaHR0cDovL3d3dy53My5vcmcvMjAwMC9zdmciPjwvc3ZnPg==\" style=\"--smush-placeholder-width: 1280px; --smush-placeholder-aspect-ratio: 1280\/1920;\" \/><\/figure><\/li><li class=\"blocks-gallery-item\"><figure><img decoding=\"async\" width=\"1280\" height=\"1920\" data-src=\"https:\/\/www.lasrosas.com.ar\/portal\/wp-content\/uploads\/Las-Pepas2-1280x1920.jpg\" alt=\"\" data-id=\"63474\" data-full-url=\"https:\/\/www.lasrosas.com.ar\/portal\/wp-content\/uploads\/Las-Pepas2.jpg\" data-link=\"https:\/\/www.lasrosas.com.ar\/portal\/?attachment_id=63474\" class=\"wp-image-63474 lazyload\" data-srcset=\"https:\/\/www.lasrosas.com.ar\/portal\/wp-content\/uploads\/Las-Pepas2-1280x1920.jpg 1280w, https:\/\/www.lasrosas.com.ar\/portal\/wp-content\/uploads\/Las-Pepas2-640x960.jpg 640w, https:\/\/www.lasrosas.com.ar\/portal\/wp-content\/uploads\/Las-Pepas2-1024x1536.jpg 1024w, https:\/\/www.lasrosas.com.ar\/portal\/wp-content\/uploads\/Las-Pepas2.jpg 1333w\" data-sizes=\"(max-width: 1280px) 100vw, 1280px\" src=\"data:image\/svg+xml;base64,PHN2ZyB3aWR0aD0iMSIgaGVpZ2h0PSIxIiB4bWxucz0iaHR0cDovL3d3dy53My5vcmcvMjAwMC9zdmciPjwvc3ZnPg==\" style=\"--smush-placeholder-width: 1280px; --smush-placeholder-aspect-ratio: 1280\/1920;\" \/><\/figure><\/li><li class=\"blocks-gallery-item\"><figure><img decoding=\"async\" width=\"1280\" height=\"1920\" data-src=\"https:\/\/www.lasrosas.com.ar\/portal\/wp-content\/uploads\/Vitamina-1-1280x1920.jpg\" alt=\"\" data-id=\"63477\" data-full-url=\"https:\/\/www.lasrosas.com.ar\/portal\/wp-content\/uploads\/Vitamina-1.jpg\" data-link=\"https:\/\/www.lasrosas.com.ar\/portal\/?attachment_id=63477\" class=\"wp-image-63477 lazyload\" data-srcset=\"https:\/\/www.lasrosas.com.ar\/portal\/wp-content\/uploads\/Vitamina-1-1280x1920.jpg 1280w, https:\/\/www.lasrosas.com.ar\/portal\/wp-content\/uploads\/Vitamina-1-640x960.jpg 640w, https:\/\/www.lasrosas.com.ar\/portal\/wp-content\/uploads\/Vitamina-1-1024x1536.jpg 1024w, https:\/\/www.lasrosas.com.ar\/portal\/wp-content\/uploads\/Vitamina-1.jpg 1333w\" data-sizes=\"(max-width: 1280px) 100vw, 1280px\" src=\"data:image\/svg+xml;base64,PHN2ZyB3aWR0aD0iMSIgaGVpZ2h0PSIxIiB4bWxucz0iaHR0cDovL3d3dy53My5vcmcvMjAwMC9zdmciPjwvc3ZnPg==\" style=\"--smush-placeholder-width: 1280px; --smush-placeholder-aspect-ratio: 1280\/1920;\" \/><\/figure><\/li><li class=\"blocks-gallery-item\"><figure><img decoding=\"async\" width=\"1280\" height=\"1920\" data-src=\"https:\/\/www.lasrosas.com.ar\/portal\/wp-content\/uploads\/Maria-Cher-1280x1920.jpg\" alt=\"\" data-id=\"63479\" data-full-url=\"https:\/\/www.lasrosas.com.ar\/portal\/wp-content\/uploads\/Maria-Cher.jpg\" data-link=\"https:\/\/www.lasrosas.com.ar\/portal\/?attachment_id=63479\" class=\"wp-image-63479 lazyload\" data-srcset=\"https:\/\/www.lasrosas.com.ar\/portal\/wp-content\/uploads\/Maria-Cher-1280x1920.jpg 1280w, https:\/\/www.lasrosas.com.ar\/portal\/wp-content\/uploads\/Maria-Cher-640x960.jpg 640w, https:\/\/www.lasrosas.com.ar\/portal\/wp-content\/uploads\/Maria-Cher-1024x1536.jpg 1024w, https:\/\/www.lasrosas.com.ar\/portal\/wp-content\/uploads\/Maria-Cher.jpg 1333w\" data-sizes=\"(max-width: 1280px) 100vw, 1280px\" src=\"data:image\/svg+xml;base64,PHN2ZyB3aWR0aD0iMSIgaGVpZ2h0PSIxIiB4bWxucz0iaHR0cDovL3d3dy53My5vcmcvMjAwMC9zdmciPjwvc3ZnPg==\" style=\"--smush-placeholder-width: 1280px; --smush-placeholder-aspect-ratio: 1280\/1920;\" \/><\/figure><\/li><\/ul><\/figure>\n\n\n\n<p><strong>Contacto de prensa<\/strong> &#8211; Victoria Onieva<\/p>\n\n\n\n<p>victoriaonieva@gmail.com 3513933001<\/p>\n<!-- AddThis Advanced Settings generic via filter on the_content --><!-- AddThis Share Buttons generic via filter on the_content -->","protected":false},"excerpt":{"rendered":"<p>Para presentar las tendencias Oto\u00f1o-Invierno 2023, C\u00f3rdoba Shopping apost\u00f3 a m\u00e1s y abri\u00f3 la temporada con un desfile \u00fanico en C\u00f3rdoba, donde las principales marcas del pa\u00eds mostraron sus colecciones. Fue un evento para todos los sentidos, que invit\u00f3 a los asistentes a disfrutar de la moda y la gastronom\u00eda en una experiencia integral. Trendy#23 [&hellip;]<!-- AddThis Advanced Settings generic via filter on get_the_excerpt --><!-- AddThis Share Buttons generic via filter on get_the_excerpt --><\/p>\n","protected":false},"author":6,"featured_media":63478,"comment_status":"closed","ping_status":"open","sticky":false,"template":"","format":"standard","meta":{"_acf_changed":false,"om_disable_all_campaigns":false,"_monsterinsights_skip_tracking":false,"_monsterinsights_sitenote_active":false,"_monsterinsights_sitenote_note":"","_monsterinsights_sitenote_category":0,"_uf_show_specific_survey":0,"_uf_disable_surveys":false,"footnotes":""},"categories":[234,100,30],"tags":[],"class_list":["post-63465","post","type-post","status-publish","format-standard","has-post-thumbnail","hentry","category-trend","category-noticias","category-moda"],"acf":[],"aioseo_notices":[],"_links":{"self":[{"href":"https:\/\/www.lasrosas.com.ar\/portal\/wp-json\/wp\/v2\/posts\/63465","targetHints":{"allow":["GET"]}}],"collection":[{"href":"https:\/\/www.lasrosas.com.ar\/portal\/wp-json\/wp\/v2\/posts"}],"about":[{"href":"https:\/\/www.lasrosas.com.ar\/portal\/wp-json\/wp\/v2\/types\/post"}],"author":[{"embeddable":true,"href":"https:\/\/www.lasrosas.com.ar\/portal\/wp-json\/wp\/v2\/users\/6"}],"replies":[{"embeddable":true,"href":"https:\/\/www.lasrosas.com.ar\/portal\/wp-json\/wp\/v2\/comments?post=63465"}],"version-history":[{"count":0,"href":"https:\/\/www.lasrosas.com.ar\/portal\/wp-json\/wp\/v2\/posts\/63465\/revisions"}],"wp:featuredmedia":[{"embeddable":true,"href":"https:\/\/www.lasrosas.com.ar\/portal\/wp-json\/wp\/v2\/media\/63478"}],"wp:attachment":[{"href":"https:\/\/www.lasrosas.com.ar\/portal\/wp-json\/wp\/v2\/media?parent=63465"}],"wp:term":[{"taxonomy":"category","embeddable":true,"href":"https:\/\/www.lasrosas.com.ar\/portal\/wp-json\/wp\/v2\/categories?post=63465"},{"taxonomy":"post_tag","embeddable":true,"href":"https:\/\/www.lasrosas.com.ar\/portal\/wp-json\/wp\/v2\/tags?post=63465"}],"curies":[{"name":"wp","href":"https:\/\/api.w.org\/{rel}","templated":true}]}}