{"id":6341,"date":"2018-08-16T16:16:17","date_gmt":"2018-08-16T19:16:17","guid":{"rendered":"https:\/\/www.lasrosas.com.ar\/portal\/?p=6341"},"modified":"2018-08-17T12:18:41","modified_gmt":"2018-08-17T15:18:41","slug":"el-especial-de-susana-con-tevez","status":"publish","type":"post","link":"https:\/\/www.lasrosas.com.ar\/portal\/el-especial-de-susana-con-tevez\/","title":{"rendered":"EL ESPECIAL DE SUSANA CON TEVEZ"},"content":{"rendered":"<h3><strong>En el primer programa, la diva acompa\u00f1o al jugador de boca al lugar donde creci\u00f3 y hablaron de todo.\u00a0<\/strong><\/h3>\n<p>Susana cambi\u00f3 su habitual estudio para irse a Fuerte Apache, lugar donde naci\u00f3 Carlos Tevez. Una vez all\u00ed, la gente se fue acercando al encuentro para sacarse selfies y acercarles algunos regalos. Mientras iban recorriendo surgieron an\u00e9cdotas sobre su infancia, sus inicios en el futbol y Carlitos le confes\u00f3 \u00abSoy feliz estando ac\u00e1\u00bb.\u00a0 La diva durante su paso por el barrio tuvo la oportunidad de realizar un penal en un potrero y visitar la casa donde vivi\u00f3 el \u00abapache\u00bb junto a su familia y su t\u00edo.<br \/>\nUna vez en la casa del jugador, Susana\u00a0 lo entrevist\u00f3 junto a su esposa e hijos donde le contaron sus intimidades. El especial termin\u00f3 con un asado con los amigos y familiares de Tevez.<br \/>\n<strong>La diva s\u00f3lo realizara este a\u00f1o cuatro episodios para la pantalla chica.\u00a0<\/strong><\/p>\n<p><strong>Te mostramos el momento del gol de Susana.<\/strong><\/p>\n<p><iframe title=\"Susana le hace un gol de penal a T\u00e9vez en Fuerte Apache \u2013 Especiales Susana Gim\u00e9nez\" width=\"500\" height=\"281\" data-src=\"https:\/\/www.youtube.com\/embed\/wk_PuflVJQc?feature=oembed\" frameborder=\"0\" allow=\"accelerometer; autoplay; clipboard-write; encrypted-media; gyroscope; picture-in-picture; web-share\" referrerpolicy=\"strict-origin-when-cross-origin\" allowfullscreen src=\"data:image\/svg+xml;base64,PHN2ZyB3aWR0aD0iMSIgaGVpZ2h0PSIxIiB4bWxucz0iaHR0cDovL3d3dy53My5vcmcvMjAwMC9zdmciPjwvc3ZnPg==\" class=\"lazyload\" data-load-mode=\"1\"><\/iframe><\/p>\n<!-- AddThis Advanced Settings generic via filter on the_content --><!-- AddThis Share Buttons generic via filter on the_content -->","protected":false},"excerpt":{"rendered":"<p>En el primer programa, la diva acompa\u00f1o al jugador de boca al lugar donde creci\u00f3 y hablaron de todo.\u00a0 Susana cambi\u00f3 su habitual estudio para irse a Fuerte Apache, lugar donde naci\u00f3 Carlos Tevez. Una vez all\u00ed, la gente se fue acercando al encuentro para sacarse selfies y acercarles algunos regalos. Mientras iban recorriendo surgieron [&hellip;]<!-- AddThis Advanced Settings generic via filter on get_the_excerpt --><!-- AddThis Share Buttons generic via filter on get_the_excerpt --><\/p>\n","protected":false},"author":6,"featured_media":6347,"comment_status":"closed","ping_status":"open","sticky":false,"template":"","format":"standard","meta":{"_acf_changed":false,"om_disable_all_campaigns":false,"_monsterinsights_skip_tracking":false,"_monsterinsights_sitenote_active":false,"_monsterinsights_sitenote_note":"","_monsterinsights_sitenote_category":0,"_uf_show_specific_survey":0,"_uf_disable_surveys":false,"footnotes":""},"categories":[100],"tags":[],"class_list":["post-6341","post","type-post","status-publish","format-standard","has-post-thumbnail","hentry","category-noticias"],"acf":[],"aioseo_notices":[],"_links":{"self":[{"href":"https:\/\/www.lasrosas.com.ar\/portal\/wp-json\/wp\/v2\/posts\/6341","targetHints":{"allow":["GET"]}}],"collection":[{"href":"https:\/\/www.lasrosas.com.ar\/portal\/wp-json\/wp\/v2\/posts"}],"about":[{"href":"https:\/\/www.lasrosas.com.ar\/portal\/wp-json\/wp\/v2\/types\/post"}],"author":[{"embeddable":true,"href":"https:\/\/www.lasrosas.com.ar\/portal\/wp-json\/wp\/v2\/users\/6"}],"replies":[{"embeddable":true,"href":"https:\/\/www.lasrosas.com.ar\/portal\/wp-json\/wp\/v2\/comments?post=6341"}],"version-history":[{"count":0,"href":"https:\/\/www.lasrosas.com.ar\/portal\/wp-json\/wp\/v2\/posts\/6341\/revisions"}],"wp:featuredmedia":[{"embeddable":true,"href":"https:\/\/www.lasrosas.com.ar\/portal\/wp-json\/wp\/v2\/media\/6347"}],"wp:attachment":[{"href":"https:\/\/www.lasrosas.com.ar\/portal\/wp-json\/wp\/v2\/media?parent=6341"}],"wp:term":[{"taxonomy":"category","embeddable":true,"href":"https:\/\/www.lasrosas.com.ar\/portal\/wp-json\/wp\/v2\/categories?post=6341"},{"taxonomy":"post_tag","embeddable":true,"href":"https:\/\/www.lasrosas.com.ar\/portal\/wp-json\/wp\/v2\/tags?post=6341"}],"curies":[{"name":"wp","href":"https:\/\/api.w.org\/{rel}","templated":true}]}}