{"id":63026,"date":"2023-02-22T10:25:08","date_gmt":"2023-02-22T13:25:08","guid":{"rendered":"https:\/\/www.lasrosas.com.ar\/portal\/?p=63026"},"modified":"2023-02-22T10:26:42","modified_gmt":"2023-02-22T13:26:42","slug":"como-elegir-la-fragancia-ideal-para-la-temporada-mas-calurosa-del-ano","status":"publish","type":"post","link":"https:\/\/www.lasrosas.com.ar\/portal\/como-elegir-la-fragancia-ideal-para-la-temporada-mas-calurosa-del-ano\/","title":{"rendered":"\u00bfC\u00d3MO ELEGIR LA FRAGANCIA IDEAL PARA LA TEMPORADA M\u00c1S CALUROSA DEL A\u00d1O?"},"content":{"rendered":"\n<p><em>Ver\u00f3nica Kato, perfumista exclusiva de Natura, detalla los tips para elegir perfumes en verano <\/em><\/p>\n\n\n\n<p>El perfume es uno de los art\u00edculos indispensables en el n\u00e9cessaire de los argentinos, y no hay nada m\u00e1s refrescante que exaltar la belleza con fragancias que son la cara del verano. Las altas temperaturas exigen aromas m\u00e1s ligeros y menos concentrados para el d\u00eda a d\u00eda, perfectos para proporcionar una sensaci\u00f3n de libertad con mucha sofisticaci\u00f3n.<\/p>\n\n\n\n<p>Pensando en eso, la <strong>perfumista exclusiva de Natura, Ver\u00f3nica Kato<\/strong>, ofrece consejos para elegir el perfume ideal para esta estaci\u00f3n y mantener la piel armoniosa durante todo el d\u00eda, con mucha frescura y sofisticaci\u00f3n. <em>\u00abPara el verano, las fragancias ligeras y refrescantes son las que m\u00e1s traducen el clima, como las notas acu\u00e1ticas, c\u00edtricas y florales frescas. Proporcionar\u00e1n una mayor sensaci\u00f3n de frescor y alegrar\u00e1n los d\u00edas calurosos\u00bb<\/em>, afirma.<\/p>\n\n\n\n<p>Pero, seg\u00fan la especialista, un mismo perfume puede variar de una persona a otra, esto se debe a que lo que ingiere -alimentos, medicamentos, entre otros- y el tipo de piel, influyen en la fragancia. <em>\u00abLa humedad y la temperatura de la regi\u00f3n tambi\u00e9n influyen en el aroma. En las regiones m\u00e1s secas y calurosas, el perfume se evapora m\u00e1s r\u00e1pido y la fragancia tambi\u00e9n cambia de fase m\u00e1s r\u00e1pido que en las regiones m\u00e1s h\u00famedas y frescas, que tambi\u00e9n son diferentes de las h\u00famedas y calurosas\u00bb,<\/em> explica la especialista.<\/p>\n\n\n\n<p>\u00bfY cu\u00e1l es el secreto para que la fragancia dure m\u00e1s tiempo? <em>\u00abHidratar la piel y pulverizar ligeramente la fragancia (una \u00faltima pulverizaci\u00f3n) sobre el pelo y la ropa, son materiales que no necesitan temperatura, lo que prolonga la duraci\u00f3n del perfume durante m\u00e1s tiempo\u00bb<\/em>, concluye.&nbsp;<\/p>\n\n\n\n<p>Para un verano refrescante en t\u00e9rminos de aromas, Ver\u00f3nica Kato sugiere <strong>distintas opciones<\/strong>:<br><\/p>\n\n\n\n<figure class=\"wp-block-image\"><img decoding=\"async\" data-src=\"https:\/\/lh3.googleusercontent.com\/eaCfyy12MyYXAjOqgJ8XMEN9kzUdSLhz3sEAF7RP8gqzjFDad0S_pGz6w8-vLQcuSpueOHUtIqezZlVbsn8rtSSiDCyhHs5HK3lecegLgXl7rD7NWfF_jAThzjfSxzZPNNhceEScIZd-LWlo2dP4GA\" alt=\"Botella de pl\u00e1stico\n\nDescripci\u00f3n generada autom\u00e1ticamente con confianza baja\" src=\"data:image\/svg+xml;base64,PHN2ZyB3aWR0aD0iMSIgaGVpZ2h0PSIxIiB4bWxucz0iaHR0cDovL3d3dy53My5vcmcvMjAwMC9zdmciPjwvc3ZnPg==\" class=\"lazyload\" \/><\/figure>\n\n\n\n<p><strong>Kaiak Cl\u00e1sico eau de toilette masculino \u2013 100 ml ($9.405)<\/strong><\/p>\n\n\n\n<p>Nuevo envase hecho con m\u00e1s del 50% de pl\u00e1stico reciclado extra\u00eddo de las costas. Arom\u00e1tico herbal leve, notas acuosas, Albahaca y Bergamota. Producto vegano. Al promover la cadena de reciclaje del pl\u00e1stico en las regiones costeras, Kaiak valora este material y, en consecuencia, evita que se deseche, llegue a los r\u00edos, a los manglares (tan presentes en la costa) y, finalmente, al oc\u00e9ano. Hasta ahora, con las iniciativas de circularidad de Kaiak, se han fomentado m\u00e1s de 23 toneladas de pl\u00e1stico reciclado, lo que equivale a 11,6 millones de tapones de botellas de PET. Nueva tapa, m\u00e1s intuitiva que evita roturas y facilita la apertura.<\/p>\n\n\n\n<figure class=\"wp-block-image\"><img decoding=\"async\" data-src=\"https:\/\/lh4.googleusercontent.com\/Zv1Td3kEXPlz3pC2KAF5dazLeimYUb5AqJRw_caOD52i9K9ptQ8_oOExNEVJBzY3zTn_aEIFRCzDZCpuqv6dRxAY1-oEpYteyE4NwnFMXWf3Y1ldCAhOTl8vKBK7UWUuG5cLZLfmxb3l5nbRBZ17hA\" alt=\"Botella de pl\u00e1stico\n\nDescripci\u00f3n generada autom\u00e1ticamente con confianza media\" src=\"data:image\/svg+xml;base64,PHN2ZyB3aWR0aD0iMSIgaGVpZ2h0PSIxIiB4bWxucz0iaHR0cDovL3d3dy53My5vcmcvMjAwMC9zdmciPjwvc3ZnPg==\" class=\"lazyload\" \/><\/figure>\n\n\n\n<p><strong>Kaiak Cl\u00e1sico eau de toilette femenino \u2013 100 ml ($9.405)<\/strong><\/p>\n\n\n\n<p>Nuevo envase hecho con m\u00e1s del 50% de pl\u00e1stico reciclado extra\u00eddo de las costas. C\u00edtrico floral Moderado, Bergamota, Mandarina, Jazm\u00edn. Producto vegano. Al promover la cadena de reciclaje del pl\u00e1stico en las regiones costeras, Kaiak valora este material y, en consecuencia, evita que se deseche, llegue a los r\u00edos, a los manglares (tan presentes en la costa) y, finalmente, al oc\u00e9ano. Hasta ahora, con las iniciativas de circularidad de Kaiak, se han fomentado m\u00e1s de 23 toneladas de pl\u00e1stico reciclado, lo que equivale a 11,6 millones de tapones de botellas de PET. Nueva tapa, m\u00e1s intuitiva que evita roturas y facilita la apertura.<\/p>\n\n\n\n<figure class=\"wp-block-image\"><img decoding=\"async\" data-src=\"https:\/\/lh6.googleusercontent.com\/pZdf6ZrJSbFgmeQFJ2x_kT1JU3TZGjqNH-iOwogFFFy1BaiSsxFm7Z0qisDM3WjSksts-GK0-m63d8n1LtJnreWInvrqdN-OHq3O7cPHD9iyJht3vwQEdIvmejk3Lu-UQFIJumBwJrqSEa343y2ajA\" alt=\"Botella de pl\u00e1stico\n\nDescripci\u00f3n generada autom\u00e1ticamente con confianza media\" src=\"data:image\/svg+xml;base64,PHN2ZyB3aWR0aD0iMSIgaGVpZ2h0PSIxIiB4bWxucz0iaHR0cDovL3d3dy53My5vcmcvMjAwMC9zdmciPjwvc3ZnPg==\" class=\"lazyload\" \/><\/figure>\n\n\n\n<p><strong>Kaiak Urbe eau de toilette masculino \u2013 100 ml ($9.405)<\/strong><\/p>\n\n\n\n<p>Nuevo envase hecho con m\u00e1s del 50% de pl\u00e1stico reciclado extra\u00eddo de las costas. Arom\u00e1tico herbal Moderado, Notas acuosas, S\u00e1ndalo, \u00c1mbar Producto vegano. Al promover la cadena de reciclaje del pl\u00e1stico en las regiones costeras, Kaiak valora este material y, en consecuencia, evita que se deseche, llegue a los r\u00edos, a los manglares (tan presentes en la costa) y, finalmente, al oc\u00e9ano. Hasta ahora, con las iniciativas de circularidad de Kaiak, se han fomentado m\u00e1s de 23 toneladas de pl\u00e1stico reciclado, lo que equivale a 11,6 millones de tapones de botellas de PET. Nueva tapa, m\u00e1s intuitiva que evita roturas y facilita la apertura.<br><\/p>\n\n\n\n<figure class=\"wp-block-image\"><img decoding=\"async\" data-src=\"https:\/\/lh6.googleusercontent.com\/5vCE1shlaP1f6W0S3kpFy57dJBMiwVMzKhOeGAfbab0lw0zDJZkWZUqy6TGB936jAz2orUAfeb9HT_UKEGr80cuH0oCK48-mCFibH3mwqEJLzJSXsEBcwwzbeKdnTKhg6n2ac1vtmwp0A2xTwUrRmw\" alt=\"\" src=\"data:image\/svg+xml;base64,PHN2ZyB3aWR0aD0iMSIgaGVpZ2h0PSIxIiB4bWxucz0iaHR0cDovL3d3dy53My5vcmcvMjAwMC9zdmciPjwvc3ZnPg==\" class=\"lazyload\" \/><\/figure>\n\n\n\n<p><strong>Humor Liberta eau de toilette \u2013 75ml ($ 8.800)<\/strong><\/p>\n\n\n\n<p>Humor se inspira en el esp\u00edritu libre de una generaci\u00f3n que no renuncia a ser feliz e invita a todos a tomarse la vida con m\u00e1s ligereza. Humor Liberta es una nueva fragancia para todos y propone una forma ligera y fluida de perfumar, con notas vibrantes de libertad. Celebra la libertad. Humor Liberta.&nbsp;<\/p>\n\n\n\n<p>Para equilibrar todo este afrutado amaderado y complacer a todo el mundo, Liberta tambi\u00e9n aporta algunos matices florales m\u00e1s frescos y verdes, como geranio, muguet. Las facetas de pimienta rosa tambi\u00e9n dan un hola y hacen de Liberta una fragancia ligera y fluida.<br><\/p>\n\n\n\n<figure class=\"wp-block-image\"><img decoding=\"async\" data-src=\"https:\/\/lh6.googleusercontent.com\/NSIrU9mj2p7DEOcRxI25Sy6jlrz1mR8aNXbm_BMCw1WrpATQ9EXPEg_JP5PQtUm8W8bDfK0LBEdTFwRvpSEcrgYGUox5vDgpuV7wAZAhdYfjYYbg9chmxxsjTnC5wNJX-eo9rwhHqtHlj-H670ce1g\" alt=\"\" src=\"data:image\/svg+xml;base64,PHN2ZyB3aWR0aD0iMSIgaGVpZ2h0PSIxIiB4bWxucz0iaHR0cDovL3d3dy53My5vcmcvMjAwMC9zdmciPjwvc3ZnPg==\" class=\"lazyload\" \/><\/figure>\n\n\n\n<p><strong>Ekos Frescor Pitanga eau de toilette \u2013 150 ml ($6.670)<\/strong><\/p>\n\n\n\n<p>De un Amazonas fresco e inesperado naci\u00f3 Ekos Frescor Pitanga. Frutado ligero, con fragancia extra\u00edda de las hojas de pitangueira y enriquecido con aceite esencial 100% natural de pitanga, adem\u00e1s de notas de frutas coloridas. Sus notas olfativas tienen notas de pitanga, mandarina, bergamota, naranja lima, cassis, jazm\u00edn, s\u00e1ndalo y almizcle.<br><\/p>\n\n\n\n<figure class=\"wp-block-image\"><img decoding=\"async\" data-src=\"https:\/\/lh3.googleusercontent.com\/4VWrATLEYavtyNXwcIgrAcsXL8F46om0TDS1wIyC2nMEOgrqaF_WJTS65R8ZyoYfZzc1bO6SA1C91PXt15R72UzOtAp7EcLN8iN5cwRLRI9yxuF0F2Rfc0O1X46PobaGpTOuhTylx4j7o8fGzyD6lQ\" alt=\"A picture containing text, toiletry, lotion\n\nDescription automatically generated\" src=\"data:image\/svg+xml;base64,PHN2ZyB3aWR0aD0iMSIgaGVpZ2h0PSIxIiB4bWxucz0iaHR0cDovL3d3dy53My5vcmcvMjAwMC9zdmciPjwvc3ZnPg==\" class=\"lazyload\" \/><\/figure>\n\n\n\n<p><strong>Body splash Tododia acerola e hibisco \u2013 200 ml ($4.330)<\/strong><\/p>\n\n\n\n<p>Un body splash refrescante y frutal para el verano. El cuerpo aporta la feminidad del hibisco y el envolvente fondo est\u00e1 marcado por la acerola. Adem\u00e1s de la fragancia, este Body Splash mantiene la piel hidratada durante todo el d\u00eda.<\/p>\n\n\n\n<figure class=\"wp-block-image\"><img decoding=\"async\" data-src=\"https:\/\/lh5.googleusercontent.com\/5jHhUbScDxSSB-i6eiilAEcP2hldXky7Wf_USXIDHp3frB0DB7QwG3BhMwDZ1r-Xi4dJdZvWA_6sEG4_n6rcNr16nLYOR-tjRzJCa-VclzEY4Fp7LJefJm-BCjDejxfK4MNDq-Cn3qGIrzidffQZ_g\" alt=\"\" src=\"data:image\/svg+xml;base64,PHN2ZyB3aWR0aD0iMSIgaGVpZ2h0PSIxIiB4bWxucz0iaHR0cDovL3d3dy53My5vcmcvMjAwMC9zdmciPjwvc3ZnPg==\" class=\"lazyload\" \/><\/figure>\n\n\n\n<p><strong>Essencial Exclusivo Floral &#8211; 100 ml ($15.600).<\/strong><\/p>\n\n\n\n<p>Floral Intenso, Jazm\u00edn, Osmanthus, Ylang-Ylang. Producto vegano.<\/p>\n\n\n\n<p><\/p>\n<!-- AddThis Advanced Settings generic via filter on the_content --><!-- AddThis Share Buttons generic via filter on the_content -->","protected":false},"excerpt":{"rendered":"<p>Ver\u00f3nica Kato, perfumista exclusiva de Natura, detalla los tips para elegir perfumes en verano El perfume es uno de los art\u00edculos indispensables en el n\u00e9cessaire de los argentinos, y no hay nada m\u00e1s refrescante que exaltar la belleza con fragancias que son la cara del verano. Las altas temperaturas exigen aromas m\u00e1s ligeros y menos [&hellip;]<!-- AddThis Advanced Settings generic via filter on get_the_excerpt --><!-- AddThis Share Buttons generic via filter on get_the_excerpt --><\/p>\n","protected":false},"author":6,"featured_media":63029,"comment_status":"closed","ping_status":"open","sticky":false,"template":"","format":"standard","meta":{"_acf_changed":false,"om_disable_all_campaigns":false,"_monsterinsights_skip_tracking":false,"_monsterinsights_sitenote_active":false,"_monsterinsights_sitenote_note":"","_monsterinsights_sitenote_category":0,"_uf_show_specific_survey":0,"_uf_disable_surveys":false,"footnotes":""},"categories":[100],"tags":[],"class_list":["post-63026","post","type-post","status-publish","format-standard","has-post-thumbnail","hentry","category-noticias"],"acf":[],"aioseo_notices":[],"_links":{"self":[{"href":"https:\/\/www.lasrosas.com.ar\/portal\/wp-json\/wp\/v2\/posts\/63026","targetHints":{"allow":["GET"]}}],"collection":[{"href":"https:\/\/www.lasrosas.com.ar\/portal\/wp-json\/wp\/v2\/posts"}],"about":[{"href":"https:\/\/www.lasrosas.com.ar\/portal\/wp-json\/wp\/v2\/types\/post"}],"author":[{"embeddable":true,"href":"https:\/\/www.lasrosas.com.ar\/portal\/wp-json\/wp\/v2\/users\/6"}],"replies":[{"embeddable":true,"href":"https:\/\/www.lasrosas.com.ar\/portal\/wp-json\/wp\/v2\/comments?post=63026"}],"version-history":[{"count":0,"href":"https:\/\/www.lasrosas.com.ar\/portal\/wp-json\/wp\/v2\/posts\/63026\/revisions"}],"wp:featuredmedia":[{"embeddable":true,"href":"https:\/\/www.lasrosas.com.ar\/portal\/wp-json\/wp\/v2\/media\/63029"}],"wp:attachment":[{"href":"https:\/\/www.lasrosas.com.ar\/portal\/wp-json\/wp\/v2\/media?parent=63026"}],"wp:term":[{"taxonomy":"category","embeddable":true,"href":"https:\/\/www.lasrosas.com.ar\/portal\/wp-json\/wp\/v2\/categories?post=63026"},{"taxonomy":"post_tag","embeddable":true,"href":"https:\/\/www.lasrosas.com.ar\/portal\/wp-json\/wp\/v2\/tags?post=63026"}],"curies":[{"name":"wp","href":"https:\/\/api.w.org\/{rel}","templated":true}]}}