{"id":62844,"date":"2023-02-16T11:19:26","date_gmt":"2023-02-16T14:19:26","guid":{"rendered":"https:\/\/www.lasrosas.com.ar\/portal\/?p=62844"},"modified":"2023-02-16T11:23:29","modified_gmt":"2023-02-16T14:23:29","slug":"heathers-el-musical-ya-tiene-su-elenco-y-dado-el-exito-rotundo-desde-su-anuncio-abre-nuevas-funciones","status":"publish","type":"post","link":"https:\/\/www.lasrosas.com.ar\/portal\/heathers-el-musical-ya-tiene-su-elenco-y-dado-el-exito-rotundo-desde-su-anuncio-abre-nuevas-funciones\/","title":{"rendered":"\u201cHEATHERS, EL MUSICAL\u201d  YA TIENE SU ELENCO Y, DADO EL \u00c9XITO ROTUNDO DESDE SU ANUNCIO, ABRE NUEVAS FUNCIONES"},"content":{"rendered":"\n<p><strong>\u201cHEATHERS, El musical\u201d<\/strong>, concluye su b\u00fasqueda de elenco.&nbsp;<\/p>\n\n\n\n<p>Luego de acompa\u00f1ar a&nbsp;<strong>Fer Dente<\/strong>, durante los meses de noviembre y diciembre,&nbsp;en la b\u00fasqueda federal de talentos para la obra de culto m\u00e1s esperada, llegan las confirmaciones.<\/p>\n\n\n\n<p>El aclamado musical, que tendr\u00e1 su estreno el&nbsp;<strong>1 de julio<\/strong>&nbsp;en el&nbsp;<strong>Teatro \u00d3pera<\/strong>, logr\u00f3 formar un elenco con&nbsp;<strong>un verdadero mix de talentos<\/strong>.&nbsp;<\/p>\n\n\n\n<p>Cumpliendo la premisa con la que se inici\u00f3 este proyecto, \u201cHEATHERS, El musical\u201d logr\u00f3 concluir esta primera etapa con un colorido abanico donde hay actores que se inician en su carrera profesional, otros que dan sus primeros pasos en la calle Corrientes y tienen como antecedentes el under\/off, y algunos otros que tienen proyectos en su haber pero que, con esta obra debutan en un musical, unidos por la misma pasi\u00f3n por sus carreras, los proyectos, la formaci\u00f3n permanente y las ganas de seguir creciendo.<\/p>\n\n\n\n<figure class=\"wp-block-image size-large\"><img decoding=\"async\" width=\"1280\" height=\"1920\" data-src=\"https:\/\/www.lasrosas.com.ar\/portal\/wp-content\/uploads\/unnamed-1-78-1280x1920.jpg\" alt=\"\" class=\"wp-image-62848 lazyload\" data-srcset=\"https:\/\/www.lasrosas.com.ar\/portal\/wp-content\/uploads\/unnamed-1-78-1280x1920.jpg 1280w, https:\/\/www.lasrosas.com.ar\/portal\/wp-content\/uploads\/unnamed-1-78-640x960.jpg 640w, https:\/\/www.lasrosas.com.ar\/portal\/wp-content\/uploads\/unnamed-1-78-1024x1536.jpg 1024w, https:\/\/www.lasrosas.com.ar\/portal\/wp-content\/uploads\/unnamed-1-78-scaled.jpg 1365w\" data-sizes=\"(max-width: 1280px) 100vw, 1280px\" src=\"data:image\/svg+xml;base64,PHN2ZyB3aWR0aD0iMSIgaGVpZ2h0PSIxIiB4bWxucz0iaHR0cDovL3d3dy53My5vcmcvMjAwMC9zdmciPjwvc3ZnPg==\" style=\"--smush-placeholder-width: 1280px; --smush-placeholder-aspect-ratio: 1280\/1920;\" \/><\/figure>\n\n\n\n<p>Para los coproductores responsables del desembarco de este proyecto en nuestro pa\u00eds es sumamente importante cuidar y seguir construyendo esta m\u00edstica que se ha generado y cuya base fundamental es el desarrollo del talento.\u00a0 Desde el primer d\u00eda, esto despert\u00f3 el entusiasmo de m\u00e1s de\u00a0<strong>6.000 j\u00f3venes<\/strong>\u00a0aspirantes de todo el pa\u00eds y de toda una comunidad de fan\u00e1ticos del segmento que, a\u00fan sin haber sido anunciado el elenco, agot\u00f3 las primeras funciones, por lo que sumado a la develaci\u00f3n de los nombres que dar\u00e1n vida a los personajes de esta emblem\u00e1tica producci\u00f3n, llega la confirmaci\u00f3n de apertura de nuevas funciones.<\/p>\n\n\n\n<p>Lleg\u00f3&nbsp;la hora de los anuncios:&nbsp;<\/p>\n\n\n\n<p><strong>Sofi Morandi<\/strong>&nbsp;en el rol de \u201cHeather Chandler\u201d&nbsp;<\/p>\n\n\n\n<p><strong>Nico Di Pace<\/strong>&nbsp;en el rol de JD<\/p>\n\n\n\n<p><strong>Julia Tozzi<\/strong>&nbsp;en el rol de \u201cVeronica Sawyer\u00bb, seleccionada entre los 6000 aspirantes de todo el pa\u00eds.<\/p>\n\n\n\n<p><strong>Flor Anca<\/strong>&nbsp;&nbsp;en el rol de Heather Duke<br><br><strong>Martu Loyato<\/strong>&nbsp;en el rol de Heather McNamara, seleccionada entre los 6000 aspirantes de todo el pa\u00eds.<\/p>\n\n\n\n<p><strong>Momi Giardina<\/strong>&nbsp;en el rol de la profesora<\/p>\n\n\n\n<p><strong>Completan el elenco, seleccionado&nbsp;de las audiciones abiertas de \u201cHeathers\u201d:<\/strong>&nbsp;<\/p>\n\n\n\n<p>Rocio Caldes, L\u00e1zaro Balista,\u00a0 Giuliana Tagliamonte,\u00a0 Nico Esquivel, Ludimila Piovano, Santiago Leguizamo, Ana Petrich, Paz Gutierrez, Pablo Turturiello, Santiago Toledo y Sol Wainer.<\/p>\n\n\n\n<figure class=\"wp-block-image size-large\"><img decoding=\"async\" width=\"1080\" height=\"1920\" data-src=\"https:\/\/www.lasrosas.com.ar\/portal\/wp-content\/uploads\/unnamed-4-22.jpg\" alt=\"\" class=\"wp-image-62845 lazyload\" data-srcset=\"https:\/\/www.lasrosas.com.ar\/portal\/wp-content\/uploads\/unnamed-4-22.jpg 1080w, https:\/\/www.lasrosas.com.ar\/portal\/wp-content\/uploads\/unnamed-4-22-540x960.jpg 540w, https:\/\/www.lasrosas.com.ar\/portal\/wp-content\/uploads\/unnamed-4-22-864x1536.jpg 864w\" data-sizes=\"(max-width: 1080px) 100vw, 1080px\" src=\"data:image\/svg+xml;base64,PHN2ZyB3aWR0aD0iMSIgaGVpZ2h0PSIxIiB4bWxucz0iaHR0cDovL3d3dy53My5vcmcvMjAwMC9zdmciPjwvc3ZnPg==\" style=\"--smush-placeholder-width: 1080px; --smush-placeholder-aspect-ratio: 1080\/1920;\" \/><\/figure>\n\n\n\n<p><strong>Heathers, el Musical, llega el 1ro de Julio al Teatro \u00d3pera.<\/strong><\/p>\n\n\n\n<p><strong>DEBIDO AL \u00c9XITO ROTUNDO DE BOLETER\u00cdA DE LAS FUNCIONES DEL 1 Y 2 DE JULIO<\/strong><\/p>\n\n\n\n<p><strong>NUEVAS FUNCIONES A LA VENTA PARA EL 7 y 8 de JULIO<\/strong><\/p>\n<!-- AddThis Advanced Settings generic via filter on the_content --><!-- AddThis Share Buttons generic via filter on the_content -->","protected":false},"excerpt":{"rendered":"<p>\u201cHEATHERS, El musical\u201d, concluye su b\u00fasqueda de elenco.&nbsp; Luego de acompa\u00f1ar a&nbsp;Fer Dente, durante los meses de noviembre y diciembre,&nbsp;en la b\u00fasqueda federal de talentos para la obra de culto m\u00e1s esperada, llegan las confirmaciones. El aclamado musical, que tendr\u00e1 su estreno el&nbsp;1 de julio&nbsp;en el&nbsp;Teatro \u00d3pera, logr\u00f3 formar un elenco con&nbsp;un verdadero mix de [&hellip;]<!-- AddThis Advanced Settings generic via filter on get_the_excerpt --><!-- AddThis Share Buttons generic via filter on get_the_excerpt --><\/p>\n","protected":false},"author":6,"featured_media":62846,"comment_status":"closed","ping_status":"open","sticky":false,"template":"","format":"standard","meta":{"_acf_changed":false,"om_disable_all_campaigns":false,"_monsterinsights_skip_tracking":false,"_monsterinsights_sitenote_active":false,"_monsterinsights_sitenote_note":"","_monsterinsights_sitenote_category":0,"_uf_show_specific_survey":0,"_uf_disable_surveys":false,"footnotes":""},"categories":[100],"tags":[],"class_list":["post-62844","post","type-post","status-publish","format-standard","has-post-thumbnail","hentry","category-noticias"],"acf":[],"aioseo_notices":[],"_links":{"self":[{"href":"https:\/\/www.lasrosas.com.ar\/portal\/wp-json\/wp\/v2\/posts\/62844","targetHints":{"allow":["GET"]}}],"collection":[{"href":"https:\/\/www.lasrosas.com.ar\/portal\/wp-json\/wp\/v2\/posts"}],"about":[{"href":"https:\/\/www.lasrosas.com.ar\/portal\/wp-json\/wp\/v2\/types\/post"}],"author":[{"embeddable":true,"href":"https:\/\/www.lasrosas.com.ar\/portal\/wp-json\/wp\/v2\/users\/6"}],"replies":[{"embeddable":true,"href":"https:\/\/www.lasrosas.com.ar\/portal\/wp-json\/wp\/v2\/comments?post=62844"}],"version-history":[{"count":0,"href":"https:\/\/www.lasrosas.com.ar\/portal\/wp-json\/wp\/v2\/posts\/62844\/revisions"}],"wp:featuredmedia":[{"embeddable":true,"href":"https:\/\/www.lasrosas.com.ar\/portal\/wp-json\/wp\/v2\/media\/62846"}],"wp:attachment":[{"href":"https:\/\/www.lasrosas.com.ar\/portal\/wp-json\/wp\/v2\/media?parent=62844"}],"wp:term":[{"taxonomy":"category","embeddable":true,"href":"https:\/\/www.lasrosas.com.ar\/portal\/wp-json\/wp\/v2\/categories?post=62844"},{"taxonomy":"post_tag","embeddable":true,"href":"https:\/\/www.lasrosas.com.ar\/portal\/wp-json\/wp\/v2\/tags?post=62844"}],"curies":[{"name":"wp","href":"https:\/\/api.w.org\/{rel}","templated":true}]}}