{"id":62718,"date":"2023-02-14T12:56:37","date_gmt":"2023-02-14T15:56:37","guid":{"rendered":"https:\/\/www.lasrosas.com.ar\/portal\/?p=62718"},"modified":"2023-02-14T12:56:40","modified_gmt":"2023-02-14T15:56:40","slug":"cande-molfese-y-su-proximo-proyecto","status":"publish","type":"post","link":"https:\/\/www.lasrosas.com.ar\/portal\/cande-molfese-y-su-proximo-proyecto\/","title":{"rendered":"CANDE MOLFESE Y SU PR\u00d3XIMO PROYECTO"},"content":{"rendered":"\n<p>Cande anuncia su&nbsp;debut en el mundo de la producci\u00f3n con un nuevo proyecto propio junto a dos integrantes del medio art\u00edstico el cual pr\u00f3ximamente ser\u00e1 debelado con m\u00e1s detalles.<\/p>\n\n\n\n<p>Hace 11\u00a0a\u00f1os Cande comenz\u00f3 su carrera en el medio. Desde entonces ha dado pasos\u00a0importantes en ella: ha actuado en varias series, pel\u00edculas, obras de texto, musicales y tambi\u00e9n se desempe\u00f1\u00f3 como host de varios formatos digitales. Hoy incursiona como productora.<br><br>Actualmente se encuentra finalizando su ciclo en el programa \u00abAntes Que Nadie\u00bb por Luzu Tv para dar comienzo a esta nueva etapa.<\/p>\n<!-- AddThis Advanced Settings generic via filter on the_content --><!-- AddThis Share Buttons generic via filter on the_content -->","protected":false},"excerpt":{"rendered":"<p>Cande anuncia su&nbsp;debut en el mundo de la producci\u00f3n con un nuevo proyecto propio junto a dos integrantes del medio art\u00edstico el cual pr\u00f3ximamente ser\u00e1 debelado con m\u00e1s detalles. Hace 11\u00a0a\u00f1os Cande comenz\u00f3 su carrera en el medio. Desde entonces ha dado pasos\u00a0importantes en ella: ha actuado en varias series, pel\u00edculas, obras de texto, musicales [&hellip;]<!-- AddThis Advanced Settings generic via filter on get_the_excerpt --><!-- AddThis Share Buttons generic via filter on get_the_excerpt --><\/p>\n","protected":false},"author":6,"featured_media":62719,"comment_status":"closed","ping_status":"open","sticky":false,"template":"","format":"standard","meta":{"_acf_changed":false,"om_disable_all_campaigns":false,"_monsterinsights_skip_tracking":false,"_monsterinsights_sitenote_active":false,"_monsterinsights_sitenote_note":"","_monsterinsights_sitenote_category":0,"_uf_show_specific_survey":0,"_uf_disable_surveys":false,"footnotes":""},"categories":[100],"tags":[],"class_list":["post-62718","post","type-post","status-publish","format-standard","has-post-thumbnail","hentry","category-noticias"],"acf":[],"aioseo_notices":[],"_links":{"self":[{"href":"https:\/\/www.lasrosas.com.ar\/portal\/wp-json\/wp\/v2\/posts\/62718","targetHints":{"allow":["GET"]}}],"collection":[{"href":"https:\/\/www.lasrosas.com.ar\/portal\/wp-json\/wp\/v2\/posts"}],"about":[{"href":"https:\/\/www.lasrosas.com.ar\/portal\/wp-json\/wp\/v2\/types\/post"}],"author":[{"embeddable":true,"href":"https:\/\/www.lasrosas.com.ar\/portal\/wp-json\/wp\/v2\/users\/6"}],"replies":[{"embeddable":true,"href":"https:\/\/www.lasrosas.com.ar\/portal\/wp-json\/wp\/v2\/comments?post=62718"}],"version-history":[{"count":0,"href":"https:\/\/www.lasrosas.com.ar\/portal\/wp-json\/wp\/v2\/posts\/62718\/revisions"}],"wp:featuredmedia":[{"embeddable":true,"href":"https:\/\/www.lasrosas.com.ar\/portal\/wp-json\/wp\/v2\/media\/62719"}],"wp:attachment":[{"href":"https:\/\/www.lasrosas.com.ar\/portal\/wp-json\/wp\/v2\/media?parent=62718"}],"wp:term":[{"taxonomy":"category","embeddable":true,"href":"https:\/\/www.lasrosas.com.ar\/portal\/wp-json\/wp\/v2\/categories?post=62718"},{"taxonomy":"post_tag","embeddable":true,"href":"https:\/\/www.lasrosas.com.ar\/portal\/wp-json\/wp\/v2\/tags?post=62718"}],"curies":[{"name":"wp","href":"https:\/\/api.w.org\/{rel}","templated":true}]}}