{"id":62161,"date":"2023-02-01T12:21:32","date_gmt":"2023-02-01T15:21:32","guid":{"rendered":"https:\/\/www.lasrosas.com.ar\/portal\/?p=62161"},"modified":"2023-02-01T12:21:34","modified_gmt":"2023-02-01T15:21:34","slug":"la-republica-de-cordoba-tiene-mas-poblacion-que-uruguay","status":"publish","type":"post","link":"https:\/\/www.lasrosas.com.ar\/portal\/la-republica-de-cordoba-tiene-mas-poblacion-que-uruguay\/","title":{"rendered":"LA REP\u00daBLICA DE C\u00d3RDOBA TIENE M\u00c1S POBLACI\u00d3N QUE URUGUAY"},"content":{"rendered":"\n<p> Finalmente el\u00a0<strong>Indec<\/strong>\u00a0contabiliz\u00f3 46.044.703 argentinos en su operativo censal de 2022. Detr\u00e1s de Provincia de Buenos Aires (con 17.569.053), C\u00f3rdoba qued\u00f3 en segundo lugar con 3.978.984, y por encima de Santa Fe (3.556.522) y C.A.B.A. (3.120.612). \u00bfQu\u00e9 significa? C\u00f3rdoba representa el segundo distrito electoral. \u00bfCu\u00e1les son las incongruencias que saltan a la vista con estos datos? <\/p>\n\n\n\n<p>S\u00ed, en C\u00f3rdoba ya somos m\u00e1s que en toda la Rep\u00fablica Oriental del Uruguay, que tiene 3.426.000.&nbsp;<\/p>\n\n\n\n<p>Siendo el segundo distrito econ\u00f3mico y electoral, suena il\u00f3gico que C\u00f3rdoba tenga 18 diputados nacionales, mientras que CABA (con 858.372 personas menos) tiene 25 y hasta la propia Santa Fe (con 422.462 menos que la provincia mediterr\u00e1nea), con 19 legisladores.<\/p>\n\n\n\n<p><strong>Curiosidades dentro de la provincia<\/strong><\/p>\n\n\n\n<p>Por departamento, Capital sigue siendo el m\u00e1s poblado (con 1.565.112 habitantes). Pero la novedad es que el departamento Col\u00f3n (cuya cabecera es Jes\u00fas Mar\u00eda) desplaz\u00f3 a R\u00edo Cuarto, como el segundo con mayor poblaci\u00f3n (atenci\u00f3n: 225.151 Vs. 246.393).<\/p>\n\n\n\n<p>En el cuarto lugar se mantiene San Justo (cabecera San Francisco) y quinto Punilla (cabecera Cosqu\u00edn).<\/p>\n\n\n\n<p>El departamento que m\u00e1s creci\u00f3 fue Santa Mar\u00eda (con Alta Gracia de cabecera) en un 50% respecto del censo 2010.<\/p>\n\n\n\n<p><strong>Datos salientes a nivel nacional que deja el resultado provisorio de este censo 2022<\/strong><\/p>\n\n\n\n<ul class=\"wp-block-list\"><li>La poblaci\u00f3n argentina creci\u00f3 casi 6 millones entre el censo de 2010 y el 2022 (un 14,8%).<\/li><li>La variaci\u00f3n intercensal de 14,8% super\u00f3 en mucho a la anterior del 2010 que fue del 10,6%.<\/li><li>Tierra del Fuego, Neuqu\u00e9n y San Luis fueron las 3 provincias con m\u00e1s incremento relativo.<\/li><li>La Provincia de Buenos Aires se consolida como el gran territorio poblacional con m\u00e1s de 17,5 millones de personas, aunque crece 12,4% por debajo de la media nacional (de 14,8%).<\/li><li>El distrito que menos creci\u00f3 fue CABA con 8% entre el censo 2010 y 2022 y Chaco, con un 8,3% para el mismo per\u00edodo. Parad\u00f3jicamente Corrientes (al lado de Chaco) creci\u00f3 20,6%.<\/li><li>12 provincias superan el mill\u00f3n, 2 m\u00e0s que en el relevamiento 2010: Misiones y Corrientes se suman a las provincias millonarias.<\/li><li>Del ranking de 24 provincias solo hubo 2 modificaciones: Salta super\u00f3 a Entre R\u00edos en la s\u00e9ptima posici\u00f3n y Corrientes desplaz\u00f3 a Chaco en el d\u00e9cimo lugar.<\/li><li>En Argentina, el 51.76% son mujeres y 48,22%, varones. Mientras que un 0,02 % se reconoce como no binario.<\/li><li>En el momento del relevamiento censal menos de 3.000 personas estaban en situaci\u00f3n de calle.<\/li><\/ul>\n\n\n\n<div class=\"infogram-embed\" data-id=\"7c12df14-c507-415b-9730-d36ae26a58ca\" data-type=\"interactive\" data-title=\"Untitled infographic\"><\/div><script>!function(e,i,n,s){var t=\"InfogramEmbeds\",d=e.getElementsByTagName(\"script\")[0];if(window[t]&&window[t].initialized)window[t].process&&window[t].process();else if(!e.getElementById(n)){var o=e.createElement(\"script\");o.async=1,o.id=n,o.src=\"https:\/\/e.infogram.com\/js\/dist\/embed-loader-min.js\",d.parentNode.insertBefore(o,d)}}(document,0,\"infogram-async\");<\/script><div style=\"padding:8px 0;font-family:Arial!important;font-size:13px!important;line-height:15px!important;text-align:center;border-top:1px solid #dadada;margin:0 30px\"><a href=\"https:\/\/infogram.com\/7c12df14-c507-415b-9730-d36ae26a58ca\" style=\"color:#989898!important;text-decoration:none!important;\" target=\"_blank\" rel=\"noopener noreferrer\">Untitled infographic<\/a><br><a href=\"https:\/\/infogram.com\" style=\"color:#989898!important;text-decoration:none!important;\" target=\"_blank\" rel=\"nofollow noopener noreferrer\">Infogram<\/a><\/div>\n\n\n\n<p><em>Fuente: ImfoNegocios <\/em><\/p>\n<!-- AddThis Advanced Settings generic via filter on the_content --><!-- AddThis Share Buttons generic via filter on the_content -->","protected":false},"excerpt":{"rendered":"<p>Finalmente el\u00a0Indec\u00a0contabiliz\u00f3 46.044.703 argentinos en su operativo censal de 2022. Detr\u00e1s de Provincia de Buenos Aires (con 17.569.053), C\u00f3rdoba qued\u00f3 en segundo lugar con 3.978.984, y por encima de Santa Fe (3.556.522) y C.A.B.A. (3.120.612). \u00bfQu\u00e9 significa? C\u00f3rdoba representa el segundo distrito electoral. \u00bfCu\u00e1les son las incongruencias que saltan a la vista con estos datos? [&hellip;]<!-- AddThis Advanced Settings generic via filter on get_the_excerpt --><!-- AddThis Share Buttons generic via filter on get_the_excerpt --><\/p>\n","protected":false},"author":6,"featured_media":62162,"comment_status":"closed","ping_status":"open","sticky":false,"template":"","format":"standard","meta":{"_acf_changed":false,"om_disable_all_campaigns":false,"_monsterinsights_skip_tracking":false,"_monsterinsights_sitenote_active":false,"_monsterinsights_sitenote_note":"","_monsterinsights_sitenote_category":0,"_uf_show_specific_survey":0,"_uf_disable_surveys":false,"footnotes":""},"categories":[100],"tags":[],"class_list":["post-62161","post","type-post","status-publish","format-standard","has-post-thumbnail","hentry","category-noticias"],"acf":[],"aioseo_notices":[],"_links":{"self":[{"href":"https:\/\/www.lasrosas.com.ar\/portal\/wp-json\/wp\/v2\/posts\/62161","targetHints":{"allow":["GET"]}}],"collection":[{"href":"https:\/\/www.lasrosas.com.ar\/portal\/wp-json\/wp\/v2\/posts"}],"about":[{"href":"https:\/\/www.lasrosas.com.ar\/portal\/wp-json\/wp\/v2\/types\/post"}],"author":[{"embeddable":true,"href":"https:\/\/www.lasrosas.com.ar\/portal\/wp-json\/wp\/v2\/users\/6"}],"replies":[{"embeddable":true,"href":"https:\/\/www.lasrosas.com.ar\/portal\/wp-json\/wp\/v2\/comments?post=62161"}],"version-history":[{"count":0,"href":"https:\/\/www.lasrosas.com.ar\/portal\/wp-json\/wp\/v2\/posts\/62161\/revisions"}],"wp:featuredmedia":[{"embeddable":true,"href":"https:\/\/www.lasrosas.com.ar\/portal\/wp-json\/wp\/v2\/media\/62162"}],"wp:attachment":[{"href":"https:\/\/www.lasrosas.com.ar\/portal\/wp-json\/wp\/v2\/media?parent=62161"}],"wp:term":[{"taxonomy":"category","embeddable":true,"href":"https:\/\/www.lasrosas.com.ar\/portal\/wp-json\/wp\/v2\/categories?post=62161"},{"taxonomy":"post_tag","embeddable":true,"href":"https:\/\/www.lasrosas.com.ar\/portal\/wp-json\/wp\/v2\/tags?post=62161"}],"curies":[{"name":"wp","href":"https:\/\/api.w.org\/{rel}","templated":true}]}}