{"id":59897,"date":"2022-11-23T13:48:47","date_gmt":"2022-11-23T16:48:47","guid":{"rendered":"https:\/\/www.lasrosas.com.ar\/portal\/?p=59897"},"modified":"2022-11-23T13:48:50","modified_gmt":"2022-11-23T16:48:50","slug":"semana-de-cine-del-festival-de-cannes-en-argentina","status":"publish","type":"post","link":"https:\/\/www.lasrosas.com.ar\/portal\/semana-de-cine-del-festival-de-cannes-en-argentina\/","title":{"rendered":"SEMANA DE CINE DEL FESTIVAL DE CANNES EN ARGENTINA"},"content":{"rendered":"\n<p> <strong>Del 28 de noviembre al 4 de diciembre\u00a0<\/strong>\/  <strong>Funci\u00f3n de Apertura<\/strong><br><strong>Lunes 28, 19.30 horas<\/strong> <strong>CINE GAUMONT<\/strong> <\/p>\n\n\n\n<p>El Instituto Nacional de Cine y Artes Audiovisuales (<a rel=\"noreferrer noopener\" href=\"https:\/\/instagram.us18.list-manage.com\/track\/click?u=ec7f80281f4fc1f7d5f1aa62f&amp;id=d6620148e7&amp;e=69892a4266\" target=\"_blank\">INCAA<\/a>) y el March\u00e9 du Film del Festival de Cannes presentan, en paralelo a la 14\u00b0 edici\u00f3n del mercado audiovisual Ventana Sur, la\u00a0<strong>Semana de Cine del Festival de Cannes\u00a0<\/strong>que se realizar\u00e1 en el Cine Gaumont, del 28 de noviembre al 4 de diciembre.<\/p>\n\n\n\n<p>Al igual que todos los a\u00f1os, la\u00a0<strong>Semana de Cine del Festival de Cannes<\/strong>, ser\u00e1 programada y presentada por el director general del Festival,\u00a0<strong>Thierry Fr\u00e9maux<\/strong>, y ofrecer\u00e1 una selecci\u00f3n de seis pel\u00edculas galardonadas en la \u00faltima edici\u00f3n del certamen, no estrenadas a\u00fan en Argentina.<br>Tambi\u00e9n estar\u00e1 presente el actor franc\u00e9s\u00a0<strong>Vincent Lindon<\/strong>, presidente del Jurado de la Competencia Oficial en 2022, que brindar\u00e1 una Clase Magistral el martes 29, a las 18 horas, para profesionales de la industria y estudiantes de cine.<\/p>\n\n\n\n<p>Las entradas para las pel\u00edculas y la Clase Magistral con Vicent Lindon podr\u00e1n adquirirse en la boleter\u00eda del Cine Gaumont a partir del mi\u00e9rcoles 23 de noviembre a las 12 horas y tendr\u00e1n un valor de $200.<\/p>\n\n\n\n<p><strong>PROGRAMACI\u00d3N DE LA SEMANA DE CINE DEL FESTIVAL DE CANNES 2022<\/strong><br><a rel=\"noreferrer noopener\" href=\"https:\/\/instagram.us18.list-manage.com\/track\/click?u=ec7f80281f4fc1f7d5f1aa62f&amp;id=04fc1065c5&amp;e=69892a4266\" target=\"_blank\"><strong>CINE GAUMONT<\/strong><\/a>\u00a0Rivadavia 1635, CABA<br>Sala Leonardo Favio<\/p>\n\n\n\n<figure class=\"wp-block-image size-large\"><img decoding=\"async\" width=\"496\" height=\"500\" data-src=\"https:\/\/www.lasrosas.com.ar\/portal\/wp-content\/uploads\/WhatsApp-Image-2022-11-23-at-13.48.09.jpeg\" alt=\"\" class=\"wp-image-59900 lazyload\" src=\"data:image\/svg+xml;base64,PHN2ZyB3aWR0aD0iMSIgaGVpZ2h0PSIxIiB4bWxucz0iaHR0cDovL3d3dy53My5vcmcvMjAwMC9zdmciPjwvc3ZnPg==\" style=\"--smush-placeholder-width: 496px; --smush-placeholder-aspect-ratio: 496\/500;\" \/><\/figure>\n<!-- AddThis Advanced Settings generic via filter on the_content --><!-- AddThis Share Buttons generic via filter on the_content -->","protected":false},"excerpt":{"rendered":"<p>Del 28 de noviembre al 4 de diciembre\u00a0\/ Funci\u00f3n de AperturaLunes 28, 19.30 horas CINE GAUMONT El Instituto Nacional de Cine y Artes Audiovisuales (INCAA) y el March\u00e9 du Film del Festival de Cannes presentan, en paralelo a la 14\u00b0 edici\u00f3n del mercado audiovisual Ventana Sur, la\u00a0Semana de Cine del Festival de Cannes\u00a0que se realizar\u00e1 [&hellip;]<!-- AddThis Advanced Settings generic via filter on get_the_excerpt --><!-- AddThis Share Buttons generic via filter on get_the_excerpt --><\/p>\n","protected":false},"author":6,"featured_media":59899,"comment_status":"closed","ping_status":"open","sticky":false,"template":"","format":"standard","meta":{"_acf_changed":false,"om_disable_all_campaigns":false,"_monsterinsights_skip_tracking":false,"_monsterinsights_sitenote_active":false,"_monsterinsights_sitenote_note":"","_monsterinsights_sitenote_category":0,"_uf_show_specific_survey":0,"_uf_disable_surveys":false,"footnotes":""},"categories":[100],"tags":[],"class_list":["post-59897","post","type-post","status-publish","format-standard","has-post-thumbnail","hentry","category-noticias"],"acf":[],"aioseo_notices":[],"_links":{"self":[{"href":"https:\/\/www.lasrosas.com.ar\/portal\/wp-json\/wp\/v2\/posts\/59897","targetHints":{"allow":["GET"]}}],"collection":[{"href":"https:\/\/www.lasrosas.com.ar\/portal\/wp-json\/wp\/v2\/posts"}],"about":[{"href":"https:\/\/www.lasrosas.com.ar\/portal\/wp-json\/wp\/v2\/types\/post"}],"author":[{"embeddable":true,"href":"https:\/\/www.lasrosas.com.ar\/portal\/wp-json\/wp\/v2\/users\/6"}],"replies":[{"embeddable":true,"href":"https:\/\/www.lasrosas.com.ar\/portal\/wp-json\/wp\/v2\/comments?post=59897"}],"version-history":[{"count":0,"href":"https:\/\/www.lasrosas.com.ar\/portal\/wp-json\/wp\/v2\/posts\/59897\/revisions"}],"wp:featuredmedia":[{"embeddable":true,"href":"https:\/\/www.lasrosas.com.ar\/portal\/wp-json\/wp\/v2\/media\/59899"}],"wp:attachment":[{"href":"https:\/\/www.lasrosas.com.ar\/portal\/wp-json\/wp\/v2\/media?parent=59897"}],"wp:term":[{"taxonomy":"category","embeddable":true,"href":"https:\/\/www.lasrosas.com.ar\/portal\/wp-json\/wp\/v2\/categories?post=59897"},{"taxonomy":"post_tag","embeddable":true,"href":"https:\/\/www.lasrosas.com.ar\/portal\/wp-json\/wp\/v2\/tags?post=59897"}],"curies":[{"name":"wp","href":"https:\/\/api.w.org\/{rel}","templated":true}]}}