{"id":59648,"date":"2022-11-16T11:29:05","date_gmt":"2022-11-16T14:29:05","guid":{"rendered":"https:\/\/www.lasrosas.com.ar\/portal\/?p=59648"},"modified":"2022-11-16T12:18:04","modified_gmt":"2022-11-16T15:18:04","slug":"nutrisse-presenta-su-nueva-formula-con-aceites-naturales-y-de-origen-responsable","status":"publish","type":"post","link":"https:\/\/www.lasrosas.com.ar\/portal\/nutrisse-presenta-su-nueva-formula-con-aceites-naturales-y-de-origen-responsable\/","title":{"rendered":"NUTRISSE PRESENTA SU NUEVA F\u00d3RMULA CON ACEITES NATURALES Y DE ORIGEN RESPONSABLE"},"content":{"rendered":"\n<p><em>#MiMejorVersi\u00f3nConNutrisse<\/em><\/p>\n\n\n\n<p><em>En un encuentro\ninteractivo y a todo color, la marca di\u00f3 a conocer los ingredientes naturales\nque componen la nueva f\u00f3rmula de sus productos: palta, soja, oliva y nuez de la\nAmazonia.<\/em><em> <\/em><\/p>\n\n\n\n<p><strong>Garnier<\/strong>, la marca n\u00famero uno de belleza natural y cuarta marca de belleza del mundo, present\u00f3 la innovadora f\u00f3rmula de <strong>Nutrisse<\/strong> que promete un color luminoso, vibrante y duradero, cubriendo el 100% de las canas hasta por 8 semanas. Con la participaci\u00f3n de <strong>Paula Chaves,<\/strong> embajadora local de la marca, distintos referentes de belleza pudieron conocer de un modo interactivo, los componentes de los productos de coloraci\u00f3n.<\/p>\n\n\n\n<p>La\nnueva f\u00f3rmula est\u00e1 enriquecida con <strong>4\naceites naturales y de origen responsable:&nbsp;\naceite de palta, soja, oliva y nuez de la Amazonia <\/strong>que nutren y dan\nbrillo al cabello reteniendo el color de la ra\u00edz a las puntas. Se trata de una\nf\u00f3rmula vegana, que cuenta con la aprobaci\u00f3n de Cruelty Free International,\ntesteada dermatol\u00f3gicamente y apta para cel\u00edacos.Adem\u00e1s, la exclusiva gota con aceites hidratantes que acompa\u00f1a el\nkit, otorga un shot extra de nutrici\u00f3n. <\/p>\n\n\n\n<p>El\nlanzamiento tuvo lugar en \u201cLas Flores\u201d, ubicado en Palermo, donde se desarroll\u00f3\nun evento A TODO COLOR, que invit\u00f3 a los asistentes a celebrar su mejor versi\u00f3n\ny conocer una coloraci\u00f3n que \u201cnutre lo mejor de cada uno\u201d.<\/p>\n\n\n\n<p>Adem\u00e1s\nde la participaci\u00f3n de<strong> Paula Chav\u00e9s como\nanfitriona del encuentro<\/strong>, tambi\u00e9n participaron<strong> Mar\u00eda del Cerro<\/strong> y <strong>Zaira\nNara, <\/strong>quienes interactuaron para dar a conocer las propiedades de la nueva\nf\u00f3rmula e invitaron a los presentes a realizar diversas actividades rodeados de\nespacios verdes. De este modo, los invitados disfrutaron de un taller de\nestampado, una&nbsp; m\u00e1quina de jackpot con\ndistintos premios, exhibidores de producto y un spot de fotos con efecto caleidoscopio\npara verse 8 veces con el pelo incre\u00edble, haciendo un gui\u00f1o muy original a las\n8 semanas de color vibrante que trae Nutrisse.<\/p>\n\n\n\n<figure class=\"wp-block-gallery columns-3 is-cropped wp-block-gallery-1 is-layout-flex wp-block-gallery-is-layout-flex\"><ul class=\"blocks-gallery-grid\"><li class=\"blocks-gallery-item\"><figure><img decoding=\"async\" width=\"1280\" height=\"1920\" data-src=\"https:\/\/www.lasrosas.com.ar\/portal\/wp-content\/uploads\/Zaira-Nara-Nutrisse-de-Garnier-1280x1920.jpg\" alt=\"\" data-id=\"59649\" data-full-url=\"https:\/\/www.lasrosas.com.ar\/portal\/wp-content\/uploads\/Zaira-Nara-Nutrisse-de-Garnier-scaled.jpg\" data-link=\"https:\/\/www.lasrosas.com.ar\/portal\/?attachment_id=59649\" class=\"wp-image-59649 lazyload\" data-srcset=\"https:\/\/www.lasrosas.com.ar\/portal\/wp-content\/uploads\/Zaira-Nara-Nutrisse-de-Garnier-1280x1920.jpg 1280w, https:\/\/www.lasrosas.com.ar\/portal\/wp-content\/uploads\/Zaira-Nara-Nutrisse-de-Garnier-640x960.jpg 640w, https:\/\/www.lasrosas.com.ar\/portal\/wp-content\/uploads\/Zaira-Nara-Nutrisse-de-Garnier-1024x1536.jpg 1024w, https:\/\/www.lasrosas.com.ar\/portal\/wp-content\/uploads\/Zaira-Nara-Nutrisse-de-Garnier-scaled.jpg 1365w\" data-sizes=\"(max-width: 1280px) 100vw, 1280px\" src=\"data:image\/svg+xml;base64,PHN2ZyB3aWR0aD0iMSIgaGVpZ2h0PSIxIiB4bWxucz0iaHR0cDovL3d3dy53My5vcmcvMjAwMC9zdmciPjwvc3ZnPg==\" style=\"--smush-placeholder-width: 1280px; --smush-placeholder-aspect-ratio: 1280\/1920;\" \/><\/figure><\/li><li class=\"blocks-gallery-item\"><figure><img decoding=\"async\" width=\"1280\" height=\"1920\" data-src=\"https:\/\/www.lasrosas.com.ar\/portal\/wp-content\/uploads\/Paula-Chaves-Nutrisse-de-Garnier-1280x1920.jpg\" alt=\"\" data-id=\"59650\" data-full-url=\"https:\/\/www.lasrosas.com.ar\/portal\/wp-content\/uploads\/Paula-Chaves-Nutrisse-de-Garnier-scaled.jpg\" data-link=\"https:\/\/www.lasrosas.com.ar\/portal\/?attachment_id=59650\" class=\"wp-image-59650 lazyload\" data-srcset=\"https:\/\/www.lasrosas.com.ar\/portal\/wp-content\/uploads\/Paula-Chaves-Nutrisse-de-Garnier-1280x1920.jpg 1280w, https:\/\/www.lasrosas.com.ar\/portal\/wp-content\/uploads\/Paula-Chaves-Nutrisse-de-Garnier-640x960.jpg 640w, https:\/\/www.lasrosas.com.ar\/portal\/wp-content\/uploads\/Paula-Chaves-Nutrisse-de-Garnier-1024x1536.jpg 1024w, https:\/\/www.lasrosas.com.ar\/portal\/wp-content\/uploads\/Paula-Chaves-Nutrisse-de-Garnier-scaled.jpg 1365w\" data-sizes=\"(max-width: 1280px) 100vw, 1280px\" src=\"data:image\/svg+xml;base64,PHN2ZyB3aWR0aD0iMSIgaGVpZ2h0PSIxIiB4bWxucz0iaHR0cDovL3d3dy53My5vcmcvMjAwMC9zdmciPjwvc3ZnPg==\" style=\"--smush-placeholder-width: 1280px; --smush-placeholder-aspect-ratio: 1280\/1920;\" \/><\/figure><\/li><li class=\"blocks-gallery-item\"><figure><img decoding=\"async\" width=\"1280\" height=\"1920\" data-src=\"https:\/\/www.lasrosas.com.ar\/portal\/wp-content\/uploads\/Mica-Vazquez-Nutrisse-de-Garnier-1280x1920.jpg\" alt=\"\" data-id=\"59652\" data-full-url=\"https:\/\/www.lasrosas.com.ar\/portal\/wp-content\/uploads\/Mica-Vazquez-Nutrisse-de-Garnier-scaled.jpg\" data-link=\"https:\/\/www.lasrosas.com.ar\/portal\/?attachment_id=59652\" class=\"wp-image-59652 lazyload\" data-srcset=\"https:\/\/www.lasrosas.com.ar\/portal\/wp-content\/uploads\/Mica-Vazquez-Nutrisse-de-Garnier-1280x1920.jpg 1280w, https:\/\/www.lasrosas.com.ar\/portal\/wp-content\/uploads\/Mica-Vazquez-Nutrisse-de-Garnier-640x960.jpg 640w, https:\/\/www.lasrosas.com.ar\/portal\/wp-content\/uploads\/Mica-Vazquez-Nutrisse-de-Garnier-1024x1536.jpg 1024w, https:\/\/www.lasrosas.com.ar\/portal\/wp-content\/uploads\/Mica-Vazquez-Nutrisse-de-Garnier-scaled.jpg 1365w\" data-sizes=\"(max-width: 1280px) 100vw, 1280px\" src=\"data:image\/svg+xml;base64,PHN2ZyB3aWR0aD0iMSIgaGVpZ2h0PSIxIiB4bWxucz0iaHR0cDovL3d3dy53My5vcmcvMjAwMC9zdmciPjwvc3ZnPg==\" style=\"--smush-placeholder-width: 1280px; --smush-placeholder-aspect-ratio: 1280\/1920;\" \/><\/figure><\/li><li class=\"blocks-gallery-item\"><figure><img decoding=\"async\" width=\"1280\" height=\"1920\" data-src=\"https:\/\/www.lasrosas.com.ar\/portal\/wp-content\/uploads\/Mel-Lezcano-Nutrisse-de-Garnier.-1280x1920.jpg\" alt=\"\" data-id=\"59653\" data-full-url=\"https:\/\/www.lasrosas.com.ar\/portal\/wp-content\/uploads\/Mel-Lezcano-Nutrisse-de-Garnier.-scaled.jpg\" data-link=\"https:\/\/www.lasrosas.com.ar\/portal\/?attachment_id=59653\" class=\"wp-image-59653 lazyload\" data-srcset=\"https:\/\/www.lasrosas.com.ar\/portal\/wp-content\/uploads\/Mel-Lezcano-Nutrisse-de-Garnier.-1280x1920.jpg 1280w, https:\/\/www.lasrosas.com.ar\/portal\/wp-content\/uploads\/Mel-Lezcano-Nutrisse-de-Garnier.-640x960.jpg 640w, https:\/\/www.lasrosas.com.ar\/portal\/wp-content\/uploads\/Mel-Lezcano-Nutrisse-de-Garnier.-1024x1536.jpg 1024w, https:\/\/www.lasrosas.com.ar\/portal\/wp-content\/uploads\/Mel-Lezcano-Nutrisse-de-Garnier.-scaled.jpg 1365w\" data-sizes=\"(max-width: 1280px) 100vw, 1280px\" src=\"data:image\/svg+xml;base64,PHN2ZyB3aWR0aD0iMSIgaGVpZ2h0PSIxIiB4bWxucz0iaHR0cDovL3d3dy53My5vcmcvMjAwMC9zdmciPjwvc3ZnPg==\" style=\"--smush-placeholder-width: 1280px; --smush-placeholder-aspect-ratio: 1280\/1920;\" \/><\/figure><\/li><li class=\"blocks-gallery-item\"><figure><img decoding=\"async\" width=\"1280\" height=\"1920\" data-src=\"https:\/\/www.lasrosas.com.ar\/portal\/wp-content\/uploads\/Maria-del-Cerro-Nutrisse-de-Garnier.-1280x1920.jpg\" alt=\"\" data-id=\"59654\" data-full-url=\"https:\/\/www.lasrosas.com.ar\/portal\/wp-content\/uploads\/Maria-del-Cerro-Nutrisse-de-Garnier.-scaled.jpg\" data-link=\"https:\/\/www.lasrosas.com.ar\/portal\/?attachment_id=59654\" class=\"wp-image-59654 lazyload\" data-srcset=\"https:\/\/www.lasrosas.com.ar\/portal\/wp-content\/uploads\/Maria-del-Cerro-Nutrisse-de-Garnier.-1280x1920.jpg 1280w, https:\/\/www.lasrosas.com.ar\/portal\/wp-content\/uploads\/Maria-del-Cerro-Nutrisse-de-Garnier.-640x960.jpg 640w, https:\/\/www.lasrosas.com.ar\/portal\/wp-content\/uploads\/Maria-del-Cerro-Nutrisse-de-Garnier.-1024x1536.jpg 1024w, https:\/\/www.lasrosas.com.ar\/portal\/wp-content\/uploads\/Maria-del-Cerro-Nutrisse-de-Garnier.-scaled.jpg 1365w\" data-sizes=\"(max-width: 1280px) 100vw, 1280px\" src=\"data:image\/svg+xml;base64,PHN2ZyB3aWR0aD0iMSIgaGVpZ2h0PSIxIiB4bWxucz0iaHR0cDovL3d3dy53My5vcmcvMjAwMC9zdmciPjwvc3ZnPg==\" style=\"--smush-placeholder-width: 1280px; --smush-placeholder-aspect-ratio: 1280\/1920;\" \/><\/figure><\/li><li class=\"blocks-gallery-item\"><figure><img decoding=\"async\" width=\"1280\" height=\"1920\" data-src=\"https:\/\/www.lasrosas.com.ar\/portal\/wp-content\/uploads\/Cande-Molfese-Nutrisse-de-Garnier.jpg-1280x1920.jpg\" alt=\"\" data-id=\"59656\" data-full-url=\"https:\/\/www.lasrosas.com.ar\/portal\/wp-content\/uploads\/Cande-Molfese-Nutrisse-de-Garnier.jpg-scaled.jpg\" data-link=\"https:\/\/www.lasrosas.com.ar\/portal\/nutrisse-presenta-su-nueva-formula-con-aceites-naturales-y-de-origen-responsable\/cande-molfese-nutrisse-de-garnier-jpg\/\" class=\"wp-image-59656 lazyload\" data-srcset=\"https:\/\/www.lasrosas.com.ar\/portal\/wp-content\/uploads\/Cande-Molfese-Nutrisse-de-Garnier.jpg-1280x1920.jpg 1280w, https:\/\/www.lasrosas.com.ar\/portal\/wp-content\/uploads\/Cande-Molfese-Nutrisse-de-Garnier.jpg-640x960.jpg 640w, https:\/\/www.lasrosas.com.ar\/portal\/wp-content\/uploads\/Cande-Molfese-Nutrisse-de-Garnier.jpg-1024x1536.jpg 1024w, https:\/\/www.lasrosas.com.ar\/portal\/wp-content\/uploads\/Cande-Molfese-Nutrisse-de-Garnier.jpg-scaled.jpg 1365w\" data-sizes=\"(max-width: 1280px) 100vw, 1280px\" src=\"data:image\/svg+xml;base64,PHN2ZyB3aWR0aD0iMSIgaGVpZ2h0PSIxIiB4bWxucz0iaHR0cDovL3d3dy53My5vcmcvMjAwMC9zdmciPjwvc3ZnPg==\" style=\"--smush-placeholder-width: 1280px; --smush-placeholder-aspect-ratio: 1280\/1920;\" \/><\/figure><\/li><li class=\"blocks-gallery-item\"><figure><img decoding=\"async\" width=\"1280\" height=\"1920\" data-src=\"https:\/\/www.lasrosas.com.ar\/portal\/wp-content\/uploads\/Paula-Chaves-Zaira-Nara-y-Maria-del-Cerro-1-1280x1920.jpg\" alt=\"\" data-id=\"59657\" data-full-url=\"https:\/\/www.lasrosas.com.ar\/portal\/wp-content\/uploads\/Paula-Chaves-Zaira-Nara-y-Maria-del-Cerro-1-scaled.jpg\" data-link=\"https:\/\/www.lasrosas.com.ar\/portal\/nutrisse-presenta-su-nueva-formula-con-aceites-naturales-y-de-origen-responsable\/paula-chaves-zaira-nara-y-maria-del-cerro-1\/\" class=\"wp-image-59657 lazyload\" data-srcset=\"https:\/\/www.lasrosas.com.ar\/portal\/wp-content\/uploads\/Paula-Chaves-Zaira-Nara-y-Maria-del-Cerro-1-1280x1920.jpg 1280w, https:\/\/www.lasrosas.com.ar\/portal\/wp-content\/uploads\/Paula-Chaves-Zaira-Nara-y-Maria-del-Cerro-1-640x960.jpg 640w, https:\/\/www.lasrosas.com.ar\/portal\/wp-content\/uploads\/Paula-Chaves-Zaira-Nara-y-Maria-del-Cerro-1-1024x1536.jpg 1024w, https:\/\/www.lasrosas.com.ar\/portal\/wp-content\/uploads\/Paula-Chaves-Zaira-Nara-y-Maria-del-Cerro-1-scaled.jpg 1365w\" data-sizes=\"(max-width: 1280px) 100vw, 1280px\" src=\"data:image\/svg+xml;base64,PHN2ZyB3aWR0aD0iMSIgaGVpZ2h0PSIxIiB4bWxucz0iaHR0cDovL3d3dy53My5vcmcvMjAwMC9zdmciPjwvc3ZnPg==\" style=\"--smush-placeholder-width: 1280px; --smush-placeholder-aspect-ratio: 1280\/1920;\" \/><\/figure><\/li><li class=\"blocks-gallery-item\"><figure><img decoding=\"async\" width=\"1280\" height=\"1920\" data-src=\"https:\/\/www.lasrosas.com.ar\/portal\/wp-content\/uploads\/Paula-Chaves-Zaira-Nara-y-Maria-del-Cerro-1280x1920.jpg\" alt=\"\" data-id=\"59658\" data-full-url=\"https:\/\/www.lasrosas.com.ar\/portal\/wp-content\/uploads\/Paula-Chaves-Zaira-Nara-y-Maria-del-Cerro-scaled.jpg\" data-link=\"https:\/\/www.lasrosas.com.ar\/portal\/nutrisse-presenta-su-nueva-formula-con-aceites-naturales-y-de-origen-responsable\/paula-chaves-zaira-nara-y-maria-del-cerro\/\" class=\"wp-image-59658 lazyload\" data-srcset=\"https:\/\/www.lasrosas.com.ar\/portal\/wp-content\/uploads\/Paula-Chaves-Zaira-Nara-y-Maria-del-Cerro-1280x1920.jpg 1280w, https:\/\/www.lasrosas.com.ar\/portal\/wp-content\/uploads\/Paula-Chaves-Zaira-Nara-y-Maria-del-Cerro-640x960.jpg 640w, https:\/\/www.lasrosas.com.ar\/portal\/wp-content\/uploads\/Paula-Chaves-Zaira-Nara-y-Maria-del-Cerro-1024x1536.jpg 1024w, https:\/\/www.lasrosas.com.ar\/portal\/wp-content\/uploads\/Paula-Chaves-Zaira-Nara-y-Maria-del-Cerro-scaled.jpg 1365w\" data-sizes=\"(max-width: 1280px) 100vw, 1280px\" src=\"data:image\/svg+xml;base64,PHN2ZyB3aWR0aD0iMSIgaGVpZ2h0PSIxIiB4bWxucz0iaHR0cDovL3d3dy53My5vcmcvMjAwMC9zdmciPjwvc3ZnPg==\" style=\"--smush-placeholder-width: 1280px; --smush-placeholder-aspect-ratio: 1280\/1920;\" \/><\/figure><\/li><li class=\"blocks-gallery-item\"><figure><img decoding=\"async\" width=\"1280\" height=\"1920\" data-src=\"https:\/\/www.lasrosas.com.ar\/portal\/wp-content\/uploads\/Micaela-Vazquez-Cande-Molfese-y-Melina-Lezcano.-1280x1920.jpg\" alt=\"\" data-id=\"59659\" data-full-url=\"https:\/\/www.lasrosas.com.ar\/portal\/wp-content\/uploads\/Micaela-Vazquez-Cande-Molfese-y-Melina-Lezcano.-scaled.jpg\" data-link=\"https:\/\/www.lasrosas.com.ar\/portal\/nutrisse-presenta-su-nueva-formula-con-aceites-naturales-y-de-origen-responsable\/micaela-vazquez-cande-molfese-y-melina-lezcano\/\" class=\"wp-image-59659 lazyload\" data-srcset=\"https:\/\/www.lasrosas.com.ar\/portal\/wp-content\/uploads\/Micaela-Vazquez-Cande-Molfese-y-Melina-Lezcano.-1280x1920.jpg 1280w, https:\/\/www.lasrosas.com.ar\/portal\/wp-content\/uploads\/Micaela-Vazquez-Cande-Molfese-y-Melina-Lezcano.-640x960.jpg 640w, https:\/\/www.lasrosas.com.ar\/portal\/wp-content\/uploads\/Micaela-Vazquez-Cande-Molfese-y-Melina-Lezcano.-1024x1536.jpg 1024w, https:\/\/www.lasrosas.com.ar\/portal\/wp-content\/uploads\/Micaela-Vazquez-Cande-Molfese-y-Melina-Lezcano.-scaled.jpg 1365w\" data-sizes=\"(max-width: 1280px) 100vw, 1280px\" src=\"data:image\/svg+xml;base64,PHN2ZyB3aWR0aD0iMSIgaGVpZ2h0PSIxIiB4bWxucz0iaHR0cDovL3d3dy53My5vcmcvMjAwMC9zdmciPjwvc3ZnPg==\" style=\"--smush-placeholder-width: 1280px; --smush-placeholder-aspect-ratio: 1280\/1920;\" \/><\/figure><\/li><li class=\"blocks-gallery-item\"><figure><img decoding=\"async\" width=\"1280\" height=\"1920\" data-src=\"https:\/\/www.lasrosas.com.ar\/portal\/wp-content\/uploads\/Paula-Chaves-Zaira-Nara-Maria-del-Cerro-Micaela-Vazquez-Cande-Molfese-y-Melina-Lezcano.-1-1280x1920.jpg\" alt=\"\" data-id=\"59661\" data-full-url=\"https:\/\/www.lasrosas.com.ar\/portal\/wp-content\/uploads\/Paula-Chaves-Zaira-Nara-Maria-del-Cerro-Micaela-Vazquez-Cande-Molfese-y-Melina-Lezcano.-1-scaled.jpg\" data-link=\"https:\/\/www.lasrosas.com.ar\/portal\/nutrisse-presenta-su-nueva-formula-con-aceites-naturales-y-de-origen-responsable\/paula-chaves-zaira-nara-maria-del-cerro-micaela-vazquez-cande-molfese-y-melina-lezcano-1\/\" class=\"wp-image-59661 lazyload\" data-srcset=\"https:\/\/www.lasrosas.com.ar\/portal\/wp-content\/uploads\/Paula-Chaves-Zaira-Nara-Maria-del-Cerro-Micaela-Vazquez-Cande-Molfese-y-Melina-Lezcano.-1-1280x1920.jpg 1280w, https:\/\/www.lasrosas.com.ar\/portal\/wp-content\/uploads\/Paula-Chaves-Zaira-Nara-Maria-del-Cerro-Micaela-Vazquez-Cande-Molfese-y-Melina-Lezcano.-1-640x960.jpg 640w, https:\/\/www.lasrosas.com.ar\/portal\/wp-content\/uploads\/Paula-Chaves-Zaira-Nara-Maria-del-Cerro-Micaela-Vazquez-Cande-Molfese-y-Melina-Lezcano.-1-1024x1536.jpg 1024w, https:\/\/www.lasrosas.com.ar\/portal\/wp-content\/uploads\/Paula-Chaves-Zaira-Nara-Maria-del-Cerro-Micaela-Vazquez-Cande-Molfese-y-Melina-Lezcano.-1-scaled.jpg 1365w\" data-sizes=\"(max-width: 1280px) 100vw, 1280px\" src=\"data:image\/svg+xml;base64,PHN2ZyB3aWR0aD0iMSIgaGVpZ2h0PSIxIiB4bWxucz0iaHR0cDovL3d3dy53My5vcmcvMjAwMC9zdmciPjwvc3ZnPg==\" style=\"--smush-placeholder-width: 1280px; --smush-placeholder-aspect-ratio: 1280\/1920;\" \/><\/figure><\/li><\/ul><\/figure>\n\n\n\n<p>De\nesta manera, <strong>Nutrisse<\/strong> brind\u00f3 una\nexperiencia \u00fanica para conocer la renovaci\u00f3n de su portfolio de productos de\ncoloraci\u00f3n en un encuentro con mucho color, que destac\u00f3 las principales\npropiedades: color, duraci\u00f3n y nutrici\u00f3n, junto a la sustentabilidad como pilar\nde todos sus productos.<\/p>\n\n\n\n<p><strong>MODO\nDE APLICACI\u00d3N DEL PRODUCTO: <\/strong><\/p>\n\n\n\n<p><strong>Primer\npaso:<\/strong> Realizaci\u00f3n de la prueba de alergia cut\u00e1nea.<\/p>\n\n\n\n<p>&#8211;&nbsp;48 h antes de aplicar la coloraci\u00f3n, realiza el test de alergia aplicando un poco de producto por detr\u00e1s de tu oreja. Lea detenidamente en el estuche las instrucciones para realizar la prueba de alergia.<\/p>\n\n\n\n<p><strong>Segundo\npaso: <\/strong>Seguir las instrucciones de aplicaci\u00f3n que\nvienen impresas en la cara interna de la caja\npara un resultado excelente.<\/p>\n\n\n\n<p>&#8211;&nbsp;&nbsp;Colocarse los guantes antes de empezar.<\/p>\n\n\n\n<p>&#8211;&nbsp;Agregar la gota nutritiva y la m\u00e1scara colorante a la crema reveladora. Cerrar bien y agitar hasta lograr una mezcla homog\u00e9nea.<\/p>\n\n\n\n<p>&#8211;&nbsp;Distribuir la mezcla sobre las ra\u00edces separando el pelo de a mechones.<\/p>\n\n\n\n<p>&#8211;&nbsp;Para un cabello con canas, aplicar el producto primero donde hay mayor concentraci\u00f3n de canas y despu\u00e9s distribuir la mezcla por el resto del cabello.<\/p>\n\n\n\n<p>Tip<strong>:<\/strong>\nConserv\u00e1 el tratamiento restante para usarlo una segunda vez.<\/p>\n\n\n\n<p><strong>Tercer paso:<\/strong> <\/p>\n\n\n\n<p>-Enjuague y tratamiento<\/p>\n\n\n\n<p>&#8211;&nbsp;Pasado el tiempo de espera, emulsionar la tintura con abundante agua tibia.<\/p>\n\n\n\n<p>&#8211;&nbsp;Pasados 7 d\u00edas, aplicar todo el contenido del segundo sachet de tratamiento, luego de lavar el cabello.<\/p>\n\n\n\n<p>&#8211;&nbsp;Enjuagar y peinar como de costumbre.<\/p>\n\n\n\n<p><strong><em>Acerca de Garnier<\/em><\/strong><\/p>\n\n\n\n<p><em>Garnier\nes una marca de belleza global, accesible a todos, con la ambici\u00f3n de\nconvertirse en la primera marca verdaderamente sostenible y natural en el\nmercado masivo. Desde 1904, Garnier ofrece productos de belleza eficaces e\ninnovadores, inspirados y enriquecidos por la naturaleza. Natural, accesible y\nsostenible, la marca Garnier est\u00e1 animada por sus marcas filiales: Fructis,\nUltra Doux, Garnier Bio, SkinActive, Ambre Solaire, Ol\u00eda, Nutrisse y Cor\nIntensa. <\/em><\/p>\n\n\n\n<p><em>En\nArgentina, la marca tiene presencia desde el a\u00f1o 2.000 y actualmente cuenta con\nun portfolio de productos que abarcan tres de las principales categor\u00edas de\nbelleza: cuidado del cabello, cuidado de la piel y coloraci\u00f3n.<\/em><\/p>\n\n\n\n<p><a href=\"http:\/\/www.garnier.com.ar\"><strong><em>www.garnier.com.ar<\/em><\/strong><\/a><strong><em><\/em><\/strong><\/p>\n\n\n\n<p><a href=\"http:\/\/www.instagram.com\/garnier.arg.uy\/\"><strong><em>www.instagram.com\/garnier.arg.uy\/<\/em><\/strong><\/a><strong><em><\/em><\/strong><\/p>\n\n\n\n<p><a href=\"http:\/\/www.facebook.com\/Garnier.Argentina\/\"><strong><em>www.facebook.com\/Garnier.Argentina\/<\/em><\/strong><\/a><strong><em><\/em><\/strong><\/p>\n\n\n\n<p><a href=\"http:\/\/www.youtube.com\/user\/garnierargentina\"><strong><em>www.youtube.com\/user\/garnierargentina<\/em><\/strong><\/a><strong><em><\/em><\/strong><\/p>\n\n\n\n<figure class=\"wp-block-embed-twitter wp-block-embed is-type-rich is-provider-twitter\"><div class=\"wp-block-embed__wrapper\">\n<a class=\"twitter-timeline\" data-width=\"500\" data-height=\"750\" data-dnt=\"true\" href=\"https:\/\/twitter.com\/garnier_arg?ref_src=twsrc%5Etfw\">Tweets by garnier_arg<\/a><script async src=\"https:\/\/platform.twitter.com\/widgets.js\" charset=\"utf-8\"><\/script>\n<\/div><\/figure>\n<!-- AddThis Advanced Settings generic via filter on the_content --><!-- AddThis Share Buttons generic via filter on the_content -->","protected":false},"excerpt":{"rendered":"<p>#MiMejorVersi\u00f3nConNutrisse En un encuentro interactivo y a todo color, la marca di\u00f3 a conocer los ingredientes naturales que componen la nueva f\u00f3rmula de sus productos: palta, soja, oliva y nuez de la Amazonia. Garnier, la marca n\u00famero uno de belleza natural y cuarta marca de belleza del mundo, present\u00f3 la innovadora f\u00f3rmula de Nutrisse que [&hellip;]<!-- AddThis Advanced Settings generic via filter on get_the_excerpt --><!-- AddThis Share Buttons generic via filter on get_the_excerpt --><\/p>\n","protected":false},"author":6,"featured_media":59651,"comment_status":"closed","ping_status":"open","sticky":false,"template":"","format":"standard","meta":{"_acf_changed":false,"om_disable_all_campaigns":false,"_monsterinsights_skip_tracking":false,"_monsterinsights_sitenote_active":false,"_monsterinsights_sitenote_note":"","_monsterinsights_sitenote_category":0,"_uf_show_specific_survey":0,"_uf_disable_surveys":false,"footnotes":""},"categories":[376,100],"tags":[],"class_list":["post-59648","post","type-post","status-publish","format-standard","has-post-thumbnail","hentry","category-lifestyle","category-noticias"],"acf":[],"aioseo_notices":[],"_links":{"self":[{"href":"https:\/\/www.lasrosas.com.ar\/portal\/wp-json\/wp\/v2\/posts\/59648","targetHints":{"allow":["GET"]}}],"collection":[{"href":"https:\/\/www.lasrosas.com.ar\/portal\/wp-json\/wp\/v2\/posts"}],"about":[{"href":"https:\/\/www.lasrosas.com.ar\/portal\/wp-json\/wp\/v2\/types\/post"}],"author":[{"embeddable":true,"href":"https:\/\/www.lasrosas.com.ar\/portal\/wp-json\/wp\/v2\/users\/6"}],"replies":[{"embeddable":true,"href":"https:\/\/www.lasrosas.com.ar\/portal\/wp-json\/wp\/v2\/comments?post=59648"}],"version-history":[{"count":0,"href":"https:\/\/www.lasrosas.com.ar\/portal\/wp-json\/wp\/v2\/posts\/59648\/revisions"}],"wp:featuredmedia":[{"embeddable":true,"href":"https:\/\/www.lasrosas.com.ar\/portal\/wp-json\/wp\/v2\/media\/59651"}],"wp:attachment":[{"href":"https:\/\/www.lasrosas.com.ar\/portal\/wp-json\/wp\/v2\/media?parent=59648"}],"wp:term":[{"taxonomy":"category","embeddable":true,"href":"https:\/\/www.lasrosas.com.ar\/portal\/wp-json\/wp\/v2\/categories?post=59648"},{"taxonomy":"post_tag","embeddable":true,"href":"https:\/\/www.lasrosas.com.ar\/portal\/wp-json\/wp\/v2\/tags?post=59648"}],"curies":[{"name":"wp","href":"https:\/\/api.w.org\/{rel}","templated":true}]}}