{"id":5963,"date":"2018-08-12T10:00:34","date_gmt":"2018-08-12T13:00:34","guid":{"rendered":"https:\/\/www.lasrosas.com.ar\/portal\/?p=5963"},"modified":"2018-08-10T17:30:52","modified_gmt":"2018-08-10T20:30:52","slug":"quien-fue-carlos-robledo-puch","status":"publish","type":"post","link":"https:\/\/www.lasrosas.com.ar\/portal\/quien-fue-carlos-robledo-puch\/","title":{"rendered":"\u00bfQUI\u00c9N FUE CARLOS ROBLEDO PUCH?"},"content":{"rendered":"<h3><strong>El criminal m\u00e1s famoso de la historia Argentina est\u00e1 en boca de todos tras el estreno de la pel\u00edcula \u00abEl \u00c1ngel\u00bb del director, Luis Ortega. Te contamos quien fue Robledo Puch.<\/strong><\/h3>\n<p>Apodado como \u00abEl \u00c1ngel Negro\u00bb o \u00abEl \u00c1ngel de la muerte\u00bb, el asesino serial m\u00e1s famoso del pa\u00eds fue condenado con tan s\u00f3lo 20 a\u00f1os a cadena perpetua por cometer 11 asesinatos, 17 robos, una violaci\u00f3n, una tentativa de violaci\u00f3n, un abuso deshonesto, dos raptos y dos hurtos. Desde 1972 se encuentra en prisi\u00f3n en la C\u00e1rcel de Sierra Chica.<br \/>\nSu<strong> primer asesinato<\/strong> ocurri\u00f3 el d\u00eda 18 de marzo de 1971, cuando \u00e9l y su c\u00f3mplice, Jorge Ib\u00e1\u00f1ez, ingresaron a un boliche <em>\u00abEnamour\u00bb<\/em> para robar dinero. Puch mata al encargado, Pedro Mastronardi y al sereno Manuel Godoy.<br \/>\n<img decoding=\"async\" class=\"alignnone size-full wp-image-5984 lazyload\" data-src=\"https:\/\/www.lasrosas.com.ar\/portal\/wp-content\/uploads\/CASO-PUCH1.jpg\" alt=\"\" width=\"720\" height=\"520\" src=\"data:image\/svg+xml;base64,PHN2ZyB3aWR0aD0iMSIgaGVpZ2h0PSIxIiB4bWxucz0iaHR0cDovL3d3dy53My5vcmcvMjAwMC9zdmciPjwvc3ZnPg==\" style=\"--smush-placeholder-width: 720px; --smush-placeholder-aspect-ratio: 720\/520;\" \/><br \/>\n<strong>En junio<\/strong> de ese mismo a\u00f1o, se comente la violaci\u00f3n y asesinato de Virginia Rodriguez y Ana Mar\u00eda Dinardo.<br \/>\nEl<strong> 5 de agosto de 1971,<\/strong> su complice muere de manera sospechosa de un accidente automovil\u00edstico cuando iba manejando Puch. Se dice que fue un ajuste de cuentas.<img decoding=\"async\" class=\"wp-image-5975 lazyload\" data-src=\"https:\/\/www.lasrosas.com.ar\/portal\/wp-content\/uploads\/CASO-PUCH-7.jpg\" alt=\"\" width=\"562\" height=\"667\" src=\"data:image\/svg+xml;base64,PHN2ZyB3aWR0aD0iMSIgaGVpZ2h0PSIxIiB4bWxucz0iaHR0cDovL3d3dy53My5vcmcvMjAwMC9zdmciPjwvc3ZnPg==\" style=\"--smush-placeholder-width: 562px; --smush-placeholder-aspect-ratio: 562\/667;\" \/><br \/>\nPara <strong>septiembre<\/strong>, Robledo ya ten\u00eda un nuevo compa\u00f1ero, H\u00e9ctor Somoza y cometieron 3 asesinatos, el primero fue a\u00a0Ra\u00fal Del Bene, guardia de un supermercado de Boulogne. Luego a Juan Rozas, un guardia de seguridad de una concesionaria de autos.<br \/>\nEl <strong>\u00faltimo caso<\/strong> que se le adjudica fue el 3 de febrero de 1972 cuando asesinan a Manuel Acevedo en un ferreter\u00eda. Tras una fuerte discusi\u00f3n \u00abEl \u00c1ngel Negro\u00bb decide matar con un soplete a su c\u00f3mplice. D\u00edas despu\u00e9s fue detenido por la polic\u00eda al encontrar parte de su documento en la escena del crimen.<br \/>\n<img decoding=\"async\" class=\"alignnone  wp-image-5976 lazyload\" data-src=\"https:\/\/www.lasrosas.com.ar\/portal\/wp-content\/uploads\/Caso-PUCH.jpg\" alt=\"\" width=\"719\" height=\"406\" src=\"data:image\/svg+xml;base64,PHN2ZyB3aWR0aD0iMSIgaGVpZ2h0PSIxIiB4bWxucz0iaHR0cDovL3d3dy53My5vcmcvMjAwMC9zdmciPjwvc3ZnPg==\" style=\"--smush-placeholder-width: 719px; --smush-placeholder-aspect-ratio: 719\/406;\" \/><br \/>\n<strong>En 1973 logr\u00f3 escaparse<\/strong>\u00a0de la c\u00e1rcel de Olmos y fue recapturado a las 64 horas. Su <strong>condena<\/strong> a prisi\u00f3n por tiempo indeterminado llegar\u00eda reci\u00e9n <strong>en\u00a01980 <\/strong>y, desde ese entonces, en reiteradas oportunidades <strong>solicit\u00f3 la libertad condicional,<\/strong> pero siempre fue revocada. Y <strong>en febrero<\/strong> de est\u00e9 a\u00f1o se\u00a0cumplieron 46 a\u00f1os de prisi\u00f3n.<\/p>\n<p>&nbsp;<\/p>\n<p>&nbsp;<\/p>\n<!-- AddThis Advanced Settings generic via filter on the_content --><!-- AddThis Share Buttons generic via filter on the_content -->","protected":false},"excerpt":{"rendered":"<p>El criminal m\u00e1s famoso de la historia Argentina est\u00e1 en boca de todos tras el estreno de la pel\u00edcula \u00abEl \u00c1ngel\u00bb del director, Luis Ortega. Te contamos quien fue Robledo Puch. Apodado como \u00abEl \u00c1ngel Negro\u00bb o \u00abEl \u00c1ngel de la muerte\u00bb, el asesino serial m\u00e1s famoso del pa\u00eds fue condenado con tan s\u00f3lo 20 [&hellip;]<!-- AddThis Advanced Settings generic via filter on get_the_excerpt --><!-- AddThis Share Buttons generic via filter on get_the_excerpt --><\/p>\n","protected":false},"author":6,"featured_media":5973,"comment_status":"closed","ping_status":"open","sticky":false,"template":"","format":"standard","meta":{"_acf_changed":false,"om_disable_all_campaigns":false,"_monsterinsights_skip_tracking":false,"_monsterinsights_sitenote_active":false,"_monsterinsights_sitenote_note":"","_monsterinsights_sitenote_category":0,"_uf_show_specific_survey":0,"_uf_disable_surveys":false,"footnotes":""},"categories":[100],"tags":[],"class_list":["post-5963","post","type-post","status-publish","format-standard","has-post-thumbnail","hentry","category-noticias"],"acf":[],"aioseo_notices":[],"_links":{"self":[{"href":"https:\/\/www.lasrosas.com.ar\/portal\/wp-json\/wp\/v2\/posts\/5963","targetHints":{"allow":["GET"]}}],"collection":[{"href":"https:\/\/www.lasrosas.com.ar\/portal\/wp-json\/wp\/v2\/posts"}],"about":[{"href":"https:\/\/www.lasrosas.com.ar\/portal\/wp-json\/wp\/v2\/types\/post"}],"author":[{"embeddable":true,"href":"https:\/\/www.lasrosas.com.ar\/portal\/wp-json\/wp\/v2\/users\/6"}],"replies":[{"embeddable":true,"href":"https:\/\/www.lasrosas.com.ar\/portal\/wp-json\/wp\/v2\/comments?post=5963"}],"version-history":[{"count":0,"href":"https:\/\/www.lasrosas.com.ar\/portal\/wp-json\/wp\/v2\/posts\/5963\/revisions"}],"wp:featuredmedia":[{"embeddable":true,"href":"https:\/\/www.lasrosas.com.ar\/portal\/wp-json\/wp\/v2\/media\/5973"}],"wp:attachment":[{"href":"https:\/\/www.lasrosas.com.ar\/portal\/wp-json\/wp\/v2\/media?parent=5963"}],"wp:term":[{"taxonomy":"category","embeddable":true,"href":"https:\/\/www.lasrosas.com.ar\/portal\/wp-json\/wp\/v2\/categories?post=5963"},{"taxonomy":"post_tag","embeddable":true,"href":"https:\/\/www.lasrosas.com.ar\/portal\/wp-json\/wp\/v2\/tags?post=5963"}],"curies":[{"name":"wp","href":"https:\/\/api.w.org\/{rel}","templated":true}]}}