{"id":59502,"date":"2022-11-11T15:36:15","date_gmt":"2022-11-11T18:36:15","guid":{"rendered":"https:\/\/www.lasrosas.com.ar\/portal\/?p=59502"},"modified":"2022-11-11T15:36:18","modified_gmt":"2022-11-11T18:36:18","slug":"natura-faces-presenta-su-nuevo-gel-glitter-vegano-libre-de-plasticos-y-hecho-con-un-80-de-agua","status":"publish","type":"post","link":"https:\/\/www.lasrosas.com.ar\/portal\/natura-faces-presenta-su-nuevo-gel-glitter-vegano-libre-de-plasticos-y-hecho-con-un-80-de-agua\/","title":{"rendered":"NATURA FACES PRESENTA SU NUEVO GEL GLITTER VEGANO, LIBRE DE PL\u00c1STICOS Y   HECHO CON UN 80% DE AGUA"},"content":{"rendered":"\n<p><em>La marca\u00a0lanza un nuevo   glitter para rostro y cuerpo que otorga brillo intenso, hidrataci\u00f3n   refrescante, f\u00e1cil de aplicar y de r\u00e1pida absorci\u00f3n.<\/em><\/p>\n\n\n\n<p>Natura incorpora a su portafolio el nuevo\u00a0<strong>Gel Glitter de Faces<\/strong>\u00a0($1.750, 80gr) que tiene textura ligera, no mancha la ropa, tiene r\u00e1pida absorci\u00f3n, est\u00e1 dermatol\u00f3gicamente testeado y adem\u00e1s no perjudica el medio ambiente ya que es libre de pl\u00e1sticos. Este producto que se suma a la l\u00ednea sin g\u00e9nero de maquillaje de Natura, se ha formulado con una textura completamente ligera, est\u00e1 hecho con un 80% de agua; calma e hidrata la piel de una manera refrescante, y no mancha la ropa.<\/p>\n\n\n\n<p>Faces es una marca de belleza urbana para cuidarse, inventarse y reinventarse. Da color y valent\u00eda, para expresar la belleza del espejo hacia adentro y de la puerta hacia afuera. Y salir a la calle con actitudes positivas, que se reflejan en el pr\u00f3ximo y en el alrededor. Faces se trata de una belleza evidente que pone de manifiesto el orgullo de ser quien sos.&nbsp;<\/p>\n\n\n\n<p>Adem\u00e1s esta l\u00ednea de productos representa la belleza que est\u00e1 en la calle, la belleza conectada con lo que pasa en el mundo. Es una marca inspiradora para que cada uno se reinvente a s\u00ed mismo.<\/p>\n\n\n\n<p>Los productos de Natura pueden ser adquiridos a trav\u00e9s de las consultoras y los consultores de belleza independientes de la marca, a trav\u00e9s del e.commerce o la app Natura, o en las tiendas ubicadas en Alcorta Shopping o Unicenter.&nbsp;<\/p>\n\n\n\n<p>Para m\u00e1s informaci\u00f3n visita&nbsp;<a href=\"http:\/\/www.naturacosmeticos.com.ar\/\" target=\"_blank\" rel=\"noreferrer noopener\">www.naturacosmeticos.com.ar<\/a>&nbsp;\u00f3 sus perfiles en las redes sociales: LinkedIn, Facebook e Instagram.<\/p>\n<!-- AddThis Advanced Settings generic via filter on the_content --><!-- AddThis Share Buttons generic via filter on the_content -->","protected":false},"excerpt":{"rendered":"<p>La marca\u00a0lanza un nuevo glitter para rostro y cuerpo que otorga brillo intenso, hidrataci\u00f3n refrescante, f\u00e1cil de aplicar y de r\u00e1pida absorci\u00f3n. Natura incorpora a su portafolio el nuevo\u00a0Gel Glitter de Faces\u00a0($1.750, 80gr) que tiene textura ligera, no mancha la ropa, tiene r\u00e1pida absorci\u00f3n, est\u00e1 dermatol\u00f3gicamente testeado y adem\u00e1s no perjudica el medio ambiente ya [&hellip;]<!-- AddThis Advanced Settings generic via filter on get_the_excerpt --><!-- AddThis Share Buttons generic via filter on get_the_excerpt --><\/p>\n","protected":false},"author":6,"featured_media":59503,"comment_status":"closed","ping_status":"open","sticky":false,"template":"","format":"standard","meta":{"_acf_changed":false,"om_disable_all_campaigns":false,"_monsterinsights_skip_tracking":false,"_monsterinsights_sitenote_active":false,"_monsterinsights_sitenote_note":"","_monsterinsights_sitenote_category":0,"_uf_show_specific_survey":0,"_uf_disable_surveys":false,"footnotes":""},"categories":[376,100],"tags":[],"class_list":["post-59502","post","type-post","status-publish","format-standard","has-post-thumbnail","hentry","category-lifestyle","category-noticias"],"acf":[],"aioseo_notices":[],"_links":{"self":[{"href":"https:\/\/www.lasrosas.com.ar\/portal\/wp-json\/wp\/v2\/posts\/59502","targetHints":{"allow":["GET"]}}],"collection":[{"href":"https:\/\/www.lasrosas.com.ar\/portal\/wp-json\/wp\/v2\/posts"}],"about":[{"href":"https:\/\/www.lasrosas.com.ar\/portal\/wp-json\/wp\/v2\/types\/post"}],"author":[{"embeddable":true,"href":"https:\/\/www.lasrosas.com.ar\/portal\/wp-json\/wp\/v2\/users\/6"}],"replies":[{"embeddable":true,"href":"https:\/\/www.lasrosas.com.ar\/portal\/wp-json\/wp\/v2\/comments?post=59502"}],"version-history":[{"count":0,"href":"https:\/\/www.lasrosas.com.ar\/portal\/wp-json\/wp\/v2\/posts\/59502\/revisions"}],"wp:featuredmedia":[{"embeddable":true,"href":"https:\/\/www.lasrosas.com.ar\/portal\/wp-json\/wp\/v2\/media\/59503"}],"wp:attachment":[{"href":"https:\/\/www.lasrosas.com.ar\/portal\/wp-json\/wp\/v2\/media?parent=59502"}],"wp:term":[{"taxonomy":"category","embeddable":true,"href":"https:\/\/www.lasrosas.com.ar\/portal\/wp-json\/wp\/v2\/categories?post=59502"},{"taxonomy":"post_tag","embeddable":true,"href":"https:\/\/www.lasrosas.com.ar\/portal\/wp-json\/wp\/v2\/tags?post=59502"}],"curies":[{"name":"wp","href":"https:\/\/api.w.org\/{rel}","templated":true}]}}