{"id":59451,"date":"2022-11-10T17:40:44","date_gmt":"2022-11-10T20:40:44","guid":{"rendered":"https:\/\/www.lasrosas.com.ar\/portal\/?p=59451"},"modified":"2022-11-10T17:40:46","modified_gmt":"2022-11-10T20:40:46","slug":"una-noche-espectacular-los-30-anos-de-azcuy-en-el-teatro-colon","status":"publish","type":"post","link":"https:\/\/www.lasrosas.com.ar\/portal\/una-noche-espectacular-los-30-anos-de-azcuy-en-el-teatro-colon\/","title":{"rendered":"UNA NOCHE ESPECTACULAR: LOS 30 A\u00d1OS DE AZCUY EN EL TEATRO COL\u00d3N"},"content":{"rendered":"\n<p><em>M\u00e1s de 500 invitados disfrutaron de un exclusivo cocktail en el Sal\u00f3n Dorado y de la funci\u00f3n de ballet de Romeo &amp; Julieta.<\/em><\/p>\n\n\n\n<p>Azcuy, uno de los m\u00e1ximos referentes del Real Estate argentino, celebr\u00f3 su 30\u00b0 aniversario en el Teatro Col\u00f3n con la funci\u00f3n Romeo &amp; Julieta. Cerca de las 18.30 h comenzaron a\u00a0 ingresar los distintos invitados que incluyeron tanto familiares, clientes y proveedores de la compa\u00f1\u00eda, como celebridades, para disfrutar de un cocktail en el Sal\u00f3n Dorado. Entre ellos, se destacaron el m\u00fasico Andr\u00e9s Calamaro &#8211; quien present\u00f3 oficialmente a su nueva novia, Natal\u00ed Franco -, la actriz Teresa Calandra, la ambientadora Gloria Cesar, la curadora de arte Teresa Bulgheroni, y el decorador y arquitecto Javier Iturrioz.\u00a0<\/p>\n\n\n\n<p>Luego de ingresar por la calle Libertad, los convocados accedieron al Sal\u00f3n Dorado en donde fueron agasajados con un cocktail. Gerardo Azcuy, socio fundador y director general de Azcuy a, brind\u00f3 unas palabras de agradecimiento a todos los presentes: <em>\u201cGracias por venir hoy al Teatro Col\u00f3n a celebrar nuestros primeros 30 a\u00f1os. Es una noche muy especial para todos los que somos parte de esta\u00a0 compa\u00f1\u00eda\u201d. Adem\u00e1s, record\u00f3 los comienzos de su empresa: \u201cIniciamos esta aventura como un peque\u00f1o estudio de arquitectura y desde el primer d\u00eda nos gu\u00edamos por nuestra pasi\u00f3n y nuestros sue\u00f1os de crear lugares innovadores para vivir que rompan con los moldes\u201d.\u00a0<\/em><\/p>\n\n\n\n<p>Por su parte, Mart\u00edn Gaudino, socio y director de Administraci\u00f3n de Azcuy, declar\u00f3 ante los invitados: \u201c<em>Gracias a nuestro esfuerzo, compromiso y perseverancia, y tambi\u00e9n gracias al apoyo de ustedes, de nuestras familias, de nuestros clientes y de nuestros proveedores, nos fuimos transformando en una gran compa\u00f1\u00eda. Hoy somos 450 personas las que formamos parte de Azcuy<\/em>\u201d.<\/p>\n\n\n\n<p>Mientras que, Mat\u00edas Baldoni, socio y director de Arquitectura de Azcuy, se\u00f1al\u00f3: \u201c<em>Estamos en todas las etapas del proceso y eso nos permite garantizar la calidad del producto, buscamos siempre la forma m\u00e1s sustentable de hacer las cosas. Desde la elecci\u00f3n de la materialidad, en la selecci\u00f3n de proveedores y en la eficiencia de cada uno de los edificios. Siempre buscamos la mejora continua<\/em>\u201d.\u00a0<\/p>\n\n\n\n<p>Ya cerca de las 20 h los invitados accedieron a la sala para ver la funci\u00f3n de ballet de Romeo &amp; Julieta, la obra que dio cierre a una noche espectacular, de celebraci\u00f3n y alegr\u00eda.\u00a0<\/p>\n\n\n\n<figure class=\"wp-block-gallery columns-3 is-cropped wp-block-gallery-1 is-layout-flex wp-block-gallery-is-layout-flex\"><ul class=\"blocks-gallery-grid\"><li class=\"blocks-gallery-item\"><figure><img decoding=\"async\" width=\"1280\" height=\"1920\" data-src=\"https:\/\/www.lasrosas.com.ar\/portal\/wp-content\/uploads\/Evelyn-Scheidl-y-Teresa-Calandra-en-los-30-an\u0303os-de-Azcuy-en-el-Teatro-Colo\u0301n-1280x1920.jpg\" alt=\"\" data-id=\"59464\" data-full-url=\"https:\/\/www.lasrosas.com.ar\/portal\/wp-content\/uploads\/Evelyn-Scheidl-y-Teresa-Calandra-en-los-30-an\u0303os-de-Azcuy-en-el-Teatro-Colo\u0301n-scaled.jpg\" data-link=\"https:\/\/www.lasrosas.com.ar\/portal\/?attachment_id=59464\" class=\"wp-image-59464 lazyload\" data-srcset=\"https:\/\/www.lasrosas.com.ar\/portal\/wp-content\/uploads\/Evelyn-Scheidl-y-Teresa-Calandra-en-los-30-an\u0303os-de-Azcuy-en-el-Teatro-Colo\u0301n-1280x1920.jpg 1280w, https:\/\/www.lasrosas.com.ar\/portal\/wp-content\/uploads\/Evelyn-Scheidl-y-Teresa-Calandra-en-los-30-an\u0303os-de-Azcuy-en-el-Teatro-Colo\u0301n-640x960.jpg 640w, https:\/\/www.lasrosas.com.ar\/portal\/wp-content\/uploads\/Evelyn-Scheidl-y-Teresa-Calandra-en-los-30-an\u0303os-de-Azcuy-en-el-Teatro-Colo\u0301n-1024x1536.jpg 1024w, https:\/\/www.lasrosas.com.ar\/portal\/wp-content\/uploads\/Evelyn-Scheidl-y-Teresa-Calandra-en-los-30-an\u0303os-de-Azcuy-en-el-Teatro-Colo\u0301n-scaled.jpg 1365w\" data-sizes=\"(max-width: 1280px) 100vw, 1280px\" src=\"data:image\/svg+xml;base64,PHN2ZyB3aWR0aD0iMSIgaGVpZ2h0PSIxIiB4bWxucz0iaHR0cDovL3d3dy53My5vcmcvMjAwMC9zdmciPjwvc3ZnPg==\" style=\"--smush-placeholder-width: 1280px; --smush-placeholder-aspect-ratio: 1280\/1920;\" \/><\/figure><\/li><li class=\"blocks-gallery-item\"><figure><img decoding=\"async\" width=\"1280\" height=\"1920\" data-src=\"https:\/\/www.lasrosas.com.ar\/portal\/wp-content\/uploads\/Danu-Galito-en-los-30-an\u0303os-de-Azcuy-en-el-Teatro-Colo\u0301n-1280x1920.jpg\" alt=\"\" data-id=\"59463\" data-full-url=\"https:\/\/www.lasrosas.com.ar\/portal\/wp-content\/uploads\/Danu-Galito-en-los-30-an\u0303os-de-Azcuy-en-el-Teatro-Colo\u0301n-scaled.jpg\" data-link=\"https:\/\/www.lasrosas.com.ar\/portal\/?attachment_id=59463\" class=\"wp-image-59463 lazyload\" data-srcset=\"https:\/\/www.lasrosas.com.ar\/portal\/wp-content\/uploads\/Danu-Galito-en-los-30-an\u0303os-de-Azcuy-en-el-Teatro-Colo\u0301n-1280x1920.jpg 1280w, https:\/\/www.lasrosas.com.ar\/portal\/wp-content\/uploads\/Danu-Galito-en-los-30-an\u0303os-de-Azcuy-en-el-Teatro-Colo\u0301n-640x960.jpg 640w, https:\/\/www.lasrosas.com.ar\/portal\/wp-content\/uploads\/Danu-Galito-en-los-30-an\u0303os-de-Azcuy-en-el-Teatro-Colo\u0301n-1024x1536.jpg 1024w, https:\/\/www.lasrosas.com.ar\/portal\/wp-content\/uploads\/Danu-Galito-en-los-30-an\u0303os-de-Azcuy-en-el-Teatro-Colo\u0301n-scaled.jpg 1365w\" data-sizes=\"(max-width: 1280px) 100vw, 1280px\" src=\"data:image\/svg+xml;base64,PHN2ZyB3aWR0aD0iMSIgaGVpZ2h0PSIxIiB4bWxucz0iaHR0cDovL3d3dy53My5vcmcvMjAwMC9zdmciPjwvc3ZnPg==\" style=\"--smush-placeholder-width: 1280px; --smush-placeholder-aspect-ratio: 1280\/1920;\" \/><\/figure><\/li><li class=\"blocks-gallery-item\"><figure><img decoding=\"async\" width=\"1280\" height=\"1920\" data-src=\"https:\/\/www.lasrosas.com.ar\/portal\/wp-content\/uploads\/Diego-Bianchi-uno-de-los-ganadores-del-Premio-Azcuy-con-amigos-en-los-30-an\u0303os-de-Azcuy-en-el-Teatro-Colo\u0301n-1280x1920.jpg\" alt=\"\" data-id=\"59462\" data-full-url=\"https:\/\/www.lasrosas.com.ar\/portal\/wp-content\/uploads\/Diego-Bianchi-uno-de-los-ganadores-del-Premio-Azcuy-con-amigos-en-los-30-an\u0303os-de-Azcuy-en-el-Teatro-Colo\u0301n-scaled.jpg\" data-link=\"https:\/\/www.lasrosas.com.ar\/portal\/?attachment_id=59462\" class=\"wp-image-59462 lazyload\" data-srcset=\"https:\/\/www.lasrosas.com.ar\/portal\/wp-content\/uploads\/Diego-Bianchi-uno-de-los-ganadores-del-Premio-Azcuy-con-amigos-en-los-30-an\u0303os-de-Azcuy-en-el-Teatro-Colo\u0301n-1280x1920.jpg 1280w, https:\/\/www.lasrosas.com.ar\/portal\/wp-content\/uploads\/Diego-Bianchi-uno-de-los-ganadores-del-Premio-Azcuy-con-amigos-en-los-30-an\u0303os-de-Azcuy-en-el-Teatro-Colo\u0301n-640x960.jpg 640w, https:\/\/www.lasrosas.com.ar\/portal\/wp-content\/uploads\/Diego-Bianchi-uno-de-los-ganadores-del-Premio-Azcuy-con-amigos-en-los-30-an\u0303os-de-Azcuy-en-el-Teatro-Colo\u0301n-1024x1536.jpg 1024w, https:\/\/www.lasrosas.com.ar\/portal\/wp-content\/uploads\/Diego-Bianchi-uno-de-los-ganadores-del-Premio-Azcuy-con-amigos-en-los-30-an\u0303os-de-Azcuy-en-el-Teatro-Colo\u0301n-scaled.jpg 1365w\" data-sizes=\"(max-width: 1280px) 100vw, 1280px\" src=\"data:image\/svg+xml;base64,PHN2ZyB3aWR0aD0iMSIgaGVpZ2h0PSIxIiB4bWxucz0iaHR0cDovL3d3dy53My5vcmcvMjAwMC9zdmciPjwvc3ZnPg==\" style=\"--smush-placeholder-width: 1280px; --smush-placeholder-aspect-ratio: 1280\/1920;\" \/><\/figure><\/li><li class=\"blocks-gallery-item\"><figure><img decoding=\"async\" width=\"1280\" height=\"1920\" data-src=\"https:\/\/www.lasrosas.com.ar\/portal\/wp-content\/uploads\/Gerardo-Azcuy-y-Andre\u0301s-Calamaro-en-los-30-an\u0303os-de-Azcuy-en-el-Teatro-Colo\u0301n-1280x1920.jpg\" alt=\"\" data-id=\"59460\" data-full-url=\"https:\/\/www.lasrosas.com.ar\/portal\/wp-content\/uploads\/Gerardo-Azcuy-y-Andre\u0301s-Calamaro-en-los-30-an\u0303os-de-Azcuy-en-el-Teatro-Colo\u0301n-scaled.jpg\" data-link=\"https:\/\/www.lasrosas.com.ar\/portal\/?attachment_id=59460\" class=\"wp-image-59460 lazyload\" data-srcset=\"https:\/\/www.lasrosas.com.ar\/portal\/wp-content\/uploads\/Gerardo-Azcuy-y-Andre\u0301s-Calamaro-en-los-30-an\u0303os-de-Azcuy-en-el-Teatro-Colo\u0301n-1280x1920.jpg 1280w, https:\/\/www.lasrosas.com.ar\/portal\/wp-content\/uploads\/Gerardo-Azcuy-y-Andre\u0301s-Calamaro-en-los-30-an\u0303os-de-Azcuy-en-el-Teatro-Colo\u0301n-640x960.jpg 640w, https:\/\/www.lasrosas.com.ar\/portal\/wp-content\/uploads\/Gerardo-Azcuy-y-Andre\u0301s-Calamaro-en-los-30-an\u0303os-de-Azcuy-en-el-Teatro-Colo\u0301n-1024x1536.jpg 1024w, https:\/\/www.lasrosas.com.ar\/portal\/wp-content\/uploads\/Gerardo-Azcuy-y-Andre\u0301s-Calamaro-en-los-30-an\u0303os-de-Azcuy-en-el-Teatro-Colo\u0301n-scaled.jpg 1365w\" data-sizes=\"(max-width: 1280px) 100vw, 1280px\" src=\"data:image\/svg+xml;base64,PHN2ZyB3aWR0aD0iMSIgaGVpZ2h0PSIxIiB4bWxucz0iaHR0cDovL3d3dy53My5vcmcvMjAwMC9zdmciPjwvc3ZnPg==\" style=\"--smush-placeholder-width: 1280px; --smush-placeholder-aspect-ratio: 1280\/1920;\" \/><\/figure><\/li><li class=\"blocks-gallery-item\"><figure><img decoding=\"async\" width=\"1920\" height=\"1280\" data-src=\"https:\/\/www.lasrosas.com.ar\/portal\/wp-content\/uploads\/Gerardo-Azcuy-con-sus-hijos-Pedro-y-Santiago-en-los-30-an\u0303os-de-Azcuy-en-el-Teatro-Colo\u0301n-1920x1280.jpg\" alt=\"\" data-id=\"59459\" data-full-url=\"https:\/\/www.lasrosas.com.ar\/portal\/wp-content\/uploads\/Gerardo-Azcuy-con-sus-hijos-Pedro-y-Santiago-en-los-30-an\u0303os-de-Azcuy-en-el-Teatro-Colo\u0301n-scaled.jpg\" data-link=\"https:\/\/www.lasrosas.com.ar\/portal\/?attachment_id=59459\" class=\"wp-image-59459 lazyload\" data-srcset=\"https:\/\/www.lasrosas.com.ar\/portal\/wp-content\/uploads\/Gerardo-Azcuy-con-sus-hijos-Pedro-y-Santiago-en-los-30-an\u0303os-de-Azcuy-en-el-Teatro-Colo\u0301n-1920x1280.jpg 1920w, https:\/\/www.lasrosas.com.ar\/portal\/wp-content\/uploads\/Gerardo-Azcuy-con-sus-hijos-Pedro-y-Santiago-en-los-30-an\u0303os-de-Azcuy-en-el-Teatro-Colo\u0301n-960x640.jpg 960w, https:\/\/www.lasrosas.com.ar\/portal\/wp-content\/uploads\/Gerardo-Azcuy-con-sus-hijos-Pedro-y-Santiago-en-los-30-an\u0303os-de-Azcuy-en-el-Teatro-Colo\u0301n-1536x1024.jpg 1536w, https:\/\/www.lasrosas.com.ar\/portal\/wp-content\/uploads\/Gerardo-Azcuy-con-sus-hijos-Pedro-y-Santiago-en-los-30-an\u0303os-de-Azcuy-en-el-Teatro-Colo\u0301n-scaled.jpg 2048w\" data-sizes=\"(max-width: 1920px) 100vw, 1920px\" src=\"data:image\/svg+xml;base64,PHN2ZyB3aWR0aD0iMSIgaGVpZ2h0PSIxIiB4bWxucz0iaHR0cDovL3d3dy53My5vcmcvMjAwMC9zdmciPjwvc3ZnPg==\" style=\"--smush-placeholder-width: 1920px; --smush-placeholder-aspect-ratio: 1920\/1280;\" \/><\/figure><\/li><li class=\"blocks-gallery-item\"><figure><img decoding=\"async\" width=\"1280\" height=\"1920\" data-src=\"https:\/\/www.lasrosas.com.ar\/portal\/wp-content\/uploads\/Gabriela-Lo\u0301pez-en-los-30-an\u0303os-de-Azcuy-en-el-Teatro-Colo\u0301n-1280x1920.jpg\" alt=\"\" data-id=\"59458\" data-full-url=\"https:\/\/www.lasrosas.com.ar\/portal\/wp-content\/uploads\/Gabriela-Lo\u0301pez-en-los-30-an\u0303os-de-Azcuy-en-el-Teatro-Colo\u0301n-scaled.jpg\" data-link=\"https:\/\/www.lasrosas.com.ar\/portal\/?attachment_id=59458\" class=\"wp-image-59458 lazyload\" data-srcset=\"https:\/\/www.lasrosas.com.ar\/portal\/wp-content\/uploads\/Gabriela-Lo\u0301pez-en-los-30-an\u0303os-de-Azcuy-en-el-Teatro-Colo\u0301n-1280x1920.jpg 1280w, https:\/\/www.lasrosas.com.ar\/portal\/wp-content\/uploads\/Gabriela-Lo\u0301pez-en-los-30-an\u0303os-de-Azcuy-en-el-Teatro-Colo\u0301n-640x960.jpg 640w, https:\/\/www.lasrosas.com.ar\/portal\/wp-content\/uploads\/Gabriela-Lo\u0301pez-en-los-30-an\u0303os-de-Azcuy-en-el-Teatro-Colo\u0301n-1024x1536.jpg 1024w, https:\/\/www.lasrosas.com.ar\/portal\/wp-content\/uploads\/Gabriela-Lo\u0301pez-en-los-30-an\u0303os-de-Azcuy-en-el-Teatro-Colo\u0301n-scaled.jpg 1365w\" data-sizes=\"(max-width: 1280px) 100vw, 1280px\" src=\"data:image\/svg+xml;base64,PHN2ZyB3aWR0aD0iMSIgaGVpZ2h0PSIxIiB4bWxucz0iaHR0cDovL3d3dy53My5vcmcvMjAwMC9zdmciPjwvc3ZnPg==\" style=\"--smush-placeholder-width: 1280px; --smush-placeholder-aspect-ratio: 1280\/1920;\" \/><\/figure><\/li><li class=\"blocks-gallery-item\"><figure><img decoding=\"async\" width=\"1280\" height=\"1920\" data-src=\"https:\/\/www.lasrosas.com.ar\/portal\/wp-content\/uploads\/Cristian-Mohaded-en-los-30-an\u0303os-de-Azcuy-en-el-Teatro-Colo\u0301n-1280x1920.jpg\" alt=\"\" data-id=\"59457\" data-full-url=\"https:\/\/www.lasrosas.com.ar\/portal\/wp-content\/uploads\/Cristian-Mohaded-en-los-30-an\u0303os-de-Azcuy-en-el-Teatro-Colo\u0301n-scaled.jpg\" data-link=\"https:\/\/www.lasrosas.com.ar\/portal\/?attachment_id=59457\" class=\"wp-image-59457 lazyload\" data-srcset=\"https:\/\/www.lasrosas.com.ar\/portal\/wp-content\/uploads\/Cristian-Mohaded-en-los-30-an\u0303os-de-Azcuy-en-el-Teatro-Colo\u0301n-1280x1920.jpg 1280w, https:\/\/www.lasrosas.com.ar\/portal\/wp-content\/uploads\/Cristian-Mohaded-en-los-30-an\u0303os-de-Azcuy-en-el-Teatro-Colo\u0301n-640x960.jpg 640w, https:\/\/www.lasrosas.com.ar\/portal\/wp-content\/uploads\/Cristian-Mohaded-en-los-30-an\u0303os-de-Azcuy-en-el-Teatro-Colo\u0301n-1024x1536.jpg 1024w, https:\/\/www.lasrosas.com.ar\/portal\/wp-content\/uploads\/Cristian-Mohaded-en-los-30-an\u0303os-de-Azcuy-en-el-Teatro-Colo\u0301n-scaled.jpg 1365w\" data-sizes=\"(max-width: 1280px) 100vw, 1280px\" src=\"data:image\/svg+xml;base64,PHN2ZyB3aWR0aD0iMSIgaGVpZ2h0PSIxIiB4bWxucz0iaHR0cDovL3d3dy53My5vcmcvMjAwMC9zdmciPjwvc3ZnPg==\" style=\"--smush-placeholder-width: 1280px; --smush-placeholder-aspect-ratio: 1280\/1920;\" \/><\/figure><\/li><li class=\"blocks-gallery-item\"><figure><img decoding=\"async\" width=\"1280\" height=\"1920\" data-src=\"https:\/\/www.lasrosas.com.ar\/portal\/wp-content\/uploads\/Augusto-Tartu\u0301foli-en-los-30-an\u0303os-de-Azcuy-en-el-Teatro-Colo\u0301n-1280x1920.jpg\" alt=\"\" data-id=\"59456\" data-full-url=\"https:\/\/www.lasrosas.com.ar\/portal\/wp-content\/uploads\/Augusto-Tartu\u0301foli-en-los-30-an\u0303os-de-Azcuy-en-el-Teatro-Colo\u0301n-scaled.jpg\" data-link=\"https:\/\/www.lasrosas.com.ar\/portal\/?attachment_id=59456\" class=\"wp-image-59456 lazyload\" data-srcset=\"https:\/\/www.lasrosas.com.ar\/portal\/wp-content\/uploads\/Augusto-Tartu\u0301foli-en-los-30-an\u0303os-de-Azcuy-en-el-Teatro-Colo\u0301n-1280x1920.jpg 1280w, https:\/\/www.lasrosas.com.ar\/portal\/wp-content\/uploads\/Augusto-Tartu\u0301foli-en-los-30-an\u0303os-de-Azcuy-en-el-Teatro-Colo\u0301n-640x960.jpg 640w, https:\/\/www.lasrosas.com.ar\/portal\/wp-content\/uploads\/Augusto-Tartu\u0301foli-en-los-30-an\u0303os-de-Azcuy-en-el-Teatro-Colo\u0301n-1024x1536.jpg 1024w, https:\/\/www.lasrosas.com.ar\/portal\/wp-content\/uploads\/Augusto-Tartu\u0301foli-en-los-30-an\u0303os-de-Azcuy-en-el-Teatro-Colo\u0301n-scaled.jpg 1365w\" data-sizes=\"(max-width: 1280px) 100vw, 1280px\" src=\"data:image\/svg+xml;base64,PHN2ZyB3aWR0aD0iMSIgaGVpZ2h0PSIxIiB4bWxucz0iaHR0cDovL3d3dy53My5vcmcvMjAwMC9zdmciPjwvc3ZnPg==\" style=\"--smush-placeholder-width: 1280px; --smush-placeholder-aspect-ratio: 1280\/1920;\" \/><\/figure><\/li><li class=\"blocks-gallery-item\"><figure><img decoding=\"async\" width=\"1280\" height=\"1920\" data-src=\"https:\/\/www.lasrosas.com.ar\/portal\/wp-content\/uploads\/Andre\u0301s-Calamaro-junto-a-su-novia-Natali\u0301-Franco-en-los-30-an\u0303os-de-Azcuy-en-el-Teatro-Colo\u0301n-1-1280x1920.jpg\" alt=\"\" data-id=\"59455\" data-full-url=\"https:\/\/www.lasrosas.com.ar\/portal\/wp-content\/uploads\/Andre\u0301s-Calamaro-junto-a-su-novia-Natali\u0301-Franco-en-los-30-an\u0303os-de-Azcuy-en-el-Teatro-Colo\u0301n-1-scaled.jpg\" data-link=\"https:\/\/www.lasrosas.com.ar\/portal\/?attachment_id=59455\" class=\"wp-image-59455 lazyload\" data-srcset=\"https:\/\/www.lasrosas.com.ar\/portal\/wp-content\/uploads\/Andre\u0301s-Calamaro-junto-a-su-novia-Natali\u0301-Franco-en-los-30-an\u0303os-de-Azcuy-en-el-Teatro-Colo\u0301n-1-1280x1920.jpg 1280w, https:\/\/www.lasrosas.com.ar\/portal\/wp-content\/uploads\/Andre\u0301s-Calamaro-junto-a-su-novia-Natali\u0301-Franco-en-los-30-an\u0303os-de-Azcuy-en-el-Teatro-Colo\u0301n-1-640x960.jpg 640w, https:\/\/www.lasrosas.com.ar\/portal\/wp-content\/uploads\/Andre\u0301s-Calamaro-junto-a-su-novia-Natali\u0301-Franco-en-los-30-an\u0303os-de-Azcuy-en-el-Teatro-Colo\u0301n-1-1024x1536.jpg 1024w, https:\/\/www.lasrosas.com.ar\/portal\/wp-content\/uploads\/Andre\u0301s-Calamaro-junto-a-su-novia-Natali\u0301-Franco-en-los-30-an\u0303os-de-Azcuy-en-el-Teatro-Colo\u0301n-1-scaled.jpg 1365w\" data-sizes=\"(max-width: 1280px) 100vw, 1280px\" src=\"data:image\/svg+xml;base64,PHN2ZyB3aWR0aD0iMSIgaGVpZ2h0PSIxIiB4bWxucz0iaHR0cDovL3d3dy53My5vcmcvMjAwMC9zdmciPjwvc3ZnPg==\" style=\"--smush-placeholder-width: 1280px; --smush-placeholder-aspect-ratio: 1280\/1920;\" \/><\/figure><\/li><li class=\"blocks-gallery-item\"><figure><img decoding=\"async\" width=\"1280\" height=\"1920\" data-src=\"https:\/\/www.lasrosas.com.ar\/portal\/wp-content\/uploads\/Amelia-Saban-y-Marti\u0301n-Mazzei-en-los-30-an\u0303os-de-Azcuy-en-el-Teatro-Colo\u0301n-1280x1920.jpg\" alt=\"\" data-id=\"59454\" data-full-url=\"https:\/\/www.lasrosas.com.ar\/portal\/wp-content\/uploads\/Amelia-Saban-y-Marti\u0301n-Mazzei-en-los-30-an\u0303os-de-Azcuy-en-el-Teatro-Colo\u0301n-scaled.jpg\" data-link=\"https:\/\/www.lasrosas.com.ar\/portal\/?attachment_id=59454\" class=\"wp-image-59454 lazyload\" data-srcset=\"https:\/\/www.lasrosas.com.ar\/portal\/wp-content\/uploads\/Amelia-Saban-y-Marti\u0301n-Mazzei-en-los-30-an\u0303os-de-Azcuy-en-el-Teatro-Colo\u0301n-1280x1920.jpg 1280w, https:\/\/www.lasrosas.com.ar\/portal\/wp-content\/uploads\/Amelia-Saban-y-Marti\u0301n-Mazzei-en-los-30-an\u0303os-de-Azcuy-en-el-Teatro-Colo\u0301n-640x960.jpg 640w, https:\/\/www.lasrosas.com.ar\/portal\/wp-content\/uploads\/Amelia-Saban-y-Marti\u0301n-Mazzei-en-los-30-an\u0303os-de-Azcuy-en-el-Teatro-Colo\u0301n-1024x1536.jpg 1024w, https:\/\/www.lasrosas.com.ar\/portal\/wp-content\/uploads\/Amelia-Saban-y-Marti\u0301n-Mazzei-en-los-30-an\u0303os-de-Azcuy-en-el-Teatro-Colo\u0301n-scaled.jpg 1365w\" data-sizes=\"(max-width: 1280px) 100vw, 1280px\" src=\"data:image\/svg+xml;base64,PHN2ZyB3aWR0aD0iMSIgaGVpZ2h0PSIxIiB4bWxucz0iaHR0cDovL3d3dy53My5vcmcvMjAwMC9zdmciPjwvc3ZnPg==\" style=\"--smush-placeholder-width: 1280px; --smush-placeholder-aspect-ratio: 1280\/1920;\" \/><\/figure><\/li><li class=\"blocks-gallery-item\"><figure><img decoding=\"async\" width=\"1920\" height=\"1280\" data-src=\"https:\/\/www.lasrosas.com.ar\/portal\/wp-content\/uploads\/2.-Marti\u0301n-Gaudin-Gerardo-Azcuy-y-Mati\u0301as-Baldoni-los-socios-de-Azcuy-en-los-30-an\u0303os-en-el-Teatro-Colo\u0301n-1920x1280.jpg\" alt=\"\" data-id=\"59453\" data-full-url=\"https:\/\/www.lasrosas.com.ar\/portal\/wp-content\/uploads\/2.-Marti\u0301n-Gaudin-Gerardo-Azcuy-y-Mati\u0301as-Baldoni-los-socios-de-Azcuy-en-los-30-an\u0303os-en-el-Teatro-Colo\u0301n-scaled.jpg\" data-link=\"https:\/\/www.lasrosas.com.ar\/portal\/?attachment_id=59453\" class=\"wp-image-59453 lazyload\" data-srcset=\"https:\/\/www.lasrosas.com.ar\/portal\/wp-content\/uploads\/2.-Marti\u0301n-Gaudin-Gerardo-Azcuy-y-Mati\u0301as-Baldoni-los-socios-de-Azcuy-en-los-30-an\u0303os-en-el-Teatro-Colo\u0301n-1920x1280.jpg 1920w, https:\/\/www.lasrosas.com.ar\/portal\/wp-content\/uploads\/2.-Marti\u0301n-Gaudin-Gerardo-Azcuy-y-Mati\u0301as-Baldoni-los-socios-de-Azcuy-en-los-30-an\u0303os-en-el-Teatro-Colo\u0301n-960x640.jpg 960w, https:\/\/www.lasrosas.com.ar\/portal\/wp-content\/uploads\/2.-Marti\u0301n-Gaudin-Gerardo-Azcuy-y-Mati\u0301as-Baldoni-los-socios-de-Azcuy-en-los-30-an\u0303os-en-el-Teatro-Colo\u0301n-1536x1024.jpg 1536w, https:\/\/www.lasrosas.com.ar\/portal\/wp-content\/uploads\/2.-Marti\u0301n-Gaudin-Gerardo-Azcuy-y-Mati\u0301as-Baldoni-los-socios-de-Azcuy-en-los-30-an\u0303os-en-el-Teatro-Colo\u0301n-scaled.jpg 2048w\" data-sizes=\"(max-width: 1920px) 100vw, 1920px\" src=\"data:image\/svg+xml;base64,PHN2ZyB3aWR0aD0iMSIgaGVpZ2h0PSIxIiB4bWxucz0iaHR0cDovL3d3dy53My5vcmcvMjAwMC9zdmciPjwvc3ZnPg==\" style=\"--smush-placeholder-width: 1920px; --smush-placeholder-aspect-ratio: 1920\/1280;\" \/><\/figure><\/li><\/ul><\/figure>\n<!-- AddThis Advanced Settings generic via filter on the_content --><!-- AddThis Share Buttons generic via filter on the_content -->","protected":false},"excerpt":{"rendered":"<p>M\u00e1s de 500 invitados disfrutaron de un exclusivo cocktail en el Sal\u00f3n Dorado y de la funci\u00f3n de ballet de Romeo &amp; Julieta. Azcuy, uno de los m\u00e1ximos referentes del Real Estate argentino, celebr\u00f3 su 30\u00b0 aniversario en el Teatro Col\u00f3n con la funci\u00f3n Romeo &amp; Julieta. Cerca de las 18.30 h comenzaron a\u00a0 ingresar [&hellip;]<!-- AddThis Advanced Settings generic via filter on get_the_excerpt --><!-- AddThis Share Buttons generic via filter on get_the_excerpt --><\/p>\n","protected":false},"author":6,"featured_media":59461,"comment_status":"closed","ping_status":"open","sticky":false,"template":"","format":"standard","meta":{"_acf_changed":false,"om_disable_all_campaigns":false,"_monsterinsights_skip_tracking":false,"_monsterinsights_sitenote_active":false,"_monsterinsights_sitenote_note":"","_monsterinsights_sitenote_category":0,"_uf_show_specific_survey":0,"_uf_disable_surveys":false,"footnotes":""},"categories":[100],"tags":[],"class_list":["post-59451","post","type-post","status-publish","format-standard","has-post-thumbnail","hentry","category-noticias"],"acf":[],"aioseo_notices":[],"_links":{"self":[{"href":"https:\/\/www.lasrosas.com.ar\/portal\/wp-json\/wp\/v2\/posts\/59451","targetHints":{"allow":["GET"]}}],"collection":[{"href":"https:\/\/www.lasrosas.com.ar\/portal\/wp-json\/wp\/v2\/posts"}],"about":[{"href":"https:\/\/www.lasrosas.com.ar\/portal\/wp-json\/wp\/v2\/types\/post"}],"author":[{"embeddable":true,"href":"https:\/\/www.lasrosas.com.ar\/portal\/wp-json\/wp\/v2\/users\/6"}],"replies":[{"embeddable":true,"href":"https:\/\/www.lasrosas.com.ar\/portal\/wp-json\/wp\/v2\/comments?post=59451"}],"version-history":[{"count":0,"href":"https:\/\/www.lasrosas.com.ar\/portal\/wp-json\/wp\/v2\/posts\/59451\/revisions"}],"wp:featuredmedia":[{"embeddable":true,"href":"https:\/\/www.lasrosas.com.ar\/portal\/wp-json\/wp\/v2\/media\/59461"}],"wp:attachment":[{"href":"https:\/\/www.lasrosas.com.ar\/portal\/wp-json\/wp\/v2\/media?parent=59451"}],"wp:term":[{"taxonomy":"category","embeddable":true,"href":"https:\/\/www.lasrosas.com.ar\/portal\/wp-json\/wp\/v2\/categories?post=59451"},{"taxonomy":"post_tag","embeddable":true,"href":"https:\/\/www.lasrosas.com.ar\/portal\/wp-json\/wp\/v2\/tags?post=59451"}],"curies":[{"name":"wp","href":"https:\/\/api.w.org\/{rel}","templated":true}]}}