{"id":58587,"date":"2022-10-25T16:17:59","date_gmt":"2022-10-25T19:17:59","guid":{"rendered":"https:\/\/www.lasrosas.com.ar\/portal\/?p=58587"},"modified":"2022-10-25T16:17:59","modified_gmt":"2022-10-25T19:17:59","slug":"el-truco-para-llevar-las-cejas-invisibles-sin-decolorarlas","status":"publish","type":"post","link":"https:\/\/www.lasrosas.com.ar\/portal\/el-truco-para-llevar-las-cejas-invisibles-sin-decolorarlas\/","title":{"rendered":"EL TRUCO PARA LLEVAR LAS CEJAS INVISIBLES SIN DECOLORARLAS"},"content":{"rendered":"<p>Cuando las vimos por primera vez, nos asustamos un poco, pero ahora todos queremos llevarlas. Por eso, te ense\u00f1amos c\u00f3mo hacerlo sin llegar al extremo de decolorarlas.<\/p>\n<p><strong>Cuando la vimos a\u00a0Bella Hadid\u00a0\u00absin cejas\u00bb m\u00e1s de uno qued\u00f3 impactado.\u00a0<\/strong>Una tendencia beauty que no ve\u00edamos hace d\u00e9cadas y que ahora pisa fuerte. Es que ya son muchas las celebrities que se sumaron, a Bella la siguieron Kendall Jenner, Lady Gaga y hace unos d\u00edas tambi\u00e9n Rosal\u00eda. Despu\u00e9s de varias temporadas con las cejas como protagonistas, esta primavera\/verano 23 desaparecen por completo. Por eso, queremos ense\u00f1arte un m\u00e9todo menos invasivo que la decoloraci\u00f3n para que puedas sumarte a esta tendencia.<\/p>\n<p><strong>Llegaron para quedarse<\/strong><\/p>\n<p>Como dijimos anteriormente, hace unas temporadas todos quer\u00edamos las cejas anchas como las de Cara Delevingne o Lily Collins. Pero como las tendencias son c\u00edclicas, hoy desaparecen por completo, creando un nuevo marco de la cara. Adem\u00e1s, dan un aspecto futurista que impacta.<\/p>\n<p><img decoding=\"async\" class=\"wp-image-58588 aligncenter lazyload\" data-src=\"https:\/\/www.lasrosas.com.ar\/portal\/wp-content\/uploads\/WhatsApp-Image-2022-10-25-at-4.16.47-PM-2.jpeg\" alt=\"\" width=\"434\" height=\"434\" src=\"data:image\/svg+xml;base64,PHN2ZyB3aWR0aD0iMSIgaGVpZ2h0PSIxIiB4bWxucz0iaHR0cDovL3d3dy53My5vcmcvMjAwMC9zdmciPjwvc3ZnPg==\" style=\"--smush-placeholder-width: 434px; --smush-placeholder-aspect-ratio: 434\/434;\" \/><\/p>\n<p><strong>Conquistaron las pasarelas<\/strong><\/p>\n<p>Podr\u00edamos decir de que fue Versace uno de los \u00abculpables\u00bb de las cejas invisibles. Desde que se vieron sobre sus pasarelas se volvieron virales, de hecho, est\u00e1 entre lo m\u00e1s buscado de TikTok y hay tutoriales con millones de views. Este verano las cejas no deben verse, esta es la mayor tendencia beauty a la que a nivel nacional, ya se sumaron celebrities como Oriana Sabatini.<\/p>\n<p><img decoding=\"async\" class=\"wp-image-58589 aligncenter lazyload\" data-src=\"https:\/\/www.lasrosas.com.ar\/portal\/wp-content\/uploads\/WhatsApp-Image-2022-10-25-at-4.16.47-PM-1.jpeg\" alt=\"\" width=\"510\" height=\"629\" src=\"data:image\/svg+xml;base64,PHN2ZyB3aWR0aD0iMSIgaGVpZ2h0PSIxIiB4bWxucz0iaHR0cDovL3d3dy53My5vcmcvMjAwMC9zdmciPjwvc3ZnPg==\" style=\"--smush-placeholder-width: 510px; --smush-placeholder-aspect-ratio: 510\/629;\" \/><\/p>\n<p><strong>Decolorarse o no<\/strong><\/p>\n<p>El tema es que, para seguir estas tendencias de cejas invisibles, debemos decolorarlas. Y la vedad, es que resulta un m\u00e9todo bastante invasivo. Sobre todo, si queremos usarlo para probar o para alguna ocasi\u00f3n especial. Por eso, te traemos una alternativo m\u00e1s temporal con la que no vas a necesitar decolorarte.<\/p>\n<p><strong>Soluci\u00f3n alternativa<\/strong><\/p>\n<p>Para lograr cejas invisibles sin decoloraci\u00f3n, podemos aplicar la misma base que usamos sobre piel, en las cejas. La idea es pasarlas \u00edntegramente, para cubrirlas por completo. Tambi\u00e9n se puede hacer con un delineador de ojos color piel. Despu\u00e9s debe fijarse con un gel transparente de cejas. Claro que es algo temporal, pero puede ser la opci\u00f3n ideal al menos para probar si nos gusta o no c\u00f3mo quedan.<\/p>\n<p>Cuando las vimos por primera vez, nos asustamos un poco, pero ahora todos queremos llevarlas. Por eso, te ense\u00f1amos c\u00f3mo hacerlo sin llegar al extremo de decolorarlas.<\/p>\n<!-- AddThis Advanced Settings generic via filter on the_content --><!-- AddThis Share Buttons generic via filter on the_content -->","protected":false},"excerpt":{"rendered":"<p>Cuando las vimos por primera vez, nos asustamos un poco, pero ahora todos queremos llevarlas. Por eso, te ense\u00f1amos c\u00f3mo hacerlo sin llegar al extremo de decolorarlas. Cuando la vimos a\u00a0Bella Hadid\u00a0\u00absin cejas\u00bb m\u00e1s de uno qued\u00f3 impactado.\u00a0Una tendencia beauty que no ve\u00edamos hace d\u00e9cadas y que ahora pisa fuerte. Es que ya son muchas [&hellip;]<!-- AddThis Advanced Settings generic via filter on get_the_excerpt --><!-- AddThis Share Buttons generic via filter on get_the_excerpt --><\/p>\n","protected":false},"author":6,"featured_media":58590,"comment_status":"closed","ping_status":"open","sticky":false,"template":"","format":"standard","meta":{"_acf_changed":false,"om_disable_all_campaigns":false,"_monsterinsights_skip_tracking":false,"_monsterinsights_sitenote_active":false,"_monsterinsights_sitenote_note":"","_monsterinsights_sitenote_category":0,"_uf_show_specific_survey":0,"_uf_disable_surveys":false,"footnotes":""},"categories":[100],"tags":[],"class_list":["post-58587","post","type-post","status-publish","format-standard","has-post-thumbnail","hentry","category-noticias"],"acf":[],"aioseo_notices":[],"_links":{"self":[{"href":"https:\/\/www.lasrosas.com.ar\/portal\/wp-json\/wp\/v2\/posts\/58587","targetHints":{"allow":["GET"]}}],"collection":[{"href":"https:\/\/www.lasrosas.com.ar\/portal\/wp-json\/wp\/v2\/posts"}],"about":[{"href":"https:\/\/www.lasrosas.com.ar\/portal\/wp-json\/wp\/v2\/types\/post"}],"author":[{"embeddable":true,"href":"https:\/\/www.lasrosas.com.ar\/portal\/wp-json\/wp\/v2\/users\/6"}],"replies":[{"embeddable":true,"href":"https:\/\/www.lasrosas.com.ar\/portal\/wp-json\/wp\/v2\/comments?post=58587"}],"version-history":[{"count":0,"href":"https:\/\/www.lasrosas.com.ar\/portal\/wp-json\/wp\/v2\/posts\/58587\/revisions"}],"wp:featuredmedia":[{"embeddable":true,"href":"https:\/\/www.lasrosas.com.ar\/portal\/wp-json\/wp\/v2\/media\/58590"}],"wp:attachment":[{"href":"https:\/\/www.lasrosas.com.ar\/portal\/wp-json\/wp\/v2\/media?parent=58587"}],"wp:term":[{"taxonomy":"category","embeddable":true,"href":"https:\/\/www.lasrosas.com.ar\/portal\/wp-json\/wp\/v2\/categories?post=58587"},{"taxonomy":"post_tag","embeddable":true,"href":"https:\/\/www.lasrosas.com.ar\/portal\/wp-json\/wp\/v2\/tags?post=58587"}],"curies":[{"name":"wp","href":"https:\/\/api.w.org\/{rel}","templated":true}]}}