{"id":58338,"date":"2022-10-20T12:50:05","date_gmt":"2022-10-20T15:50:05","guid":{"rendered":"https:\/\/www.lasrosas.com.ar\/portal\/?p=58338"},"modified":"2022-10-20T12:50:05","modified_gmt":"2022-10-20T15:50:05","slug":"natura-acompano-con-su-maquillaje-a-la-marca-de-indumentaria-femenina-de-argentina-kosiuko-que-celebro-sus-30-anos","status":"publish","type":"post","link":"https:\/\/www.lasrosas.com.ar\/portal\/natura-acompano-con-su-maquillaje-a-la-marca-de-indumentaria-femenina-de-argentina-kosiuko-que-celebro-sus-30-anos\/","title":{"rendered":"NATURA ACOMPA\u00d1\u00d3 CON SU MAQUILLAJE A LA MARCA DE INDUMENTARIA FEMENINA DE ARGENTINA, KOSIUKO, QUE CELEBR\u00d3 SUS 30 A\u00d1OS"},"content":{"rendered":"<p>Natura acompa\u00f1\u00f3 con su maquillaje Natura UNA a la marca de indumentaria femenina de Argentina, <b>Kosiuko, que celebr\u00f3 sus 30 a\u00f1os<\/b>, con una colecci\u00f3n que rememora todo su legado, junto a las top models m\u00e1s ic\u00f3nicas de la argentina en el Estadio Obras.<\/p>\n<p>En una nueva edici\u00f3n del ic\u00f3nico Buenos Aires Fashion Week SS 2023, la marca de cosm\u00e9ticos ser\u00e1, una vez m\u00e1s, el maquillaje oficial del evento. All\u00ed presentar\u00e1 \u201cVerano Natural\u201d, la nueva tendencia de maquillaje para esta temporada primavera\/verano.<\/p>\n<p>Se realizar\u00e1 una nueva edici\u00f3n de BAFWEEK, el evento de moda de Argentina que re\u00fane a marcas l\u00edderes y nuevos talentos de la industria de la moda para presentar sus colecciones primavera-verano. En esta ocasi\u00f3n, Natura estar\u00e1 presente como maquillaje oficial, acompa\u00f1ando a BAFWEEK en una edici\u00f3n que propone desfiles, experiencias y performances de impacto en locaciones ic\u00f3nicas e hist\u00f3ricas de la ciudad.<\/p>\n<p>Adem\u00e1s, en esta edici\u00f3n la marca presentar\u00e1 las tendencias de maquillaje impulsadas por Natura Una, su l\u00ednea de maquillaje que inspira a las mujeres a destacar la belleza que las hace \u00fanicas y aut\u00e9nticas, combinando performance y tecnolog\u00eda con ingredientes naturales en todos sus productos. De la mano de Ver\u00f3nica Mendoza, su maquilladora oficial, Natura presenta \u201cVERANO NATURAL\u00bb la nueva tendencia en maquillaje que pisar\u00e1 fuerte en la temporada S\/S 2022-2023 que ya comenz\u00f3.<\/p>\n\r\n\t\t<style type='text\/css'>\r\n\t\t\t#gallery-1 {\r\n\t\t\t\tmargin: auto;\r\n\t\t\t}\r\n\t\t\t#gallery-1 .gallery-item {\r\n\t\t\t\tfloat: left;\r\n\t\t\t\tmargin-top: 10px;\r\n\t\t\t\ttext-align: center;\r\n\t\t\t\twidth: 20%;\r\n\t\t\t}\r\n\t\t\t#gallery-1 img {\r\n\t\t\t\tborder: 2px solid #cfcfcf;\r\n\t\t\t}\r\n\t\t\t#gallery-1 .gallery-caption {\r\n\t\t\t\tmargin-left: 0;\r\n\t\t\t}\r\n\t\t<\/style>\r\n\t\t<!-- see gallery_shortcode() in wp-includes\/media.php -->\n\t\t<div id='gallery-1' class='gallery galleryid-58338 gallery-columns-5 gallery-size-full gallery1'><script type=\"text\/javascript\">\r\n\/\/ <![CDATA[\r\n\tjQuery(document).ready(function () {\r\n\t\tjQuery(\".gallery1 a\").attr(\"rel\",\"gallery1\");\t\r\n\t\tjQuery('a[rel=\"gallery1\"]').colorbox({maxWidth:\"95%\", maxHeight:\"95%\",title: function(){ return jQuery(this).children().attr(\"alt\"); }, });\r\n\t});\r\n\/\/ ]]>\r\n<\/script>\n<dl class=\"gallery-item\">\n<dt class=\"gallery-icon\">\r\n<a href=\"https:\/\/www.lasrosas.com.ar\/portal\/wp-content\/uploads\/BAFWeek_Kosiuko-0731-1920x1281.jpg\" title=\"\" rel=\"gallery1\"><img decoding=\"async\" data-src=\"https:\/\/www.lasrosas.com.ar\/portal\/wp-content\/uploads\/BAFWeek_Kosiuko-0731.jpg\" width=\"3600\" height=\"2401\" alt=\"\" src=\"data:image\/svg+xml;base64,PHN2ZyB3aWR0aD0iMSIgaGVpZ2h0PSIxIiB4bWxucz0iaHR0cDovL3d3dy53My5vcmcvMjAwMC9zdmciPjwvc3ZnPg==\" class=\"lazyload\" style=\"--smush-placeholder-width: 3600px; --smush-placeholder-aspect-ratio: 3600\/2401;\" \/><\/a>\r\n<\/dt><\/dl><dl class=\"gallery-item\">\n<dt class=\"gallery-icon\">\r\n<a href=\"https:\/\/www.lasrosas.com.ar\/portal\/wp-content\/uploads\/BAFWeek_Kosiuko-0577-1920x1281.jpg\" title=\"\" rel=\"gallery1\"><img decoding=\"async\" data-src=\"https:\/\/www.lasrosas.com.ar\/portal\/wp-content\/uploads\/BAFWeek_Kosiuko-0577.jpg\" width=\"3600\" height=\"2401\" alt=\"\" src=\"data:image\/svg+xml;base64,PHN2ZyB3aWR0aD0iMSIgaGVpZ2h0PSIxIiB4bWxucz0iaHR0cDovL3d3dy53My5vcmcvMjAwMC9zdmciPjwvc3ZnPg==\" class=\"lazyload\" style=\"--smush-placeholder-width: 3600px; --smush-placeholder-aspect-ratio: 3600\/2401;\" \/><\/a>\r\n<\/dt><\/dl><dl class=\"gallery-item\">\n<dt class=\"gallery-icon\">\r\n<a href=\"https:\/\/www.lasrosas.com.ar\/portal\/wp-content\/uploads\/BAFWeek_Kosiuko-0619-1920x1281.jpg\" title=\"\" rel=\"gallery1\"><img decoding=\"async\" data-src=\"https:\/\/www.lasrosas.com.ar\/portal\/wp-content\/uploads\/BAFWeek_Kosiuko-0619.jpg\" width=\"3600\" height=\"2401\" alt=\"\" src=\"data:image\/svg+xml;base64,PHN2ZyB3aWR0aD0iMSIgaGVpZ2h0PSIxIiB4bWxucz0iaHR0cDovL3d3dy53My5vcmcvMjAwMC9zdmciPjwvc3ZnPg==\" class=\"lazyload\" style=\"--smush-placeholder-width: 3600px; --smush-placeholder-aspect-ratio: 3600\/2401;\" \/><\/a>\r\n<\/dt><\/dl><dl class=\"gallery-item\">\n<dt class=\"gallery-icon\">\r\n<a href=\"https:\/\/www.lasrosas.com.ar\/portal\/wp-content\/uploads\/BAFWeek_Kosiuko-9573-1920x1281.jpg\" title=\"\" rel=\"gallery1\"><img decoding=\"async\" data-src=\"https:\/\/www.lasrosas.com.ar\/portal\/wp-content\/uploads\/BAFWeek_Kosiuko-9573.jpg\" width=\"3600\" height=\"2401\" alt=\"\" src=\"data:image\/svg+xml;base64,PHN2ZyB3aWR0aD0iMSIgaGVpZ2h0PSIxIiB4bWxucz0iaHR0cDovL3d3dy53My5vcmcvMjAwMC9zdmciPjwvc3ZnPg==\" class=\"lazyload\" style=\"--smush-placeholder-width: 3600px; --smush-placeholder-aspect-ratio: 3600\/2401;\" \/><\/a>\r\n<\/dt><\/dl><dl class=\"gallery-item\">\n<dt class=\"gallery-icon\">\r\n<a href=\"https:\/\/www.lasrosas.com.ar\/portal\/wp-content\/uploads\/BAFWeek_Kosiuko-9880-1920x1281.jpg\" title=\"\" rel=\"gallery1\"><img decoding=\"async\" data-src=\"https:\/\/www.lasrosas.com.ar\/portal\/wp-content\/uploads\/BAFWeek_Kosiuko-9880.jpg\" width=\"3600\" height=\"2401\" alt=\"\" src=\"data:image\/svg+xml;base64,PHN2ZyB3aWR0aD0iMSIgaGVpZ2h0PSIxIiB4bWxucz0iaHR0cDovL3d3dy53My5vcmcvMjAwMC9zdmciPjwvc3ZnPg==\" class=\"lazyload\" style=\"--smush-placeholder-width: 3600px; --smush-placeholder-aspect-ratio: 3600\/2401;\" \/><\/a>\r\n<\/dt><\/dl><br style=\"clear: both\" \/>\r\n\t\t<\/div>\n\n<p>\u201cEsta nueva tendencia prioriza el color natural de nuestra piel y juega con los tonos cobre para destacar algunas zonas para dar sensaci\u00f3n de rostro bronceado y luminoso. Adem\u00e1s, para recrearlo, tenemos un gran aliado que es el nuevo corrector Cushion Nude Me de Natura Una que ofrece 24hs de duraci\u00f3n, es resistente al agua y al sudor; a la vez que controla el brillo excesivo, ideal para esta estaci\u00f3n; y protege contra la luz azul de las pantallas\u201d, describe\u00a0 Ver\u00f3nica Mendoza, Maquilladora Oficial de Natura Argentina.<\/p>\n<p>Esta nueva edici\u00f3n BAFWEEK contar\u00e1 con la participaci\u00f3n de varias de las marcas m\u00e1s reconocidas del pa\u00eds tales como: Kosiuko, Ampi Vera, Revolver, Ay Not Dead, Sadaels, Oseo, Valentina, Mishka y JT.<\/p>\n<p>Tendencia para un verano al natural<\/p>\n<p>Esta tendencia se enfoca en aprovechar el uso de las tonalidades cobre para dar una sensaci\u00f3n de piel bronceada y luminosa. Utiliza tonalidades tierra que siempre son vers\u00e1tiles y se adaptan bien a todos los looks y a diferentes situaciones.<\/p>\n<p>Otro de sus secretos es que acent\u00faa todas las miradas, profundizando los ojos azules y verdes o destacando las tonalidades miel de los ojos marrones. Puede combinarse con una sombra de ojos cobre brillante y un l\u00e1piz labial neutro c\u00e1lido para obtener este look de verano, de esta manera obtendremos un maquillaje sencillo y natural.<\/p>\n<p>Es un look que no presenta demasiadas dificultades, ya que por su tonalidad se funde f\u00e1cilmente con la piel y es dif\u00edcil que deje trazos en su aplicaci\u00f3n.<\/p>\n\r\n\t\t<style type='text\/css'>\r\n\t\t\t#gallery-2 {\r\n\t\t\t\tmargin: auto;\r\n\t\t\t}\r\n\t\t\t#gallery-2 .gallery-item {\r\n\t\t\t\tfloat: left;\r\n\t\t\t\tmargin-top: 10px;\r\n\t\t\t\ttext-align: center;\r\n\t\t\t\twidth: 16%;\r\n\t\t\t}\r\n\t\t\t#gallery-2 img {\r\n\t\t\t\tborder: 2px solid #cfcfcf;\r\n\t\t\t}\r\n\t\t\t#gallery-2 .gallery-caption {\r\n\t\t\t\tmargin-left: 0;\r\n\t\t\t}\r\n\t\t<\/style>\r\n\t\t<!-- see gallery_shortcode() in wp-includes\/media.php -->\n\t\t<div id='gallery-2' class='gallery galleryid-58338 gallery-columns-6 gallery-size-full gallery1'><script type=\"text\/javascript\">\r\n\/\/ <![CDATA[\r\n\tjQuery(document).ready(function () {\r\n\t\tjQuery(\".gallery1 a\").attr(\"rel\",\"gallery1\");\t\r\n\t\tjQuery('a[rel=\"gallery1\"]').colorbox({maxWidth:\"95%\", maxHeight:\"95%\",title: function(){ return jQuery(this).children().attr(\"alt\"); }, });\r\n\t});\r\n\/\/ ]]>\r\n<\/script>\n<dl class=\"gallery-item\">\n<dt class=\"gallery-icon\">\r\n<a href=\"https:\/\/www.lasrosas.com.ar\/portal\/wp-content\/uploads\/BAFWeek_Kosiuko-9867-1281x1920.jpg\" title=\"\" rel=\"gallery1\"><img decoding=\"async\" data-src=\"https:\/\/www.lasrosas.com.ar\/portal\/wp-content\/uploads\/BAFWeek_Kosiuko-9867.jpg\" width=\"2402\" height=\"3600\" alt=\"\" src=\"data:image\/svg+xml;base64,PHN2ZyB3aWR0aD0iMSIgaGVpZ2h0PSIxIiB4bWxucz0iaHR0cDovL3d3dy53My5vcmcvMjAwMC9zdmciPjwvc3ZnPg==\" class=\"lazyload\" style=\"--smush-placeholder-width: 2402px; --smush-placeholder-aspect-ratio: 2402\/3600;\" \/><\/a>\r\n<\/dt><\/dl><dl class=\"gallery-item\">\n<dt class=\"gallery-icon\">\r\n<a href=\"https:\/\/www.lasrosas.com.ar\/portal\/wp-content\/uploads\/BAFWeek_Kosiuko-9682-1281x1920.jpg\" title=\"\" rel=\"gallery1\"><img decoding=\"async\" data-src=\"https:\/\/www.lasrosas.com.ar\/portal\/wp-content\/uploads\/BAFWeek_Kosiuko-9682.jpg\" width=\"2402\" height=\"3600\" alt=\"\" src=\"data:image\/svg+xml;base64,PHN2ZyB3aWR0aD0iMSIgaGVpZ2h0PSIxIiB4bWxucz0iaHR0cDovL3d3dy53My5vcmcvMjAwMC9zdmciPjwvc3ZnPg==\" class=\"lazyload\" style=\"--smush-placeholder-width: 2402px; --smush-placeholder-aspect-ratio: 2402\/3600;\" \/><\/a>\r\n<\/dt><\/dl><dl class=\"gallery-item\">\n<dt class=\"gallery-icon\">\r\n<a href=\"https:\/\/www.lasrosas.com.ar\/portal\/wp-content\/uploads\/BAFWeek_Kosiuko-9649-1281x1920.jpg\" title=\"\" rel=\"gallery1\"><img decoding=\"async\" data-src=\"https:\/\/www.lasrosas.com.ar\/portal\/wp-content\/uploads\/BAFWeek_Kosiuko-9649.jpg\" width=\"2402\" height=\"3600\" alt=\"\" src=\"data:image\/svg+xml;base64,PHN2ZyB3aWR0aD0iMSIgaGVpZ2h0PSIxIiB4bWxucz0iaHR0cDovL3d3dy53My5vcmcvMjAwMC9zdmciPjwvc3ZnPg==\" class=\"lazyload\" style=\"--smush-placeholder-width: 2402px; --smush-placeholder-aspect-ratio: 2402\/3600;\" \/><\/a>\r\n<\/dt><\/dl><dl class=\"gallery-item\">\n<dt class=\"gallery-icon\">\r\n<a href=\"https:\/\/www.lasrosas.com.ar\/portal\/wp-content\/uploads\/BAFWeek_Kosiuko-9674-1281x1920.jpg\" title=\"\" rel=\"gallery1\"><img decoding=\"async\" data-src=\"https:\/\/www.lasrosas.com.ar\/portal\/wp-content\/uploads\/BAFWeek_Kosiuko-9674.jpg\" width=\"2402\" height=\"3600\" alt=\"\" src=\"data:image\/svg+xml;base64,PHN2ZyB3aWR0aD0iMSIgaGVpZ2h0PSIxIiB4bWxucz0iaHR0cDovL3d3dy53My5vcmcvMjAwMC9zdmciPjwvc3ZnPg==\" class=\"lazyload\" style=\"--smush-placeholder-width: 2402px; --smush-placeholder-aspect-ratio: 2402\/3600;\" \/><\/a>\r\n<\/dt><\/dl><dl class=\"gallery-item\">\n<dt class=\"gallery-icon\">\r\n<a href=\"https:\/\/www.lasrosas.com.ar\/portal\/wp-content\/uploads\/BAFWeek_Kosiuko-9776-1281x1920.jpg\" title=\"\" rel=\"gallery1\"><img decoding=\"async\" data-src=\"https:\/\/www.lasrosas.com.ar\/portal\/wp-content\/uploads\/BAFWeek_Kosiuko-9776.jpg\" width=\"2402\" height=\"3600\" alt=\"\" src=\"data:image\/svg+xml;base64,PHN2ZyB3aWR0aD0iMSIgaGVpZ2h0PSIxIiB4bWxucz0iaHR0cDovL3d3dy53My5vcmcvMjAwMC9zdmciPjwvc3ZnPg==\" class=\"lazyload\" style=\"--smush-placeholder-width: 2402px; --smush-placeholder-aspect-ratio: 2402\/3600;\" \/><\/a>\r\n<\/dt><\/dl><dl class=\"gallery-item\">\n<dt class=\"gallery-icon\">\r\n<a href=\"https:\/\/www.lasrosas.com.ar\/portal\/wp-content\/uploads\/BAFWeek_Kosiuko-9757-1281x1920.jpg\" title=\"\" rel=\"gallery1\"><img decoding=\"async\" data-src=\"https:\/\/www.lasrosas.com.ar\/portal\/wp-content\/uploads\/BAFWeek_Kosiuko-9757.jpg\" width=\"2402\" height=\"3600\" alt=\"\" src=\"data:image\/svg+xml;base64,PHN2ZyB3aWR0aD0iMSIgaGVpZ2h0PSIxIiB4bWxucz0iaHR0cDovL3d3dy53My5vcmcvMjAwMC9zdmciPjwvc3ZnPg==\" class=\"lazyload\" style=\"--smush-placeholder-width: 2402px; --smush-placeholder-aspect-ratio: 2402\/3600;\" \/><\/a>\r\n<\/dt><\/dl><br style=\"clear: both\" \/>\r\n\t\t<\/div>\n\n<p>Paso a paso del look:<\/p>\n<p>Rostro: Aplicamos el nuevo Corrector cushion nude me en ojeras y zonas con mayor pigmentaci\u00f3n para emparejar el tono. Utilizamos la Base Mousse en forma uniforme en todo el rostro, aplicando con el pincel, para lograr un acabado con efecto mate y con textura aterciopelada. Sellamos con el Polvo compacto nude me. En las mejillas, colocamos el Rubor intense me en forma uniforme para realzar los p\u00f3mulos, iluminar y dar un efecto coral.<\/p>\n<p>Ojos:\u00a0 Aplicamos la sombra nro. 2 de la Maxxi palette nude desde el lagrimal hasta la mitad del p\u00e1rpado m\u00f3vil. Con la 3ra sombra de la misma paleta realizamos una profundidad en forma de \u00abV\u00bb en el extremo del ojo, fundiendo ambos colores. Intensificamos bien cerca de la l\u00ednea de las pesta\u00f1as con la sombra 10. Luego, con el Delineador kajal para ojos, delineamos debajo de la l\u00ednea de agua y todo el contorno superior del ojo.<\/p>\n<p>Pesta\u00f1as y cejas: Aplicamos la M\u00e1scara 2 en 1 para lograr pesta\u00f1as con volumen y alargamiento intenso. Posteriormente, utilizamos suavemente el Delineador para cejas, siguiendo la direcci\u00f3n y peinado de las hebras.<\/p>\n<p>Labios: para finalizar, en los labios aplicamos el Labial Matte Powder en su tono marr\u00f3n 2.<\/p>\n<p>#NaturaEnBAF<\/p>\n<!-- AddThis Advanced Settings generic via filter on the_content --><!-- AddThis Share Buttons generic via filter on the_content -->","protected":false},"excerpt":{"rendered":"<p>Natura acompa\u00f1\u00f3 con su maquillaje Natura UNA a la marca de indumentaria femenina de Argentina, Kosiuko, que celebr\u00f3 sus 30 a\u00f1os, con una colecci\u00f3n que rememora todo su legado, junto a las top models m\u00e1s ic\u00f3nicas de la argentina en el Estadio Obras. En una nueva edici\u00f3n del ic\u00f3nico Buenos Aires Fashion Week SS 2023, [&hellip;]<!-- AddThis Advanced Settings generic via filter on get_the_excerpt --><!-- AddThis Share Buttons generic via filter on get_the_excerpt --><\/p>\n","protected":false},"author":6,"featured_media":58340,"comment_status":"closed","ping_status":"open","sticky":false,"template":"","format":"standard","meta":{"_acf_changed":false,"om_disable_all_campaigns":false,"_monsterinsights_skip_tracking":false,"_monsterinsights_sitenote_active":false,"_monsterinsights_sitenote_note":"","_monsterinsights_sitenote_category":0,"_uf_show_specific_survey":0,"_uf_disable_surveys":false,"footnotes":""},"categories":[376,234,100],"tags":[],"class_list":["post-58338","post","type-post","status-publish","format-standard","has-post-thumbnail","hentry","category-lifestyle","category-trend","category-noticias"],"acf":[],"aioseo_notices":[],"_links":{"self":[{"href":"https:\/\/www.lasrosas.com.ar\/portal\/wp-json\/wp\/v2\/posts\/58338","targetHints":{"allow":["GET"]}}],"collection":[{"href":"https:\/\/www.lasrosas.com.ar\/portal\/wp-json\/wp\/v2\/posts"}],"about":[{"href":"https:\/\/www.lasrosas.com.ar\/portal\/wp-json\/wp\/v2\/types\/post"}],"author":[{"embeddable":true,"href":"https:\/\/www.lasrosas.com.ar\/portal\/wp-json\/wp\/v2\/users\/6"}],"replies":[{"embeddable":true,"href":"https:\/\/www.lasrosas.com.ar\/portal\/wp-json\/wp\/v2\/comments?post=58338"}],"version-history":[{"count":0,"href":"https:\/\/www.lasrosas.com.ar\/portal\/wp-json\/wp\/v2\/posts\/58338\/revisions"}],"wp:featuredmedia":[{"embeddable":true,"href":"https:\/\/www.lasrosas.com.ar\/portal\/wp-json\/wp\/v2\/media\/58340"}],"wp:attachment":[{"href":"https:\/\/www.lasrosas.com.ar\/portal\/wp-json\/wp\/v2\/media?parent=58338"}],"wp:term":[{"taxonomy":"category","embeddable":true,"href":"https:\/\/www.lasrosas.com.ar\/portal\/wp-json\/wp\/v2\/categories?post=58338"},{"taxonomy":"post_tag","embeddable":true,"href":"https:\/\/www.lasrosas.com.ar\/portal\/wp-json\/wp\/v2\/tags?post=58338"}],"curies":[{"name":"wp","href":"https:\/\/api.w.org\/{rel}","templated":true}]}}