{"id":58242,"date":"2022-10-18T13:44:42","date_gmt":"2022-10-18T16:44:42","guid":{"rendered":"https:\/\/www.lasrosas.com.ar\/portal\/?p=58242"},"modified":"2022-10-18T09:48:10","modified_gmt":"2022-10-18T12:48:10","slug":"prune-new-concept-store","status":"publish","type":"post","link":"https:\/\/www.lasrosas.com.ar\/portal\/prune-new-concept-store\/","title":{"rendered":"PR\u00dcNE NEW CONCEPT STORE"},"content":{"rendered":"<p><span style=\"font-weight: 400;\">Totalmente renovado, la reconocida marca de indumentaria reabri\u00f3 su tienda de Alcorta Shopping\u00a0<\/span><\/p>\n<p><span style=\"font-weight: 400;\">Un nuevo concept store de la marca <\/span><b>PR\u00dcNE<\/b><span style=\"font-weight: 400;\"> en el shopping Alcorta, lugar en donde la marca naci\u00f3 hace m\u00e1s de 20 a\u00f1os.<\/span><\/p>\n<p><span style=\"font-weight: 400;\">Con arquitectura renovada, y de la mano del Arq. Marcelo Canton, la tienda est\u00e1 planteada como una caja de vidrio abierta, luminosa, en materiales nobles y potentes. La fuerza de los materiales p\u00e9treos en paleta gris de pisos, paredes y muebles, como grandes bloques plantados, contrasta con la liviandad de los estantes suspendidos y las cl\u00e1sicas bibliotecas de Pr\u00fcne ahora redise\u00f1adas en madera clara y l\u00edneas netas. Los espacios abiertos que se generan, los elementos circulares y la iluminaci\u00f3n, generan un clima moderno y relajado.<\/span><\/p>\n<p><b>PR\u00dcNE<\/b><span style=\"font-weight: 400;\"> sum\u00f3 indumentaria a su colecci\u00f3n hace ya 3 temporadas y apuesta a un verano con novedosos \u00edtems, entre ellos la l\u00ednea Beachwear; que se destaca con un perchero circular que expone los outfits de la nueva temporada.<\/span><\/p>\n<p><span style=\"font-weight: 400;\">El d\u00eda de su reapertura, se hicieron presentes varios famosos e influencers amigos de la marca como <\/span><b>Mery del Cerro, M\u00f3nica Antonopulos, P\u00eda Slapka, Franco Masini, Lizardo Ponce, Nachito Elizalde, Carla Moure, Chule Von Wernich y Cata Spinetta<\/b><span style=\"font-weight: 400;\">, quien fue la DJ del evento. Durante el mismo, se realiz\u00f3 un espacio de shooting a cargo de <\/span><b>Coni Dietrich<\/b><span style=\"font-weight: 400;\">, donde modelos lookeadas por <\/span><b>PR\u00dcNE<\/b><span style=\"font-weight: 400;\"> posaron con cada uno de los invitados dentro de la tienda.<\/span><\/p>\n\r\n\t\t<style type='text\/css'>\r\n\t\t\t#gallery-1 {\r\n\t\t\t\tmargin: auto;\r\n\t\t\t}\r\n\t\t\t#gallery-1 .gallery-item {\r\n\t\t\t\tfloat: left;\r\n\t\t\t\tmargin-top: 10px;\r\n\t\t\t\ttext-align: center;\r\n\t\t\t\twidth: 14%;\r\n\t\t\t}\r\n\t\t\t#gallery-1 img {\r\n\t\t\t\tborder: 2px solid #cfcfcf;\r\n\t\t\t}\r\n\t\t\t#gallery-1 .gallery-caption {\r\n\t\t\t\tmargin-left: 0;\r\n\t\t\t}\r\n\t\t<\/style>\r\n\t\t<!-- see gallery_shortcode() in wp-includes\/media.php -->\n\t\t<div id='gallery-1' class='gallery galleryid-58242 gallery-columns-7 gallery-size-full gallery1'><script type=\"text\/javascript\">\r\n\/\/ <![CDATA[\r\n\tjQuery(document).ready(function () {\r\n\t\tjQuery(\".gallery1 a\").attr(\"rel\",\"gallery1\");\t\r\n\t\tjQuery('a[rel=\"gallery1\"]').colorbox({maxWidth:\"95%\", maxHeight:\"95%\",title: function(){ return jQuery(this).children().attr(\"alt\"); }, });\r\n\t});\r\n\/\/ ]]>\r\n<\/script>\n<dl class=\"gallery-item\">\n<dt class=\"gallery-icon\">\r\n<a href=\"https:\/\/www.lasrosas.com.ar\/portal\/wp-content\/uploads\/Pia-Slapka-en-la-gran-reapertura-del-local-de-Prune-de-Alcorta-Shopping-1280x1920.jpg\" title=\"\" rel=\"gallery1\"><img decoding=\"async\" data-src=\"https:\/\/www.lasrosas.com.ar\/portal\/wp-content\/uploads\/Pia-Slapka-en-la-gran-reapertura-del-local-de-Prune-de-Alcorta-Shopping.jpg\" width=\"1920\" height=\"2880\" alt=\"\" src=\"data:image\/svg+xml;base64,PHN2ZyB3aWR0aD0iMSIgaGVpZ2h0PSIxIiB4bWxucz0iaHR0cDovL3d3dy53My5vcmcvMjAwMC9zdmciPjwvc3ZnPg==\" class=\"lazyload\" style=\"--smush-placeholder-width: 1920px; --smush-placeholder-aspect-ratio: 1920\/2880;\" \/><\/a>\r\n<\/dt><\/dl><dl class=\"gallery-item\">\n<dt class=\"gallery-icon\">\r\n<a href=\"https:\/\/www.lasrosas.com.ar\/portal\/wp-content\/uploads\/Monica-Antonopulos-en-la-gran-reapertura-del-local-de-Prune-de-Alcorta-Shopping-1280x1920.jpg\" title=\"\" rel=\"gallery1\"><img decoding=\"async\" data-src=\"https:\/\/www.lasrosas.com.ar\/portal\/wp-content\/uploads\/Monica-Antonopulos-en-la-gran-reapertura-del-local-de-Prune-de-Alcorta-Shopping.jpg\" width=\"1920\" height=\"2880\" alt=\"\" src=\"data:image\/svg+xml;base64,PHN2ZyB3aWR0aD0iMSIgaGVpZ2h0PSIxIiB4bWxucz0iaHR0cDovL3d3dy53My5vcmcvMjAwMC9zdmciPjwvc3ZnPg==\" class=\"lazyload\" style=\"--smush-placeholder-width: 1920px; --smush-placeholder-aspect-ratio: 1920\/2880;\" \/><\/a>\r\n<\/dt><\/dl><dl class=\"gallery-item\">\n<dt class=\"gallery-icon\">\r\n<a href=\"https:\/\/www.lasrosas.com.ar\/portal\/wp-content\/uploads\/Mery-Del-Cerro-junto-a-las-modelos-lookeadas-con-Prune-en-su-gran-reapertura-del-local-de-Alcorta-Shopping-1280x1920.jpg\" title=\"\" rel=\"gallery1\"><img decoding=\"async\" data-src=\"https:\/\/www.lasrosas.com.ar\/portal\/wp-content\/uploads\/Mery-Del-Cerro-junto-a-las-modelos-lookeadas-con-Prune-en-su-gran-reapertura-del-local-de-Alcorta-Shopping.jpg\" width=\"1920\" height=\"2880\" alt=\"\" src=\"data:image\/svg+xml;base64,PHN2ZyB3aWR0aD0iMSIgaGVpZ2h0PSIxIiB4bWxucz0iaHR0cDovL3d3dy53My5vcmcvMjAwMC9zdmciPjwvc3ZnPg==\" class=\"lazyload\" style=\"--smush-placeholder-width: 1920px; --smush-placeholder-aspect-ratio: 1920\/2880;\" \/><\/a>\r\n<\/dt><\/dl><dl class=\"gallery-item\">\n<dt class=\"gallery-icon\">\r\n<a href=\"https:\/\/www.lasrosas.com.ar\/portal\/wp-content\/uploads\/Juana-y-Maria-Eugenia-Farrel-en-su-gran-reapertura-del-local-de-Prune-de-Alcorta-Shopping-1280x1920.jpg\" title=\"\" rel=\"gallery1\"><img decoding=\"async\" data-src=\"https:\/\/www.lasrosas.com.ar\/portal\/wp-content\/uploads\/Juana-y-Maria-Eugenia-Farrel-en-su-gran-reapertura-del-local-de-Prune-de-Alcorta-Shopping.jpg\" width=\"1920\" height=\"2880\" alt=\"\" src=\"data:image\/svg+xml;base64,PHN2ZyB3aWR0aD0iMSIgaGVpZ2h0PSIxIiB4bWxucz0iaHR0cDovL3d3dy53My5vcmcvMjAwMC9zdmciPjwvc3ZnPg==\" class=\"lazyload\" style=\"--smush-placeholder-width: 1920px; --smush-placeholder-aspect-ratio: 1920\/2880;\" \/><\/a>\r\n<\/dt><\/dl><dl class=\"gallery-item\">\n<dt class=\"gallery-icon\">\r\n<a href=\"https:\/\/www.lasrosas.com.ar\/portal\/wp-content\/uploads\/Lizardo-Ponce-en-la-gran-reapertura-del-local-de-Prune-de-Alcorta-Shopping-1280x1920.jpg\" title=\"\" rel=\"gallery1\"><img decoding=\"async\" data-src=\"https:\/\/www.lasrosas.com.ar\/portal\/wp-content\/uploads\/Lizardo-Ponce-en-la-gran-reapertura-del-local-de-Prune-de-Alcorta-Shopping.jpg\" width=\"1920\" height=\"2880\" alt=\"\" src=\"data:image\/svg+xml;base64,PHN2ZyB3aWR0aD0iMSIgaGVpZ2h0PSIxIiB4bWxucz0iaHR0cDovL3d3dy53My5vcmcvMjAwMC9zdmciPjwvc3ZnPg==\" class=\"lazyload\" style=\"--smush-placeholder-width: 1920px; --smush-placeholder-aspect-ratio: 1920\/2880;\" \/><\/a>\r\n<\/dt><\/dl><dl class=\"gallery-item\">\n<dt class=\"gallery-icon\">\r\n<a href=\"https:\/\/www.lasrosas.com.ar\/portal\/wp-content\/uploads\/Cata-Spinetta-fue-la-DJ-de-la-gran-reapertura-del-local-de-Prune-de-Alcorta-Shopping-1280x1920.jpg\" title=\"\" rel=\"gallery1\"><img decoding=\"async\" data-src=\"https:\/\/www.lasrosas.com.ar\/portal\/wp-content\/uploads\/Cata-Spinetta-fue-la-DJ-de-la-gran-reapertura-del-local-de-Prune-de-Alcorta-Shopping.jpg\" width=\"1920\" height=\"2880\" alt=\"\" src=\"data:image\/svg+xml;base64,PHN2ZyB3aWR0aD0iMSIgaGVpZ2h0PSIxIiB4bWxucz0iaHR0cDovL3d3dy53My5vcmcvMjAwMC9zdmciPjwvc3ZnPg==\" class=\"lazyload\" style=\"--smush-placeholder-width: 1920px; --smush-placeholder-aspect-ratio: 1920\/2880;\" \/><\/a>\r\n<\/dt><\/dl><dl class=\"gallery-item\">\n<dt class=\"gallery-icon\">\r\n<a href=\"https:\/\/www.lasrosas.com.ar\/portal\/wp-content\/uploads\/Chule-Von-Wernich-en-la-gran-reapertura-del-local-de-Prune-de-Alcorta-Shopping-1280x1920.jpg\" title=\"\" rel=\"gallery1\"><img decoding=\"async\" data-src=\"https:\/\/www.lasrosas.com.ar\/portal\/wp-content\/uploads\/Chule-Von-Wernich-en-la-gran-reapertura-del-local-de-Prune-de-Alcorta-Shopping.jpg\" width=\"1920\" height=\"2880\" alt=\"\" src=\"data:image\/svg+xml;base64,PHN2ZyB3aWR0aD0iMSIgaGVpZ2h0PSIxIiB4bWxucz0iaHR0cDovL3d3dy53My5vcmcvMjAwMC9zdmciPjwvc3ZnPg==\" class=\"lazyload\" style=\"--smush-placeholder-width: 1920px; --smush-placeholder-aspect-ratio: 1920\/2880;\" \/><\/a>\r\n<\/dt><\/dl><br style=\"clear: both\" \/>\r\n\t\t<\/div>\n\n<p><i><span style=\"font-weight: 400;\">\u201cEstoy entusiasmada con la apertura de un concept store en Alcorta. Tiene que ver con un proceso de innovaci\u00f3n dentro de <\/span><\/i><b>PR\u00dcNE<\/b><i><span style=\"font-weight: 400;\">, con el lanzamiento de nuevas ediciones especiales de carteras y zapatos y de la presentaci\u00f3n de nuestra l\u00ednea ready to wear. Generamos un espacio equilibrado, moderno, en donde nuestros clientes pueden tener una experiencia diferente, l\u00fadica, para elegir, mirar y tocar lo que compran\u201d <\/span><\/i><span style=\"font-weight: 400;\">expres\u00f3 Mar\u00eda Eugenia Farrell, due\u00f1a y directora creativa de la marca.<\/span><\/p>\n<p><span style=\"font-weight: 400;\">Desde su creaci\u00f3n,<\/span><b> PR\u00dcNE<\/b><span style=\"font-weight: 400;\"> impuso un nuevo estilo en la industria de la moda tanto por el dise\u00f1o y la calidad de sus productos, como por la arquitectura elegante y de tendencia de sus locales. La propuesta variada de sus colecciones y la amplia gama de precios consolidaron su crecimiento. \u201cNos inspira la mujer real, contempor\u00e1nea, la que busca su individualidad. Y los accesorios son cada vez m\u00e1s poderosos para marcar el estilo propio\u201d, concluy\u00f3 Mar\u00eda Eugenia.<\/span><\/p>\n<p><span style=\"font-weight: 400;\">Hoy, <\/span><b>PR\u00dcNE<\/b><span style=\"font-weight: 400;\"> est\u00e1 presente en Argentina con cincuenta y siete tiendas, Chile con nueve, Uruguay cuatro, Per\u00fa tres, Colombia cinco, Paraguay una, Bolivia una y en corners tiendas Paris.<\/span><\/p>\n<!-- AddThis Advanced Settings generic via filter on the_content --><!-- AddThis Share Buttons generic via filter on the_content -->","protected":false},"excerpt":{"rendered":"<p>Totalmente renovado, la reconocida marca de indumentaria reabri\u00f3 su tienda de Alcorta Shopping\u00a0 Un nuevo concept store de la marca PR\u00dcNE en el shopping Alcorta, lugar en donde la marca naci\u00f3 hace m\u00e1s de 20 a\u00f1os. Con arquitectura renovada, y de la mano del Arq. Marcelo Canton, la tienda est\u00e1 planteada como una caja de [&hellip;]<!-- AddThis Advanced Settings generic via filter on get_the_excerpt --><!-- AddThis Share Buttons generic via filter on get_the_excerpt --><\/p>\n","protected":false},"author":6,"featured_media":58249,"comment_status":"closed","ping_status":"open","sticky":false,"template":"","format":"standard","meta":{"_acf_changed":false,"om_disable_all_campaigns":false,"_monsterinsights_skip_tracking":false,"_monsterinsights_sitenote_active":false,"_monsterinsights_sitenote_note":"","_monsterinsights_sitenote_category":0,"_uf_show_specific_survey":0,"_uf_disable_surveys":false,"footnotes":""},"categories":[100,19],"tags":[],"class_list":["post-58242","post","type-post","status-publish","format-standard","has-post-thumbnail","hentry","category-noticias","category-eventos-sociales"],"acf":[],"aioseo_notices":[],"_links":{"self":[{"href":"https:\/\/www.lasrosas.com.ar\/portal\/wp-json\/wp\/v2\/posts\/58242","targetHints":{"allow":["GET"]}}],"collection":[{"href":"https:\/\/www.lasrosas.com.ar\/portal\/wp-json\/wp\/v2\/posts"}],"about":[{"href":"https:\/\/www.lasrosas.com.ar\/portal\/wp-json\/wp\/v2\/types\/post"}],"author":[{"embeddable":true,"href":"https:\/\/www.lasrosas.com.ar\/portal\/wp-json\/wp\/v2\/users\/6"}],"replies":[{"embeddable":true,"href":"https:\/\/www.lasrosas.com.ar\/portal\/wp-json\/wp\/v2\/comments?post=58242"}],"version-history":[{"count":0,"href":"https:\/\/www.lasrosas.com.ar\/portal\/wp-json\/wp\/v2\/posts\/58242\/revisions"}],"wp:featuredmedia":[{"embeddable":true,"href":"https:\/\/www.lasrosas.com.ar\/portal\/wp-json\/wp\/v2\/media\/58249"}],"wp:attachment":[{"href":"https:\/\/www.lasrosas.com.ar\/portal\/wp-json\/wp\/v2\/media?parent=58242"}],"wp:term":[{"taxonomy":"category","embeddable":true,"href":"https:\/\/www.lasrosas.com.ar\/portal\/wp-json\/wp\/v2\/categories?post=58242"},{"taxonomy":"post_tag","embeddable":true,"href":"https:\/\/www.lasrosas.com.ar\/portal\/wp-json\/wp\/v2\/tags?post=58242"}],"curies":[{"name":"wp","href":"https:\/\/api.w.org\/{rel}","templated":true}]}}