{"id":58103,"date":"2022-10-13T18:41:36","date_gmt":"2022-10-13T21:41:36","guid":{"rendered":"https:\/\/www.lasrosas.com.ar\/portal\/?p=58103"},"modified":"2022-10-13T18:42:03","modified_gmt":"2022-10-13T21:42:03","slug":"58103-2","status":"publish","type":"post","link":"https:\/\/www.lasrosas.com.ar\/portal\/58103-2\/","title":{"rendered":"YA HAY FECHA PARA EL ESTRENO MUNDIAL DEL REALITY DE \u00abLOS MONTANER\u00bb"},"content":{"rendered":"<p>A trav\u00e9s de Disney+ se estrenar\u00e1n los primeros cinco episodios.<\/p>\n<p>\u00a1La espera ha terminado! Al fin se ha anunciado la fecha del estreno de Los Montaner, la nueva serie original de Disney+ sobre una de las familias m\u00e1s famosas de Latinoam\u00e9rica. El docureality llegar\u00e1 a las pantallas el 9 de noviembre a trav\u00e9s de la plataforma, con los primeros cinco episodios de la temporada. La producci\u00f3n, cuyo tr\u00e1iler ya est\u00e1 disponible, contar\u00e1 con la participaci\u00f3n de Ricardo Montaner, su esposa Marlene, Evaluna y Camilo, as\u00ed como Mau y Ricky con sus respectivas esposas, Stefi Roitman y Sara Escobar.<\/p>\n<p><img decoding=\"async\" class=\"alignleft size-full wp-image-58104 lazyload\" data-src=\"https:\/\/www.lasrosas.com.ar\/portal\/wp-content\/uploads\/WhatsApp-Image-2022-10-13-at-6.40.03-PM-1.jpeg\" alt=\"\" width=\"1200\" height=\"720\" data-srcset=\"https:\/\/www.lasrosas.com.ar\/portal\/wp-content\/uploads\/WhatsApp-Image-2022-10-13-at-6.40.03-PM-1.jpeg 1200w, https:\/\/www.lasrosas.com.ar\/portal\/wp-content\/uploads\/WhatsApp-Image-2022-10-13-at-6.40.03-PM-1-960x576.jpeg 960w\" data-sizes=\"(max-width: 1200px) 100vw, 1200px\" src=\"data:image\/svg+xml;base64,PHN2ZyB3aWR0aD0iMSIgaGVpZ2h0PSIxIiB4bWxucz0iaHR0cDovL3d3dy53My5vcmcvMjAwMC9zdmciPjwvc3ZnPg==\" style=\"--smush-placeholder-width: 1200px; --smush-placeholder-aspect-ratio: 1200\/720;\" \/><\/p>\n<p><em>Los Montaner<\/em>\u00a0sigue a esta ic\u00f3nica familia de artistas, convertida en un aut\u00e9ntico fen\u00f3meno de las redes sociales y que se encuentra encabezada por uno de los m\u00e1s importantes exponentes de la m\u00fasica latina. A lo largo de los episodios, la audiencia ser\u00e1 testigo de los desaf\u00edos que atraviesan cada uno de sus integrantes mientras buscan mantener la armon\u00eda entre su vida privada y su carrera profesional, siempre ante el ojo p\u00fablico.<\/p>\n<p><img decoding=\"async\" class=\"alignleft size-full wp-image-58105 lazyload\" data-src=\"https:\/\/www.lasrosas.com.ar\/portal\/wp-content\/uploads\/WhatsApp-Image-2022-10-13-at-6.40.03-PM.jpeg\" alt=\"\" width=\"1200\" height=\"720\" data-srcset=\"https:\/\/www.lasrosas.com.ar\/portal\/wp-content\/uploads\/WhatsApp-Image-2022-10-13-at-6.40.03-PM.jpeg 1200w, https:\/\/www.lasrosas.com.ar\/portal\/wp-content\/uploads\/WhatsApp-Image-2022-10-13-at-6.40.03-PM-960x576.jpeg 960w\" data-sizes=\"(max-width: 1200px) 100vw, 1200px\" src=\"data:image\/svg+xml;base64,PHN2ZyB3aWR0aD0iMSIgaGVpZ2h0PSIxIiB4bWxucz0iaHR0cDovL3d3dy53My5vcmcvMjAwMC9zdmciPjwvc3ZnPg==\" style=\"--smush-placeholder-width: 1200px; --smush-placeholder-aspect-ratio: 1200\/720;\" \/><\/p>\n<p>Esta primera temporada abordar\u00e1 los momentos m\u00e1s \u00edntimos de la familia; esos que se viven en la privacidad de su entorno, tales como los detalles de la boda de Ricky y Stefi, la cual se dio a inicios de este a\u00f1o, o el nacimiento de \u00cdndigo, la hija de Evaluna y Camilo, quien lleg\u00f3 al mundo en abril pasado.<\/p>\n<p>Tambi\u00e9n los espectadores ser\u00e1n testigos del gran anhelo de Mau y Sara Escobar por convertirse en padres y c\u00f3mo la concepci\u00f3n de Apolo los toma por sorpresa. El beb\u00e9, quien tiene solo unas semanas de nacido, es el sexto nieto de Ricardo Montaner y su esposa.<\/p>\n<p>En estos primeros cinco episodios tambi\u00e9n los veremos compartiendo gratos momentos en los Latin Grammy 2021 en Las Vegas, adem\u00e1s de sus viajes familiares por Colombia, Rep\u00fablica Dominicana y Argentina. El docureality tambi\u00e9n mostrar\u00e1 uno de los tem\u00e1s m\u00e1s delicados y profundos a los que Ricardo y Marlene se enfrentan actualmente: la sensaci\u00f3n de \u2018nido vac\u00edo\u2019, pues sus tres hijos ya son todos unos adultos en v\u00edas de formar sus propias familias y emprendiendo el vuelo.<\/p>\n<p><iframe title=\"YouTube video player\" data-src=\"https:\/\/www.youtube.com\/embed\/4o_VGHs1S68\" width=\"560\" height=\"315\" frameborder=\"0\" allowfullscreen=\"allowfullscreen\" src=\"data:image\/svg+xml;base64,PHN2ZyB3aWR0aD0iMSIgaGVpZ2h0PSIxIiB4bWxucz0iaHR0cDovL3d3dy53My5vcmcvMjAwMC9zdmciPjwvc3ZnPg==\" class=\"lazyload\" data-load-mode=\"1\"><\/iframe><\/p>\n<!-- AddThis Advanced Settings generic via filter on the_content --><!-- AddThis Share Buttons generic via filter on the_content -->","protected":false},"excerpt":{"rendered":"<p>A trav\u00e9s de Disney+ se estrenar\u00e1n los primeros cinco episodios. \u00a1La espera ha terminado! Al fin se ha anunciado la fecha del estreno de Los Montaner, la nueva serie original de Disney+ sobre una de las familias m\u00e1s famosas de Latinoam\u00e9rica. El docureality llegar\u00e1 a las pantallas el 9 de noviembre a trav\u00e9s de la [&hellip;]<!-- AddThis Advanced Settings generic via filter on get_the_excerpt --><!-- AddThis Share Buttons generic via filter on get_the_excerpt --><\/p>\n","protected":false},"author":6,"featured_media":58106,"comment_status":"closed","ping_status":"open","sticky":false,"template":"","format":"standard","meta":{"_acf_changed":false,"om_disable_all_campaigns":false,"_monsterinsights_skip_tracking":false,"_monsterinsights_sitenote_active":false,"_monsterinsights_sitenote_note":"","_monsterinsights_sitenote_category":0,"_uf_show_specific_survey":0,"_uf_disable_surveys":false,"footnotes":""},"categories":[100],"tags":[],"class_list":["post-58103","post","type-post","status-publish","format-standard","has-post-thumbnail","hentry","category-noticias"],"acf":[],"aioseo_notices":[],"_links":{"self":[{"href":"https:\/\/www.lasrosas.com.ar\/portal\/wp-json\/wp\/v2\/posts\/58103","targetHints":{"allow":["GET"]}}],"collection":[{"href":"https:\/\/www.lasrosas.com.ar\/portal\/wp-json\/wp\/v2\/posts"}],"about":[{"href":"https:\/\/www.lasrosas.com.ar\/portal\/wp-json\/wp\/v2\/types\/post"}],"author":[{"embeddable":true,"href":"https:\/\/www.lasrosas.com.ar\/portal\/wp-json\/wp\/v2\/users\/6"}],"replies":[{"embeddable":true,"href":"https:\/\/www.lasrosas.com.ar\/portal\/wp-json\/wp\/v2\/comments?post=58103"}],"version-history":[{"count":0,"href":"https:\/\/www.lasrosas.com.ar\/portal\/wp-json\/wp\/v2\/posts\/58103\/revisions"}],"wp:featuredmedia":[{"embeddable":true,"href":"https:\/\/www.lasrosas.com.ar\/portal\/wp-json\/wp\/v2\/media\/58106"}],"wp:attachment":[{"href":"https:\/\/www.lasrosas.com.ar\/portal\/wp-json\/wp\/v2\/media?parent=58103"}],"wp:term":[{"taxonomy":"category","embeddable":true,"href":"https:\/\/www.lasrosas.com.ar\/portal\/wp-json\/wp\/v2\/categories?post=58103"},{"taxonomy":"post_tag","embeddable":true,"href":"https:\/\/www.lasrosas.com.ar\/portal\/wp-json\/wp\/v2\/tags?post=58103"}],"curies":[{"name":"wp","href":"https:\/\/api.w.org\/{rel}","templated":true}]}}