{"id":57814,"date":"2022-10-06T12:42:53","date_gmt":"2022-10-06T15:42:53","guid":{"rendered":"https:\/\/www.lasrosas.com.ar\/portal\/?p=57814"},"modified":"2022-10-06T12:42:53","modified_gmt":"2022-10-06T15:42:53","slug":"swarovski-celebra-a-cada-madre-con-un-homenaje-amor-mama","status":"publish","type":"post","link":"https:\/\/www.lasrosas.com.ar\/portal\/swarovski-celebra-a-cada-madre-con-un-homenaje-amor-mama\/","title":{"rendered":"SWAROVSKI CELEBRA A CADA MADRE CON UN HOMENAJE \u201cAMOR, MAM\u00c1\u201d"},"content":{"rendered":"<p><span style=\"font-weight: 400;\">Este D\u00eda de la madre, Swarovski celebra la diversidad e inclusi\u00f3n, la sabidur\u00eda y gu\u00eda de las madres de todo el mundo y lanza la campa\u00f1a \u201cAmor, mam\u00e1\u201d para celebrar a cada madre.\u00a0<\/span><\/p>\n<p><span style=\"font-weight: 400;\">Giovanna Engelbert: <\/span><i><span style=\"font-weight: 400;\">\u201cNo hay una \u00fanica manera de ser madre y de amar como madre. Es por eso que este D\u00eda de la madre, Swarovski celebra las diferentes formas que puede tomar el amor de una madre y la incre\u00edble conexi\u00f3n entre una madre y su hijo.\u201d<\/span><\/i><\/p>\n<p><img decoding=\"async\" class=\"wp-image-57818 aligncenter lazyload\" data-src=\"https:\/\/www.lasrosas.com.ar\/portal\/wp-content\/uploads\/Swarovski-Dia-de-la-Madre-1.jpg\" alt=\"\" width=\"819\" height=\"579\" data-srcset=\"https:\/\/www.lasrosas.com.ar\/portal\/wp-content\/uploads\/Swarovski-Dia-de-la-Madre-1.jpg 1191w, https:\/\/www.lasrosas.com.ar\/portal\/wp-content\/uploads\/Swarovski-Dia-de-la-Madre-1-960x679.jpg 960w\" data-sizes=\"(max-width: 819px) 100vw, 819px\" src=\"data:image\/svg+xml;base64,PHN2ZyB3aWR0aD0iMSIgaGVpZ2h0PSIxIiB4bWxucz0iaHR0cDovL3d3dy53My5vcmcvMjAwMC9zdmciPjwvc3ZnPg==\" style=\"--smush-placeholder-width: 819px; --smush-placeholder-aspect-ratio: 819\/579;\" \/><\/p>\n<p><b>LA MARAVILLA DE TODA MADRE<\/b><\/p>\n<p><span style=\"font-weight: 400;\">As\u00ed como no hay una talla \u00fanica para la maternidad, no hay un \u00fanico producto dedicado a celebrarlas, al menos no para Swarovski. Es por eso que para celebrar las m\u00faltiples facetas que tienen, la propuesta del D\u00eda de la madre es tan individual como cada una de ellas.\u00a0<\/span><\/p>\n<p><span style=\"font-weight: 400;\">MILLENIA<\/span><\/p>\n<p><span style=\"font-weight: 400;\">\u00a1Los b\u00e1sicos de los guardarropas nunca se vieron tan elegantes! Una maravilla enfocada en el futuro en una gama de tonos jugosos que comenz\u00f3 como una elegante gama de joyer\u00eda para todos los d\u00edas y ahora abarca cadenas para el cuerpo, anteojos, incluso bol\u00edgrafos y relojes. Ampliando la codiciada familia, los nuevos toques de refinamiento de arco iris mejoran la propuesta de estilo de los cristales.<\/span><\/p>\n<p><span style=\"font-weight: 400;\">LUCENT\u00a0<\/span><\/p>\n<p><span style=\"font-weight: 400;\">Valiente y audaz, la familia Lucent celebra una energ\u00eda empoderada y la conciencia l\u00fadica. Destacando la fant\u00e1stica variedad de colores y formas, la gama se ampl\u00eda con nuevos y llamativos pendientes de aro, de forma cuadrada y redonda, un nuevo y brillante dise\u00f1o de reloj en cinco colores vibrantes y el bol\u00edgrafo Lucent.<\/span><\/p>\n<p><span style=\"font-weight: 400;\">Estar\u00e1s a tiempo y bien preparado para obtener esos d\u00edgitos para esa primera cita.\u00a0\u00a0<\/span><\/p>\n<p><span style=\"font-weight: 400;\">CHROMA <\/span><span style=\"font-weight: 400;\"><br \/>\n<\/span><span style=\"font-weight: 400;\">Explorando el ritmo y los s\u00edmbolos de la geometr\u00eda a trav\u00e9s de capas de cristal, prismas deconstruidos y creaciones multicolores, los colores de las gemas y joyas aparecen en dos variedades de collares con la introducci\u00f3n de accesorios para el cabello est\u00e9ticamente hermosos, elegantes y llamativos en tres nuevos estilos.<\/span><\/p>\n<p><span style=\"font-weight: 400;\">CONSTELLA<\/span><\/p>\n<p><span style=\"font-weight: 400;\">El futuro es tan brillante que tendr\u00e1s que usar anteojos de sol.\u00a0<\/span><\/p>\n<p><span style=\"font-weight: 400;\">Presentamos dos nuevos estilos de anteojos celestiales que se unen a los cautivadores aros y aretes.\u00a0<\/span><\/p>\n<p><span style=\"font-weight: 400;\">CURIOSA\u00a0<\/span><\/p>\n<p><span style=\"font-weight: 400;\">Jugando con las proporciones en dise\u00f1os intrincados e inspiradores, las estructuras de ingenier\u00eda se transforman en formas inesperadas, transportando collares, anillos y broches de la Colecci\u00f3n II, al tiempo que introducen codiciados accesorios para el cabello y anteojos para aumentar la fabulosidad.<\/span><\/p>\n<p><span style=\"font-weight: 400;\">GEMA<\/span><\/p>\n<p><span style=\"font-weight: 400;\">Salga a la luz con nuestros tres nuevos dise\u00f1os de anteojos sublimes: las adiciones perfectas a la querida familia Gema. Llenos de magia, el brillo centelleante de las piezas se extendi\u00f3 a la Colecci\u00f3n III con una serie de joyas y aretes para mostrar la gama de cortes y colores en un caleidoscopio de alegr\u00eda prism\u00e1tica.<\/span><\/p>\n<p><span style=\"font-weight: 400;\">VITTORE<\/span><\/p>\n<p><span style=\"font-weight: 400;\">Reconocida por ser pionera en piedras cortadas con precisi\u00f3n, Swarovski ampl\u00eda la gama de Vittore con nuevas siluetas, tonos de oro rosa y la refinada talla del 125 aniversario del cristal Swarovski, dispuestos en filas brillantes para obtener un brillo m\u00e1ximo.\u00a0\u00a0<\/span><\/p>\n<p><span style=\"font-weight: 400;\">Con una variedad de dise\u00f1os, con colgantes, gargantillas, pendientes y pulseras, las familias de Swarovski son m\u00e1s que una pieza &#8211; son una parte de su coraz\u00f3n. De tu coraz\u00f3n al de ellos.\u00a0<\/span><\/p>\n<p><span style=\"font-weight: 400;\">Para las madres de todo el mundo: son un regalo de la vida. Gracias, nunca ser\u00e1n suficientes.\u00a0<\/span><\/p>\n<p><img decoding=\"async\" class=\"wp-image-57819 aligncenter lazyload\" data-src=\"https:\/\/www.lasrosas.com.ar\/portal\/wp-content\/uploads\/Swarovski-Dia-de-la-Madre-3.jpg\" alt=\"\" width=\"726\" height=\"513\" data-srcset=\"https:\/\/www.lasrosas.com.ar\/portal\/wp-content\/uploads\/Swarovski-Dia-de-la-Madre-3.jpg 1191w, https:\/\/www.lasrosas.com.ar\/portal\/wp-content\/uploads\/Swarovski-Dia-de-la-Madre-3-960x679.jpg 960w\" data-sizes=\"(max-width: 726px) 100vw, 726px\" src=\"data:image\/svg+xml;base64,PHN2ZyB3aWR0aD0iMSIgaGVpZ2h0PSIxIiB4bWxucz0iaHR0cDovL3d3dy53My5vcmcvMjAwMC9zdmciPjwvc3ZnPg==\" style=\"--smush-placeholder-width: 726px; --smush-placeholder-aspect-ratio: 726\/513;\" \/><\/p>\n<!-- AddThis Advanced Settings generic via filter on the_content --><!-- AddThis Share Buttons generic via filter on the_content -->","protected":false},"excerpt":{"rendered":"<p>Este D\u00eda de la madre, Swarovski celebra la diversidad e inclusi\u00f3n, la sabidur\u00eda y gu\u00eda de las madres de todo el mundo y lanza la campa\u00f1a \u201cAmor, mam\u00e1\u201d para celebrar a cada madre.\u00a0 Giovanna Engelbert: \u201cNo hay una \u00fanica manera de ser madre y de amar como madre. Es por eso que este D\u00eda de [&hellip;]<!-- AddThis Advanced Settings generic via filter on get_the_excerpt --><!-- AddThis Share Buttons generic via filter on get_the_excerpt --><\/p>\n","protected":false},"author":6,"featured_media":57817,"comment_status":"closed","ping_status":"open","sticky":false,"template":"","format":"standard","meta":{"_acf_changed":false,"om_disable_all_campaigns":false,"_monsterinsights_skip_tracking":false,"_monsterinsights_sitenote_active":false,"_monsterinsights_sitenote_note":"","_monsterinsights_sitenote_category":0,"_uf_show_specific_survey":0,"_uf_disable_surveys":false,"footnotes":""},"categories":[100],"tags":[],"class_list":["post-57814","post","type-post","status-publish","format-standard","has-post-thumbnail","hentry","category-noticias"],"acf":[],"aioseo_notices":[],"_links":{"self":[{"href":"https:\/\/www.lasrosas.com.ar\/portal\/wp-json\/wp\/v2\/posts\/57814","targetHints":{"allow":["GET"]}}],"collection":[{"href":"https:\/\/www.lasrosas.com.ar\/portal\/wp-json\/wp\/v2\/posts"}],"about":[{"href":"https:\/\/www.lasrosas.com.ar\/portal\/wp-json\/wp\/v2\/types\/post"}],"author":[{"embeddable":true,"href":"https:\/\/www.lasrosas.com.ar\/portal\/wp-json\/wp\/v2\/users\/6"}],"replies":[{"embeddable":true,"href":"https:\/\/www.lasrosas.com.ar\/portal\/wp-json\/wp\/v2\/comments?post=57814"}],"version-history":[{"count":0,"href":"https:\/\/www.lasrosas.com.ar\/portal\/wp-json\/wp\/v2\/posts\/57814\/revisions"}],"wp:featuredmedia":[{"embeddable":true,"href":"https:\/\/www.lasrosas.com.ar\/portal\/wp-json\/wp\/v2\/media\/57817"}],"wp:attachment":[{"href":"https:\/\/www.lasrosas.com.ar\/portal\/wp-json\/wp\/v2\/media?parent=57814"}],"wp:term":[{"taxonomy":"category","embeddable":true,"href":"https:\/\/www.lasrosas.com.ar\/portal\/wp-json\/wp\/v2\/categories?post=57814"},{"taxonomy":"post_tag","embeddable":true,"href":"https:\/\/www.lasrosas.com.ar\/portal\/wp-json\/wp\/v2\/tags?post=57814"}],"curies":[{"name":"wp","href":"https:\/\/api.w.org\/{rel}","templated":true}]}}