{"id":57791,"date":"2022-10-05T16:32:55","date_gmt":"2022-10-05T19:32:55","guid":{"rendered":"https:\/\/www.lasrosas.com.ar\/portal\/?p=57791"},"modified":"2022-10-05T16:51:56","modified_gmt":"2022-10-05T19:51:56","slug":"el-mundo-de-la-moda-se-enfrento-a-kanye-west","status":"publish","type":"post","link":"https:\/\/www.lasrosas.com.ar\/portal\/el-mundo-de-la-moda-se-enfrento-a-kanye-west\/","title":{"rendered":"EL MUNDO DE LA MODA SE ENFRENT\u00d3 A KANYE WEST"},"content":{"rendered":"<p>El siempre pol\u00e9mico cantante y dise\u00f1ador, hizo enojar a muchos cuando a trav\u00e9s de su cuenta de Instagram, empez\u00f3 a hablar mal de una editora de moda que hab\u00eda criticado a su \u00faltima colecci\u00f3n.<\/p>\n<p><strong>Kanye West\u00a0dio mucho de qu\u00e9 hablar en los \u00faltimos d\u00edas<\/strong>, pero hoy fue demasiado lejos cuando critic\u00f3 con fotos desde su cuenta de Instagram los looks de Gabriella Karefa-Johnson. Un acto que fue consecuencia del enojo del cantante con la editora de moda de Vogue que cr\u00edtico una remeras que present\u00f3 en su desfile.<\/p>\n<p><strong>Una frase compleja<\/strong><\/p>\n<p><strong>Todo comenz\u00f3 cuando Kanye West present\u00f3 sobre pasarela remeras que le\u00edan \u00abWhite Lives Matter\u00bb<\/strong>, una frase supremacista blanca que se origin\u00f3 como respuesta al movimiento Blacks Lives Matter a principios del 2015. Una frase muy utilizada por los seguidores de Donald Trump. Indignada Karefa-Johnson no tard\u00f3 en expresarse en contra de lo que estaba viendo.<\/p>\n<p><img decoding=\"async\" class=\"wp-image-57796 size-full aligncenter lazyload\" data-src=\"https:\/\/www.lasrosas.com.ar\/portal\/wp-content\/uploads\/f608x342-48048_77771_10.jpg\" alt=\"\" width=\"608\" height=\"342\" src=\"data:image\/svg+xml;base64,PHN2ZyB3aWR0aD0iMSIgaGVpZ2h0PSIxIiB4bWxucz0iaHR0cDovL3d3dy53My5vcmcvMjAwMC9zdmciPjwvc3ZnPg==\" style=\"--smush-placeholder-width: 608px; --smush-placeholder-aspect-ratio: 608\/342;\" \/><\/p>\n<p><strong>Un mensaje violento<\/strong><\/p>\n<p><strong>De acuerdo a la editora de moda, Kanye West fue enormemente irresponsable al presentar esas remeras.\u00a0<\/strong>Sugerir que la idea de supremac\u00eda blanca est\u00e1 en peligro de extinci\u00f3n con su mensaje le result\u00f3 algo muy fuerte de ver. Lo que se transmiti\u00f3 fue ofensivo, violento y peligro, afirm\u00f3 la editora que desde su cuenta de Instagram se mostraba indignada con lo que estaba viendo.<\/p>\n<p><strong>Ac\u00e1 no hay arte<\/strong><\/p>\n<p><strong>\u00abPor favor, necesito que entiendas: no lo fue.<\/strong>\u00a0Las remeras que este hombre present\u00f3 sobre la pasarelas con la frase White Lives Matter. Las que \u00e9l dise\u00f1o, produjo y comparti\u00f3 al mundo entero son violencia pura. No hay escasa, aqu\u00ed no hay arte\u00bb finaliz\u00f3 Gabriella.<\/p>\n<p><strong>Contraataque<\/strong><\/p>\n<p><strong>Lo que nadie esperaba, era que desde su cuenta personal de Instagram, Kanye West empezar\u00e1 a hacerle bullying a la destacada editora.<\/strong>\u00a0El cantante y dise\u00f1ador comparti\u00f3 fotos de varios de sus looks y hasta afirm\u00f3 que Anna Wintour detestaba unas fotos que ella usaba. Un comportamiento sumamente inapropiado que viniendo de West ya no sorprende.<\/p>\n<p><img decoding=\"async\" class=\"size-full wp-image-57792 aligncenter lazyload\" data-src=\"https:\/\/www.lasrosas.com.ar\/portal\/wp-content\/uploads\/WhatsApp-Image-2022-10-05-at-4.28.16-PM-3.jpeg\" alt=\"\" width=\"740\" height=\"835\" src=\"data:image\/svg+xml;base64,PHN2ZyB3aWR0aD0iMSIgaGVpZ2h0PSIxIiB4bWxucz0iaHR0cDovL3d3dy53My5vcmcvMjAwMC9zdmciPjwvc3ZnPg==\" style=\"--smush-placeholder-width: 740px; --smush-placeholder-aspect-ratio: 740\/835;\" \/><\/p>\n<p><strong>El mundo de la moda sali\u00f3 a defenderla<\/strong><\/p>\n<p><strong>Gigi Hadid fue una de las primeras celebrities en salir a defender a Gabriella Karefa-Johnson.<\/strong>\u00a0Es que es un gran aporte a la moda, ella fue la primera mujer negra en dise\u00f1ar una portada de Vogue en 2020 y trabaj\u00f3 con la vicepresidenta Kamala Harris, entre muchas otras. De hecho, hasta Vogue sac\u00f3 un comunicado defendi\u00e9ndola. Mientras que los seguidores de Kanye empezaron acusarlo de mis\u00f3gino, gordof\u00f3bico y racista.<\/p>\n<p><img decoding=\"async\" class=\"wp-image-57795 aligncenter lazyload\" data-src=\"https:\/\/www.lasrosas.com.ar\/portal\/wp-content\/uploads\/WhatsApp-Image-2022-10-05-at-4.28.16-PM-2.jpeg\" alt=\"\" width=\"502\" height=\"585\" src=\"data:image\/svg+xml;base64,PHN2ZyB3aWR0aD0iMSIgaGVpZ2h0PSIxIiB4bWxucz0iaHR0cDovL3d3dy53My5vcmcvMjAwMC9zdmciPjwvc3ZnPg==\" style=\"--smush-placeholder-width: 502px; --smush-placeholder-aspect-ratio: 502\/585;\" \/><\/p>\n<p><strong>Sali\u00f3 a retractarse<\/strong><\/p>\n<p><strong>Como se le vino todo el mundo en su contra, hace unas horas Kanye West borr\u00f3 todas sus difamatorias acusaciones sin fundamento contra la editora y cont\u00f3 que se reunieron.\u00a0<\/strong>Parece que Anna Wintour intervino para que ambos se encontraran y hablaran al respecto. Sin embargo, hay un dato que sigue molestando y es que en sus publicaciones, el dise\u00f1ador escribi\u00f3 mal el nombre de la editora. Y Gigi Hadid fue una de las primeras en notarlo y hac\u00e9rselo saber.<\/p>\n<!-- AddThis Advanced Settings generic via filter on the_content --><!-- AddThis Share Buttons generic via filter on the_content -->","protected":false},"excerpt":{"rendered":"<p>El siempre pol\u00e9mico cantante y dise\u00f1ador, hizo enojar a muchos cuando a trav\u00e9s de su cuenta de Instagram, empez\u00f3 a hablar mal de una editora de moda que hab\u00eda criticado a su \u00faltima colecci\u00f3n. Kanye West\u00a0dio mucho de qu\u00e9 hablar en los \u00faltimos d\u00edas, pero hoy fue demasiado lejos cuando critic\u00f3 con fotos desde su [&hellip;]<!-- AddThis Advanced Settings generic via filter on get_the_excerpt --><!-- AddThis Share Buttons generic via filter on get_the_excerpt --><\/p>\n","protected":false},"author":6,"featured_media":57794,"comment_status":"closed","ping_status":"open","sticky":false,"template":"","format":"standard","meta":{"_acf_changed":false,"om_disable_all_campaigns":false,"_monsterinsights_skip_tracking":false,"_monsterinsights_sitenote_active":false,"_monsterinsights_sitenote_note":"","_monsterinsights_sitenote_category":0,"_uf_show_specific_survey":0,"_uf_disable_surveys":false,"footnotes":""},"categories":[234,100,30],"tags":[],"class_list":["post-57791","post","type-post","status-publish","format-standard","has-post-thumbnail","hentry","category-trend","category-noticias","category-moda"],"acf":[],"aioseo_notices":[],"_links":{"self":[{"href":"https:\/\/www.lasrosas.com.ar\/portal\/wp-json\/wp\/v2\/posts\/57791","targetHints":{"allow":["GET"]}}],"collection":[{"href":"https:\/\/www.lasrosas.com.ar\/portal\/wp-json\/wp\/v2\/posts"}],"about":[{"href":"https:\/\/www.lasrosas.com.ar\/portal\/wp-json\/wp\/v2\/types\/post"}],"author":[{"embeddable":true,"href":"https:\/\/www.lasrosas.com.ar\/portal\/wp-json\/wp\/v2\/users\/6"}],"replies":[{"embeddable":true,"href":"https:\/\/www.lasrosas.com.ar\/portal\/wp-json\/wp\/v2\/comments?post=57791"}],"version-history":[{"count":0,"href":"https:\/\/www.lasrosas.com.ar\/portal\/wp-json\/wp\/v2\/posts\/57791\/revisions"}],"wp:featuredmedia":[{"embeddable":true,"href":"https:\/\/www.lasrosas.com.ar\/portal\/wp-json\/wp\/v2\/media\/57794"}],"wp:attachment":[{"href":"https:\/\/www.lasrosas.com.ar\/portal\/wp-json\/wp\/v2\/media?parent=57791"}],"wp:term":[{"taxonomy":"category","embeddable":true,"href":"https:\/\/www.lasrosas.com.ar\/portal\/wp-json\/wp\/v2\/categories?post=57791"},{"taxonomy":"post_tag","embeddable":true,"href":"https:\/\/www.lasrosas.com.ar\/portal\/wp-json\/wp\/v2\/tags?post=57791"}],"curies":[{"name":"wp","href":"https:\/\/api.w.org\/{rel}","templated":true}]}}