{"id":57787,"date":"2022-10-05T16:21:38","date_gmt":"2022-10-05T19:21:38","guid":{"rendered":"https:\/\/www.lasrosas.com.ar\/portal\/?p=57787"},"modified":"2022-10-05T16:21:38","modified_gmt":"2022-10-05T19:21:38","slug":"sarah-jessica-parker-sumo-zuecos-a-su-look-athleisure-y-adopto-una-de-las-tendencia-de-esta-temporada","status":"publish","type":"post","link":"https:\/\/www.lasrosas.com.ar\/portal\/sarah-jessica-parker-sumo-zuecos-a-su-look-athleisure-y-adopto-una-de-las-tendencia-de-esta-temporada\/","title":{"rendered":"SARAH JESSICA PARKER SUM\u00d3 ZUECOS A SU LOOK ATHLEISURE Y ADOPT\u00d3 UNA DE LAS TENDENCIA DE ESTA TEMPORADA"},"content":{"rendered":"<p><strong>La actriz, que se encuentra en pleno rodaje de la segunda temporada de And Just Like That, recorri\u00f3 las calles de Nueva York con el calzado m\u00e1s trendy del momento.<\/strong><\/p>\n<p>No es la primera vez (ni ser\u00e1 la \u00faltima) que\u00a0<strong>Sarah Jessica Parker<\/strong>\u00a0nos sorprende con su estilo y originalidad, haciendo las combinaciones m\u00e1s arriesgadas y variadas.<\/p>\n<p>Hoy lo hace usando el calzado\u00a0<strong>viral que protagonizar\u00e1 el &#8216;street style&#8217; de la pr\u00f3xima primavera 2022:\u00a0<\/strong>los<strong>\u00a0zuecos<\/strong>,\u00a0<strong>como ya te contamos hace unos d\u00edas que volviero<\/strong>n para ocupar el trono del zapato m\u00e1s trendy de la temporada.<\/p>\n<p><img decoding=\"async\" class=\"wp-image-57788 aligncenter lazyload\" data-src=\"https:\/\/www.lasrosas.com.ar\/portal\/wp-content\/uploads\/WhatsApp-Image-2022-10-05-at-4.19.11-PM.jpeg\" alt=\"\" width=\"602\" height=\"903\" data-srcset=\"https:\/\/www.lasrosas.com.ar\/portal\/wp-content\/uploads\/WhatsApp-Image-2022-10-05-at-4.19.11-PM.jpeg 740w, https:\/\/www.lasrosas.com.ar\/portal\/wp-content\/uploads\/WhatsApp-Image-2022-10-05-at-4.19.11-PM-640x960.jpeg 640w\" data-sizes=\"(max-width: 602px) 100vw, 602px\" src=\"data:image\/svg+xml;base64,PHN2ZyB3aWR0aD0iMSIgaGVpZ2h0PSIxIiB4bWxucz0iaHR0cDovL3d3dy53My5vcmcvMjAwMC9zdmciPjwvc3ZnPg==\" style=\"--smush-placeholder-width: 602px; --smush-placeholder-aspect-ratio: 602\/903;\" \/><\/p>\n<p>Fuero asomando por algunas pasarelas el verano del a\u00f1o pasado y pudimos ver algunas propuestas de varias firmas &#8216;low cost&#8217;. No obstante, el regreso oficial de este calzado que nos recuerda tanto al estilo holand\u00e9s se instal\u00f3 en plena primavera y promete quedarse por varios meses.<\/p>\n<p>Sarah Jessica Parker es el claro ejemplo que lo confirma.<strong>\u00a0Los zuecos han vuelto<\/strong>\u00a0para dominar las calles de todo el mundo. Ella lo sum\u00f3 a su pantal\u00f3n jogger y remera, un\u00a0<strong>look athleisure<\/strong>\u00a0que eligi\u00f3 para recorrer las calles de Nueva York entre sus horas de rodaje de And Just Like That, que comenz\u00f3 d\u00edas atr\u00e1s.<\/p>\n<!-- AddThis Advanced Settings generic via filter on the_content --><!-- AddThis Share Buttons generic via filter on the_content -->","protected":false},"excerpt":{"rendered":"<p>La actriz, que se encuentra en pleno rodaje de la segunda temporada de And Just Like That, recorri\u00f3 las calles de Nueva York con el calzado m\u00e1s trendy del momento. No es la primera vez (ni ser\u00e1 la \u00faltima) que\u00a0Sarah Jessica Parker\u00a0nos sorprende con su estilo y originalidad, haciendo las combinaciones m\u00e1s arriesgadas y variadas. [&hellip;]<!-- AddThis Advanced Settings generic via filter on get_the_excerpt --><!-- AddThis Share Buttons generic via filter on get_the_excerpt --><\/p>\n","protected":false},"author":6,"featured_media":57789,"comment_status":"closed","ping_status":"open","sticky":false,"template":"","format":"standard","meta":{"_acf_changed":false,"om_disable_all_campaigns":false,"_monsterinsights_skip_tracking":false,"_monsterinsights_sitenote_active":false,"_monsterinsights_sitenote_note":"","_monsterinsights_sitenote_category":0,"_uf_show_specific_survey":0,"_uf_disable_surveys":false,"footnotes":""},"categories":[100,30],"tags":[],"class_list":["post-57787","post","type-post","status-publish","format-standard","has-post-thumbnail","hentry","category-noticias","category-moda"],"acf":[],"aioseo_notices":[],"_links":{"self":[{"href":"https:\/\/www.lasrosas.com.ar\/portal\/wp-json\/wp\/v2\/posts\/57787","targetHints":{"allow":["GET"]}}],"collection":[{"href":"https:\/\/www.lasrosas.com.ar\/portal\/wp-json\/wp\/v2\/posts"}],"about":[{"href":"https:\/\/www.lasrosas.com.ar\/portal\/wp-json\/wp\/v2\/types\/post"}],"author":[{"embeddable":true,"href":"https:\/\/www.lasrosas.com.ar\/portal\/wp-json\/wp\/v2\/users\/6"}],"replies":[{"embeddable":true,"href":"https:\/\/www.lasrosas.com.ar\/portal\/wp-json\/wp\/v2\/comments?post=57787"}],"version-history":[{"count":0,"href":"https:\/\/www.lasrosas.com.ar\/portal\/wp-json\/wp\/v2\/posts\/57787\/revisions"}],"wp:featuredmedia":[{"embeddable":true,"href":"https:\/\/www.lasrosas.com.ar\/portal\/wp-json\/wp\/v2\/media\/57789"}],"wp:attachment":[{"href":"https:\/\/www.lasrosas.com.ar\/portal\/wp-json\/wp\/v2\/media?parent=57787"}],"wp:term":[{"taxonomy":"category","embeddable":true,"href":"https:\/\/www.lasrosas.com.ar\/portal\/wp-json\/wp\/v2\/categories?post=57787"},{"taxonomy":"post_tag","embeddable":true,"href":"https:\/\/www.lasrosas.com.ar\/portal\/wp-json\/wp\/v2\/tags?post=57787"}],"curies":[{"name":"wp","href":"https:\/\/api.w.org\/{rel}","templated":true}]}}