{"id":57778,"date":"2022-10-05T13:12:27","date_gmt":"2022-10-05T16:12:27","guid":{"rendered":"https:\/\/www.lasrosas.com.ar\/portal\/?p=57778"},"modified":"2022-10-05T13:13:48","modified_gmt":"2022-10-05T16:13:48","slug":"manu-hattom-regreso-de-su-gira-por-espana-y-dara-un-show-en-la-tangente-en-octubre","status":"publish","type":"post","link":"https:\/\/www.lasrosas.com.ar\/portal\/manu-hattom-regreso-de-su-gira-por-espana-y-dara-un-show-en-la-tangente-en-octubre\/","title":{"rendered":"MANU HATTOM REGRES\u00d3 DE SU GIRA POR ESPA\u00d1A Y DAR\u00c1 UN SHOW EN LA TANGENTE EN OCTUBRE"},"content":{"rendered":"<p dir=\"ltr\">El artista argentino estren\u00f3 el pasado mes de abril su quinto \u00e1lbum de estudio, La canci\u00f3n perdida, con colaboraciones de Juliana Gattas, Rosario Ortega y Mar\u00eda de la Flor. Tras presentarlo en vivo en Argentina, se embarc\u00f3 en una gira por Espa\u00f1a durante un mes. De regreso en Buenos Aires, se prepara para dar un show en La Tangente el pr\u00f3ximo s\u00e1bado 22 de octubre junto a la artista patag\u00f3nica Ninja.<\/p>\n<p dir=\"ltr\">El 2022 viene siendo un gran a\u00f1o para Manu Hattom: en abril estren\u00f3 su quinto \u00e1lbum de estudio, <a href=\"https:\/\/links.altafonte.com\/zqbr7op\" target=\"_blank\" rel=\"noopener\" data-saferedirecturl=\"https:\/\/www.google.com\/url?q=https:\/\/links.altafonte.com\/zqbr7op&amp;source=gmail&amp;ust=1665062493957000&amp;usg=AOvVaw2AADEpuOAyoIkTjKFdf9kM\">La canci\u00f3n perdida<\/a>, mezclado por el reconocido productor Tweety Gonz\u00e1lez y con la participaci\u00f3n de Juliana Gattas (Miranda) en el track \u201cQuerida\u201d, Rosario Ortega en \u201cLuna llena\u201d y la espa\u00f1ola Mar\u00eda de la Flor en \u201cBolero para encontrarte\u201d, single que adem\u00e1s cuenta con su <a href=\"https:\/\/www.youtube.com\/watch?v=EuNiUeFIYVk\" target=\"_blank\" rel=\"noopener\" data-saferedirecturl=\"https:\/\/www.google.com\/url?q=https:\/\/www.youtube.com\/watch?v%3DEuNiUeFIYVk&amp;source=gmail&amp;ust=1665062493957000&amp;usg=AOvVaw2CbzQXNq3hZzndQ6PcrYro\">videoclip oficial<\/a> filmado en Espa\u00f1a. Tras presentar el disco en Camping (Buenos Aires) y Casa Brava (Rosario, Santa Fe), el artista emprendi\u00f3 una gira por el viejo continente que incluy\u00f3 conciertos en Madrid y Barcelona.<\/p>\n<p dir=\"ltr\"><img decoding=\"async\" class=\"wp-image-57781 aligncenter lazyload\" data-src=\"https:\/\/www.lasrosas.com.ar\/portal\/wp-content\/uploads\/unnamed-1-15.png\" alt=\"\" width=\"512\" height=\"511\" src=\"data:image\/svg+xml;base64,PHN2ZyB3aWR0aD0iMSIgaGVpZ2h0PSIxIiB4bWxucz0iaHR0cDovL3d3dy53My5vcmcvMjAwMC9zdmciPjwvc3ZnPg==\" style=\"--smush-placeholder-width: 512px; --smush-placeholder-aspect-ratio: 512\/511;\" \/><\/p>\n<p dir=\"ltr\">De regreso en Buenos Aires, Manu Hattom se prepara para subirse una vez m\u00e1s al escenario de La Tangente para continuar celebrando \u00a0<a href=\"https:\/\/links.altafonte.com\/zqbr7op\" target=\"_blank\" rel=\"noopener\" data-saferedirecturl=\"https:\/\/www.google.com\/url?q=https:\/\/links.altafonte.com\/zqbr7op&amp;source=gmail&amp;ust=1665062493957000&amp;usg=AOvVaw2AADEpuOAyoIkTjKFdf9kM\">La canci\u00f3n perdida<\/a>\u00a0 y compartir con su p\u00fablico algunas sorpresas que ver\u00e1n la luz muy pronto. La cita ser\u00e1 el \u00a022 de octubre a las 20hs \u00a0y tambi\u00e9n incluir\u00e1 un show de la multi-instrumentista \u00a0Ninja\u00a0, quien estar\u00e1 presentando oficialmente en vivo \u00a0<a href=\"https:\/\/open.spotify.com\/album\/1Oq780XyJNTi9BAGySxECi?si=5VWTZW2XR4q4K1zPpaHgIQ\" target=\"_blank\" rel=\"noopener\" data-saferedirecturl=\"https:\/\/www.google.com\/url?q=https:\/\/open.spotify.com\/album\/1Oq780XyJNTi9BAGySxECi?si%3D5VWTZW2XR4q4K1zPpaHgIQ&amp;source=gmail&amp;ust=1665062493957000&amp;usg=AOvVaw3ElQOHIC6wNtoYoYz6TGuW\">RUSIA<\/a>\u00a0, su \u00e1lbum debut, justo a un a\u00f1o de su lanzamiento. Las anticipadas ya est\u00e1n disponibles a $1600 + Service Charge en la web de Passline.<\/p>\n<p dir=\"ltr\">Con letras sensibles que condensan lo m\u00e1s sincero del amor y la amistad, Manu Hattom es un art\u00edfice de melod\u00edas melanc\u00f3licas. Oriundo de la Zona Oeste del Gran Buenos Aires, su estilo navega por el pop con destellos de rock e influencias latinoamericanas. Con m\u00e1s de quince a\u00f1os de trayectoria art\u00edstica, public\u00f3 cinco discos de estudio como solista: Benalm\u00e1dena Despierta (2013), Autopistas (2016), 10 formas de transportarse por el aire (2017), Temporada alta (2019) y<a href=\"https:\/\/links.altafonte.com\/zqbr7op\" target=\"_blank\" rel=\"noopener\" data-saferedirecturl=\"https:\/\/www.google.com\/url?q=https:\/\/links.altafonte.com\/zqbr7op&amp;source=gmail&amp;ust=1665062493958000&amp;usg=AOvVaw1SI4gKojWfomnQgc54Oh0U\">La canci\u00f3n perdida<\/a>(2022), adem\u00e1s del microdisco Soledad (2016). Ha colaborado con artistas como Fito P\u00e1ez (<a href=\"https:\/\/www.youtube.com\/watch?v=sxRSGNOOxVg\" target=\"_blank\" rel=\"noopener\" data-saferedirecturl=\"https:\/\/www.google.com\/url?q=https:\/\/www.youtube.com\/watch?v%3DsxRSGNOOxVg&amp;source=gmail&amp;ust=1665062493958000&amp;usg=AOvVaw1ZbzHPPRmgDoy5DQ2-tSjZ\">\u201cEl Herido\u201d<\/a>), Rosario Ortega (<a href=\"https:\/\/links.altafonte.com\/y9r2qb4\" target=\"_blank\" rel=\"noopener\" data-saferedirecturl=\"https:\/\/www.google.com\/url?q=https:\/\/links.altafonte.com\/y9r2qb4&amp;source=gmail&amp;ust=1665062493958000&amp;usg=AOvVaw3sKmaq2UTUU27M6jUFkPT1\">\u201cLuna Llena\u201d<\/a>), Juliana Gattas de Miranda (\u201cQuerida\u201d), Mar\u00eda de la Flor (<a href=\"https:\/\/www.youtube.com\/watch?v=EuNiUeFIYVk\" target=\"_blank\" rel=\"noopener\" data-saferedirecturl=\"https:\/\/www.google.com\/url?q=https:\/\/www.youtube.com\/watch?v%3DEuNiUeFIYVk&amp;source=gmail&amp;ust=1665062493958000&amp;usg=AOvVaw3b4P7zX07SAxC_W0KqNYNN\">\u201cBolero para encontrarte\u201d<\/a>) y Julieta Zylberberg (<a href=\"https:\/\/links.altafonte.com\/5bal7xr\" target=\"_blank\" rel=\"noopener\" data-saferedirecturl=\"https:\/\/www.google.com\/url?q=https:\/\/links.altafonte.com\/5bal7xr&amp;source=gmail&amp;ust=1665062493958000&amp;usg=AOvVaw3M560lbmA-kIQO3WQVVMWW\">\u201cOjos de planeta\u201d<\/a>). Trabaj\u00f3 como productor musical y tambi\u00e9n compuso bandas de sonido para obras de cine y teatro, como Congreso (2013), del director Luis Fontal, Mi primera Hiroshima, de Camila Fabbri, y Mientras dur\u00f3 para siempre, de Mercedes Romero Russo.<\/p>\n<p dir=\"ltr\"><iframe title=\"YouTube video player\" data-src=\"https:\/\/www.youtube.com\/embed\/sxRSGNOOxVg\" width=\"560\" height=\"315\" frameborder=\"0\" allowfullscreen=\"allowfullscreen\" src=\"data:image\/svg+xml;base64,PHN2ZyB3aWR0aD0iMSIgaGVpZ2h0PSIxIiB4bWxucz0iaHR0cDovL3d3dy53My5vcmcvMjAwMC9zdmciPjwvc3ZnPg==\" class=\"lazyload\" data-load-mode=\"1\"><\/iframe><\/p>\n<!-- AddThis Advanced Settings generic via filter on the_content --><!-- AddThis Share Buttons generic via filter on the_content -->","protected":false},"excerpt":{"rendered":"<p>El artista argentino estren\u00f3 el pasado mes de abril su quinto \u00e1lbum de estudio, La canci\u00f3n perdida, con colaboraciones de Juliana Gattas, Rosario Ortega y Mar\u00eda de la Flor. Tras presentarlo en vivo en Argentina, se embarc\u00f3 en una gira por Espa\u00f1a durante un mes. De regreso en Buenos Aires, se prepara para dar un [&hellip;]<!-- AddThis Advanced Settings generic via filter on get_the_excerpt --><!-- AddThis Share Buttons generic via filter on get_the_excerpt --><\/p>\n","protected":false},"author":6,"featured_media":57782,"comment_status":"closed","ping_status":"open","sticky":false,"template":"","format":"standard","meta":{"_acf_changed":false,"om_disable_all_campaigns":false,"_monsterinsights_skip_tracking":false,"_monsterinsights_sitenote_active":false,"_monsterinsights_sitenote_note":"","_monsterinsights_sitenote_category":0,"_uf_show_specific_survey":0,"_uf_disable_surveys":false,"footnotes":""},"categories":[25],"tags":[],"class_list":["post-57778","post","type-post","status-publish","format-standard","has-post-thumbnail","hentry","category-radio"],"acf":[],"aioseo_notices":[],"_links":{"self":[{"href":"https:\/\/www.lasrosas.com.ar\/portal\/wp-json\/wp\/v2\/posts\/57778","targetHints":{"allow":["GET"]}}],"collection":[{"href":"https:\/\/www.lasrosas.com.ar\/portal\/wp-json\/wp\/v2\/posts"}],"about":[{"href":"https:\/\/www.lasrosas.com.ar\/portal\/wp-json\/wp\/v2\/types\/post"}],"author":[{"embeddable":true,"href":"https:\/\/www.lasrosas.com.ar\/portal\/wp-json\/wp\/v2\/users\/6"}],"replies":[{"embeddable":true,"href":"https:\/\/www.lasrosas.com.ar\/portal\/wp-json\/wp\/v2\/comments?post=57778"}],"version-history":[{"count":0,"href":"https:\/\/www.lasrosas.com.ar\/portal\/wp-json\/wp\/v2\/posts\/57778\/revisions"}],"wp:featuredmedia":[{"embeddable":true,"href":"https:\/\/www.lasrosas.com.ar\/portal\/wp-json\/wp\/v2\/media\/57782"}],"wp:attachment":[{"href":"https:\/\/www.lasrosas.com.ar\/portal\/wp-json\/wp\/v2\/media?parent=57778"}],"wp:term":[{"taxonomy":"category","embeddable":true,"href":"https:\/\/www.lasrosas.com.ar\/portal\/wp-json\/wp\/v2\/categories?post=57778"},{"taxonomy":"post_tag","embeddable":true,"href":"https:\/\/www.lasrosas.com.ar\/portal\/wp-json\/wp\/v2\/tags?post=57778"}],"curies":[{"name":"wp","href":"https:\/\/api.w.org\/{rel}","templated":true}]}}