{"id":57760,"date":"2022-10-04T16:44:14","date_gmt":"2022-10-04T19:44:14","guid":{"rendered":"https:\/\/www.lasrosas.com.ar\/portal\/?p=57760"},"modified":"2022-10-04T16:44:14","modified_gmt":"2022-10-04T19:44:14","slug":"coldplay-suspende-shows-en-brasil-por-problemas-de-salud-de-chris-martin","status":"publish","type":"post","link":"https:\/\/www.lasrosas.com.ar\/portal\/coldplay-suspende-shows-en-brasil-por-problemas-de-salud-de-chris-martin\/","title":{"rendered":"COLDPLAY SUSPENDE SHOWS EN BRASIL POR PROBLEMAS DE SALUD DE CHRIS MARTIN"},"content":{"rendered":"<p>El cantante deber\u00e1 guardar reposo. Lo comunic\u00f3 el grupo brit\u00e1nico a trav\u00e9s de sus redes sociales<\/p>\n<p>Chris Martin deber\u00e1 guardar reposo durante tres semanas, aquejado por una infecci\u00f3n pulmonar. Por esa raz\u00f3n, los recitales que Coldplay brindar\u00eda en estos d\u00edas en Brasil fueron suspendidos: se realizar\u00edan en los primeros meses de 2023, aun sin fechas confirmadas. Pero de inmediato surgi\u00f3 el interrogante sobre qu\u00e9 suceder\u00eda con los recitales que el grupo brit\u00e1nico tiene previsto ofrecer en Buenos Aires: \u201cPor el momento los shows en Argentina siguen confirmados\u201d, se anuncia en el comunicado que el grupo difundi\u00f3 en sus redes sociales.<\/p>\n<p>All\u00ed se informa que Martin, de 45 a\u00f1os, presenta \u201cuna afecci\u00f3n pulmonar grave\u201d, y que por tal motivo \u201cdeber\u00e1 estar cuidado estrictamente por m\u00e9dicos durante las pr\u00f3ximas tres semanas\u201d. Como su salud es prioridad, claro est\u00e1, la banda se ve \u201cforzada\u201d a \u201cposponer los shows\u201d -un total de ocho- en San Pablo y R\u00edo de Janeiro. No obstante, los nuevos d\u00edas para los espect\u00e1culos postergados no fueron definidos.<\/p>\n<p>La organizaci\u00f3n pide disculpas por los inconvenientes que esto genera en sus fans, a quienes agradece su \u201ccomprensi\u00f3n\u201d. \u201cSomos optimistas y creemos que volver\u00e1 con buena salud despu\u00e9s de este parate m\u00e9dico prescripto\u201d,<strong>\u00a0<\/strong>dice Coldplay en su comunicado, remarcando las \u201cganas\u201d de regresar al tour\u00a0<strong><em>Music of the Spheres\u00a0<\/em><\/strong>\u201clo antes posible\u201d.<\/p>\n<p><img decoding=\"async\" class=\"wp-image-57761 aligncenter lazyload\" data-src=\"https:\/\/www.lasrosas.com.ar\/portal\/wp-content\/uploads\/S35AVTXJ5BCZPK6SBSMLOH2OOA.jpg\" alt=\"\" width=\"578\" height=\"325\" data-srcset=\"https:\/\/www.lasrosas.com.ar\/portal\/wp-content\/uploads\/S35AVTXJ5BCZPK6SBSMLOH2OOA.jpg 992w, https:\/\/www.lasrosas.com.ar\/portal\/wp-content\/uploads\/S35AVTXJ5BCZPK6SBSMLOH2OOA-960x540.jpg 960w\" data-sizes=\"(max-width: 578px) 100vw, 578px\" src=\"data:image\/svg+xml;base64,PHN2ZyB3aWR0aD0iMSIgaGVpZ2h0PSIxIiB4bWxucz0iaHR0cDovL3d3dy53My5vcmcvMjAwMC9zdmciPjwvc3ZnPg==\" style=\"--smush-placeholder-width: 578px; --smush-placeholder-aspect-ratio: 578\/325;\" \/><\/p>\n<p>Mientras tanto los shows de en nuestro pa\u00eds siguen en pie en las fechas originalmente programadas.<\/p>\n<!-- AddThis Advanced Settings generic via filter on the_content --><!-- AddThis Share Buttons generic via filter on the_content -->","protected":false},"excerpt":{"rendered":"<p>El cantante deber\u00e1 guardar reposo. Lo comunic\u00f3 el grupo brit\u00e1nico a trav\u00e9s de sus redes sociales Chris Martin deber\u00e1 guardar reposo durante tres semanas, aquejado por una infecci\u00f3n pulmonar. Por esa raz\u00f3n, los recitales que Coldplay brindar\u00eda en estos d\u00edas en Brasil fueron suspendidos: se realizar\u00edan en los primeros meses de 2023, aun sin fechas [&hellip;]<!-- AddThis Advanced Settings generic via filter on get_the_excerpt --><!-- AddThis Share Buttons generic via filter on get_the_excerpt --><\/p>\n","protected":false},"author":6,"featured_media":57762,"comment_status":"closed","ping_status":"open","sticky":false,"template":"","format":"standard","meta":{"_acf_changed":false,"om_disable_all_campaigns":false,"_monsterinsights_skip_tracking":false,"_monsterinsights_sitenote_active":false,"_monsterinsights_sitenote_note":"","_monsterinsights_sitenote_category":0,"_uf_show_specific_survey":0,"_uf_disable_surveys":false,"footnotes":""},"categories":[100],"tags":[],"class_list":["post-57760","post","type-post","status-publish","format-standard","has-post-thumbnail","hentry","category-noticias"],"acf":[],"aioseo_notices":[],"_links":{"self":[{"href":"https:\/\/www.lasrosas.com.ar\/portal\/wp-json\/wp\/v2\/posts\/57760","targetHints":{"allow":["GET"]}}],"collection":[{"href":"https:\/\/www.lasrosas.com.ar\/portal\/wp-json\/wp\/v2\/posts"}],"about":[{"href":"https:\/\/www.lasrosas.com.ar\/portal\/wp-json\/wp\/v2\/types\/post"}],"author":[{"embeddable":true,"href":"https:\/\/www.lasrosas.com.ar\/portal\/wp-json\/wp\/v2\/users\/6"}],"replies":[{"embeddable":true,"href":"https:\/\/www.lasrosas.com.ar\/portal\/wp-json\/wp\/v2\/comments?post=57760"}],"version-history":[{"count":0,"href":"https:\/\/www.lasrosas.com.ar\/portal\/wp-json\/wp\/v2\/posts\/57760\/revisions"}],"wp:featuredmedia":[{"embeddable":true,"href":"https:\/\/www.lasrosas.com.ar\/portal\/wp-json\/wp\/v2\/media\/57762"}],"wp:attachment":[{"href":"https:\/\/www.lasrosas.com.ar\/portal\/wp-json\/wp\/v2\/media?parent=57760"}],"wp:term":[{"taxonomy":"category","embeddable":true,"href":"https:\/\/www.lasrosas.com.ar\/portal\/wp-json\/wp\/v2\/categories?post=57760"},{"taxonomy":"post_tag","embeddable":true,"href":"https:\/\/www.lasrosas.com.ar\/portal\/wp-json\/wp\/v2\/tags?post=57760"}],"curies":[{"name":"wp","href":"https:\/\/api.w.org\/{rel}","templated":true}]}}