{"id":57592,"date":"2022-09-29T15:48:48","date_gmt":"2022-09-29T18:48:48","guid":{"rendered":"https:\/\/www.lasrosas.com.ar\/portal\/?p=57592"},"modified":"2022-09-29T15:48:48","modified_gmt":"2022-09-29T18:48:48","slug":"la-costa-prepara-una-variada-oferta-de-eventos-previo-a-la-temporada-de-verano","status":"publish","type":"post","link":"https:\/\/www.lasrosas.com.ar\/portal\/la-costa-prepara-una-variada-oferta-de-eventos-previo-a-la-temporada-de-verano\/","title":{"rendered":"LA COSTA PREPARA UNA VARIADA OFERTA DE EVENTOS PREVIO A LA TEMPORADA DE VERANO"},"content":{"rendered":"<p><span style=\"font-weight: 400;\">Desde la Municipalidad de La Costa se trabaja en una agenda nutrida de festejos, eventos musicales, shows para chicos y chicas y espect\u00e1culos para toda la familia para estos meses previos a la temporada de verano.<\/span><\/p>\n<p><span style=\"font-weight: 400;\">En el comienzo de octubre, del 1 al 4, La Costa volver\u00e1 a formar parte de la Feria Internacional de Turismo (FIT), que se desarrollar\u00e1 como cada a\u00f1o en el predio Rural de Palermo. All\u00ed, con un stand propio, se podr\u00e1n mostrar las bondades naturales de cada una de las 14 localidades y ofrecer los eventos y espect\u00e1culos para octubre, noviembre y diciembre en el distrito.<\/span><\/p>\n<p><img decoding=\"async\" class=\"wp-image-57596 aligncenter lazyload\" data-src=\"https:\/\/www.lasrosas.com.ar\/portal\/wp-content\/uploads\/image-1-10.png\" alt=\"\" width=\"716\" height=\"323\" src=\"data:image\/svg+xml;base64,PHN2ZyB3aWR0aD0iMSIgaGVpZ2h0PSIxIiB4bWxucz0iaHR0cDovL3d3dy53My5vcmcvMjAwMC9zdmciPjwvc3ZnPg==\" style=\"--smush-placeholder-width: 716px; --smush-placeholder-aspect-ratio: 716\/323;\" \/><\/p>\n<p><span style=\"font-weight: 400;\">En octubre se realizar\u00e1 la segunda edici\u00f3n de \u00abTodos al Cine\u00bb con un fin de semana largo repleto de estrenos para disfrutar de manera gratuita en las salas de cines de La Costa, ubicadas en San Clemente, Las Toninas, Santa Teresita, San Bernardo y Mar de Aj\u00f3.<\/span><\/p>\n<p><span style=\"font-weight: 400;\">Adem\u00e1s, por el D\u00eda del Jubilado, el Partido de La Costa prepara para fines de octubre un show musical de alto nivel como lo hizo con Palito Ortega en 2021, y que convoc\u00f3 a bailar a miles de adultos y adultas mayores.<\/span><\/p>\n<p><span style=\"font-weight: 400;\">Para los m\u00e1s peque\u00f1os tambi\u00e9n se viene en octubre el segundo Encuentro de Circo Independiente de La Costa, con carpas montadas en las localidades y las funciones de circo de compa\u00f1\u00edas locales y nacionales que llegan para ofrecer su arte al distrito.\u00a0<\/span><\/p>\n<p><span style=\"font-weight: 400;\">Para los amantes de los deportes extremos llegar\u00e1 el Enduro de La Costa y para los fan\u00e1ticos del juego &#8211; ciencia, el primer Abierto Internacional de Ajedrez. Y tambi\u00e9n habr\u00e1 lugar para el turismo de reuniones, congresos y convenciones con el Pre Congreso Mundial por los Derechos de las Infancias que se llevar\u00e1 a cabo en el Espacio Multicultural de Mar de Aj\u00f3.\u00a0<\/span><\/p>\n<p><span style=\"font-weight: 400;\">Si de festejos populares se trata, el fin de semana largo de octubre, del 7 al 10, se llevar\u00e1 a cabo la Fiesta Nacional de la Corvina Negra en San Clemente, donde habr\u00e1 espect\u00e1culos musicales y el tradicional concurso de pesca con importantes premios de dinero en efectivo para las mejores piezas.<\/span><\/p>\n\r\n\t\t<style type='text\/css'>\r\n\t\t\t#gallery-1 {\r\n\t\t\t\tmargin: auto;\r\n\t\t\t}\r\n\t\t\t#gallery-1 .gallery-item {\r\n\t\t\t\tfloat: left;\r\n\t\t\t\tmargin-top: 10px;\r\n\t\t\t\ttext-align: center;\r\n\t\t\t\twidth: 50%;\r\n\t\t\t}\r\n\t\t\t#gallery-1 img {\r\n\t\t\t\tborder: 2px solid #cfcfcf;\r\n\t\t\t}\r\n\t\t\t#gallery-1 .gallery-caption {\r\n\t\t\t\tmargin-left: 0;\r\n\t\t\t}\r\n\t\t<\/style>\r\n\t\t<!-- see gallery_shortcode() in wp-includes\/media.php -->\n\t\t<div id='gallery-1' class='gallery galleryid-57592 gallery-columns-2 gallery-size-medium gallery1'><script type=\"text\/javascript\">\r\n\/\/ <![CDATA[\r\n\tjQuery(document).ready(function () {\r\n\t\tjQuery(\".gallery1 a\").attr(\"rel\",\"gallery1\");\t\r\n\t\tjQuery('a[rel=\"gallery1\"]').colorbox({maxWidth:\"95%\", maxHeight:\"95%\",title: function(){ return jQuery(this).children().attr(\"alt\"); }, });\r\n\t});\r\n\/\/ ]]>\r\n<\/script>\n<dl class=\"gallery-item\">\n<dt class=\"gallery-icon\">\r\n<a href=\"https:\/\/www.lasrosas.com.ar\/portal\/wp-content\/uploads\/image-5-1.png\" title=\"\" rel=\"gallery1\"><img decoding=\"async\" data-src=\"https:\/\/www.lasrosas.com.ar\/portal\/wp-content\/uploads\/image-5-1.png\" width=\"447\" height=\"374\" alt=\"\" src=\"data:image\/svg+xml;base64,PHN2ZyB3aWR0aD0iMSIgaGVpZ2h0PSIxIiB4bWxucz0iaHR0cDovL3d3dy53My5vcmcvMjAwMC9zdmciPjwvc3ZnPg==\" class=\"lazyload\" style=\"--smush-placeholder-width: 447px; --smush-placeholder-aspect-ratio: 447\/374;\" \/><\/a>\r\n<\/dt><\/dl><dl class=\"gallery-item\">\n<dt class=\"gallery-icon\">\r\n<a href=\"https:\/\/www.lasrosas.com.ar\/portal\/wp-content\/uploads\/image-2-4.png\" title=\"\" rel=\"gallery1\"><img decoding=\"async\" data-src=\"https:\/\/www.lasrosas.com.ar\/portal\/wp-content\/uploads\/image-2-4.png\" width=\"455\" height=\"374\" alt=\"\" src=\"data:image\/svg+xml;base64,PHN2ZyB3aWR0aD0iMSIgaGVpZ2h0PSIxIiB4bWxucz0iaHR0cDovL3d3dy53My5vcmcvMjAwMC9zdmciPjwvc3ZnPg==\" class=\"lazyload\" style=\"--smush-placeholder-width: 455px; --smush-placeholder-aspect-ratio: 455\/374;\" \/><\/a>\r\n<\/dt><\/dl><br style=\"clear: both\" \/>\r\n\t\t<\/div>\n\n<p>&nbsp;<\/p>\n<p><b>NOVIEMBRE Y DICIEMBRE EN LA COSTA<\/b><\/p>\n<p><span style=\"font-weight: 400;\">A principios de noviembre siguen los grandes festejos en el Partido de La Costa con la 28\u00b0 Fiesta de la N\u00e1utica y el Mar en Mar del Tuy\u00fa, y el fin de semana largo del 18 al 20 llega la 53\u00aa edici\u00f3n de la Fiesta Nacional de la Corvina Rubia de Mar de Aj\u00f3.\u00a0<\/span><\/p>\n<p><span style=\"font-weight: 400;\">Para este mes retornar\u00e1 un evento tan esperado como el Festival Pre Cosqu\u00edn en La Costa, que se desarrollar\u00e1 en el 26 y 27 de noviembre en la Plaza Santa Teresita del Ni\u00f1o Jes\u00fas, ubicada en la calle 8 entre 29 y 30 de Santa Teresita, como antesala del Festival Nacional de Folklore Cosqu\u00edn 2023.<\/span><\/p>\n<p><img decoding=\"async\" class=\"wp-image-57594 aligncenter lazyload\" data-src=\"https:\/\/www.lasrosas.com.ar\/portal\/wp-content\/uploads\/image-3-1.png\" alt=\"\" width=\"544\" height=\"333\" src=\"data:image\/svg+xml;base64,PHN2ZyB3aWR0aD0iMSIgaGVpZ2h0PSIxIiB4bWxucz0iaHR0cDovL3d3dy53My5vcmcvMjAwMC9zdmciPjwvc3ZnPg==\" style=\"--smush-placeholder-width: 544px; --smush-placeholder-aspect-ratio: 544\/333;\" \/><\/p>\n<p><span style=\"font-weight: 400;\">Para diciembre se organizar\u00e1 en La Costa la Santa Teresita Cup, un evento de f\u00fatbol infantil que re\u00fane a chicos y chicas de todo el pa\u00eds y pa\u00edses lim\u00edtrofes como Brasil, Bolivia, Paraguay y Chile.<\/span><\/p>\n<p><span style=\"font-weight: 400;\">Diciembre tambi\u00e9n ser\u00e1 escenario de la 38\u00b0 Fiesta Nacional del Sol y la Familia. Y antes de la Navidad vendr\u00e1 el cierre del a\u00f1o de La Costa Food &amp; Music con food trucks y espect\u00e1culos musicales para disfrutar en familia, como tambi\u00e9n los villancicos navide\u00f1os que ofrece el Coro Municipal de La Costa en los logos decorados para la ocasi\u00f3n en las localidades costeras.<\/span><\/p>\n<p><img decoding=\"async\" class=\"wp-image-57593 aligncenter lazyload\" data-src=\"https:\/\/www.lasrosas.com.ar\/portal\/wp-content\/uploads\/image-4-1.png\" alt=\"\" width=\"551\" height=\"316\" src=\"data:image\/svg+xml;base64,PHN2ZyB3aWR0aD0iMSIgaGVpZ2h0PSIxIiB4bWxucz0iaHR0cDovL3d3dy53My5vcmcvMjAwMC9zdmciPjwvc3ZnPg==\" style=\"--smush-placeholder-width: 551px; --smush-placeholder-aspect-ratio: 551\/316;\" \/><\/p>\n<!-- AddThis Advanced Settings generic via filter on the_content --><!-- AddThis Share Buttons generic via filter on the_content -->","protected":false},"excerpt":{"rendered":"<p>Desde la Municipalidad de La Costa se trabaja en una agenda nutrida de festejos, eventos musicales, shows para chicos y chicas y espect\u00e1culos para toda la familia para estos meses previos a la temporada de verano. En el comienzo de octubre, del 1 al 4, La Costa volver\u00e1 a formar parte de la Feria Internacional [&hellip;]<!-- AddThis Advanced Settings generic via filter on get_the_excerpt --><!-- AddThis Share Buttons generic via filter on get_the_excerpt --><\/p>\n","protected":false},"author":6,"featured_media":57597,"comment_status":"closed","ping_status":"open","sticky":false,"template":"","format":"standard","meta":{"_acf_changed":false,"om_disable_all_campaigns":false,"_monsterinsights_skip_tracking":false,"_monsterinsights_sitenote_active":false,"_monsterinsights_sitenote_note":"","_monsterinsights_sitenote_category":0,"_uf_show_specific_survey":0,"_uf_disable_surveys":false,"footnotes":""},"categories":[100,19],"tags":[],"class_list":["post-57592","post","type-post","status-publish","format-standard","has-post-thumbnail","hentry","category-noticias","category-eventos-sociales"],"acf":[],"aioseo_notices":[],"_links":{"self":[{"href":"https:\/\/www.lasrosas.com.ar\/portal\/wp-json\/wp\/v2\/posts\/57592","targetHints":{"allow":["GET"]}}],"collection":[{"href":"https:\/\/www.lasrosas.com.ar\/portal\/wp-json\/wp\/v2\/posts"}],"about":[{"href":"https:\/\/www.lasrosas.com.ar\/portal\/wp-json\/wp\/v2\/types\/post"}],"author":[{"embeddable":true,"href":"https:\/\/www.lasrosas.com.ar\/portal\/wp-json\/wp\/v2\/users\/6"}],"replies":[{"embeddable":true,"href":"https:\/\/www.lasrosas.com.ar\/portal\/wp-json\/wp\/v2\/comments?post=57592"}],"version-history":[{"count":0,"href":"https:\/\/www.lasrosas.com.ar\/portal\/wp-json\/wp\/v2\/posts\/57592\/revisions"}],"wp:featuredmedia":[{"embeddable":true,"href":"https:\/\/www.lasrosas.com.ar\/portal\/wp-json\/wp\/v2\/media\/57597"}],"wp:attachment":[{"href":"https:\/\/www.lasrosas.com.ar\/portal\/wp-json\/wp\/v2\/media?parent=57592"}],"wp:term":[{"taxonomy":"category","embeddable":true,"href":"https:\/\/www.lasrosas.com.ar\/portal\/wp-json\/wp\/v2\/categories?post=57592"},{"taxonomy":"post_tag","embeddable":true,"href":"https:\/\/www.lasrosas.com.ar\/portal\/wp-json\/wp\/v2\/tags?post=57592"}],"curies":[{"name":"wp","href":"https:\/\/api.w.org\/{rel}","templated":true}]}}