{"id":57422,"date":"2022-09-26T10:53:00","date_gmt":"2022-09-26T13:53:00","guid":{"rendered":"https:\/\/www.lasrosas.com.ar\/portal\/?p=57422"},"modified":"2022-09-26T10:53:00","modified_gmt":"2022-09-26T13:53:00","slug":"niji-y-santista-jeanswear-presentan-una-capsula-de-accesorios-sustentables-que-da-vida-util-a-tejidos-sin-uso","status":"publish","type":"post","link":"https:\/\/www.lasrosas.com.ar\/portal\/niji-y-santista-jeanswear-presentan-una-capsula-de-accesorios-sustentables-que-da-vida-util-a-tejidos-sin-uso\/","title":{"rendered":"NIJI Y SANTISTA JEANSWEAR PRESENTAN UNA C\u00c1PSULA DE ACCESORIOS SUSTENTABLES QUE DA VIDA \u00daTIL A TEJIDOS SIN USO"},"content":{"rendered":"<p><span style=\"font-weight: 400;\">Niji se une a Santista, l\u00edder en la producci\u00f3n mundial de tejidos, para presentar una c\u00e1psula de ri\u00f1oneras y billeteras\u00a0 fabricados con tejidos de slowmoving, poniendo as\u00ed la creatividad al servicio del cuidado del medio ambiente. Esta iniciativa se suma al largo recorrido de la empresa textil y de la marca de dise\u00f1o independiente, como l\u00edderes en materia de preservaci\u00f3n ambiental.<\/span><\/p>\n<p><span style=\"font-weight: 400;\">Ambos proyectos priorizan la producci\u00f3n sustentable y, a la hora de trabajar juntos, Santista Jeanswear propuso un modo distinto de ser responsables con el ambiente m\u00e1s all\u00e1 de los buenos procesos para fabricar tejidos: usar aquellos que ya existen. De esta manera, no tuvieron que producir nada nuevo, sino que dieron vida \u00fatil a tejidos de dif\u00edcil movilidad.<\/span><\/p>\n<p><span style=\"font-weight: 400;\">El resultado es una c\u00e1psula con ri\u00f1oneras y billeteras con la est\u00e9tica distintiva de Niji y la gran calidad de Santista. Esta se puede conseguir a trav\u00e9s del <\/span><a href=\"https:\/\/www.niji.com.ar\/\"><span style=\"font-weight: 400;\">sitio web<\/span><\/a><span style=\"font-weight: 400;\"> de Niji y en su local situado en\u00a0 Juramento 5291, Buenos Aires, Argentina.\u00a0<\/span><\/p>\n<p><span style=\"font-weight: 400;\">\u201c<\/span><i><span style=\"font-weight: 400;\">Este proyecto nos entusiasma much\u00edsimo y nos muestra una vez m\u00e1s que no hay una sola forma de cuidar el planeta. Cada acci\u00f3n y cada decisi\u00f3n que tomamos en pos de la sustentabilidad es importante y estas requieren de creatividad e innovaci\u00f3n constante. Estamos muy orgullosos del resultado<\/span><\/i><span style=\"font-weight: 400;\">\u201d, coment\u00f3 Fernanda Rodriguez, Gerente de Jeanswear.<\/span><\/p>\n\r\n\t\t<style type='text\/css'>\r\n\t\t\t#gallery-1 {\r\n\t\t\t\tmargin: auto;\r\n\t\t\t}\r\n\t\t\t#gallery-1 .gallery-item {\r\n\t\t\t\tfloat: left;\r\n\t\t\t\tmargin-top: 10px;\r\n\t\t\t\ttext-align: center;\r\n\t\t\t\twidth: 50%;\r\n\t\t\t}\r\n\t\t\t#gallery-1 img {\r\n\t\t\t\tborder: 2px solid #cfcfcf;\r\n\t\t\t}\r\n\t\t\t#gallery-1 .gallery-caption {\r\n\t\t\t\tmargin-left: 0;\r\n\t\t\t}\r\n\t\t<\/style>\r\n\t\t<!-- see gallery_shortcode() in wp-includes\/media.php -->\n\t\t<div id='gallery-1' class='gallery galleryid-57422 gallery-columns-2 gallery-size-full gallery1'><script type=\"text\/javascript\">\r\n\/\/ <![CDATA[\r\n\tjQuery(document).ready(function () {\r\n\t\tjQuery(\".gallery1 a\").attr(\"rel\",\"gallery1\");\t\r\n\t\tjQuery('a[rel=\"gallery1\"]').colorbox({maxWidth:\"95%\", maxHeight:\"95%\",title: function(){ return jQuery(this).children().attr(\"alt\"); }, });\r\n\t});\r\n\/\/ ]]>\r\n<\/script>\n<dl class=\"gallery-item\">\n<dt class=\"gallery-icon\">\r\n<a href=\"https:\/\/www.lasrosas.com.ar\/portal\/wp-content\/uploads\/NIJI-CAPSULA-3.jpeg\" title=\"\" rel=\"gallery1\"><img decoding=\"async\" data-src=\"https:\/\/www.lasrosas.com.ar\/portal\/wp-content\/uploads\/NIJI-CAPSULA-3.jpeg\" width=\"768\" height=\"1024\" alt=\"\" src=\"data:image\/svg+xml;base64,PHN2ZyB3aWR0aD0iMSIgaGVpZ2h0PSIxIiB4bWxucz0iaHR0cDovL3d3dy53My5vcmcvMjAwMC9zdmciPjwvc3ZnPg==\" class=\"lazyload\" style=\"--smush-placeholder-width: 768px; --smush-placeholder-aspect-ratio: 768\/1024;\" \/><\/a>\r\n<\/dt><\/dl><dl class=\"gallery-item\">\n<dt class=\"gallery-icon\">\r\n<a href=\"https:\/\/www.lasrosas.com.ar\/portal\/wp-content\/uploads\/NIJI-CAPSULA-10.jpeg\" title=\"\" rel=\"gallery1\"><img decoding=\"async\" data-src=\"https:\/\/www.lasrosas.com.ar\/portal\/wp-content\/uploads\/NIJI-CAPSULA-10.jpeg\" width=\"768\" height=\"1024\" alt=\"\" src=\"data:image\/svg+xml;base64,PHN2ZyB3aWR0aD0iMSIgaGVpZ2h0PSIxIiB4bWxucz0iaHR0cDovL3d3dy53My5vcmcvMjAwMC9zdmciPjwvc3ZnPg==\" class=\"lazyload\" style=\"--smush-placeholder-width: 768px; --smush-placeholder-aspect-ratio: 768\/1024;\" \/><\/a>\r\n<\/dt><\/dl><br style=\"clear: both\" \/>\r\n\t\t<\/div>\n\n<p><span style=\"font-weight: 400;\">Niji es una marca argentina enfocada en la sustentabilidad que dispone de una variedad de accesorios y prendas de ropa creadas con telas de fibra natural 100% y tintes naturales.\u00a0<\/span><\/p>\n<p><span style=\"font-weight: 400;\">\u201c<\/span><i><span style=\"font-weight: 400;\">Estamos muy felices de haber realizado esta colaboraci\u00f3n con Santista y de haber podido crear nuevos objetos dando vida a materiales olvidados. Nos entusiasma seguir colaborando juntos en iniciativas que tengan como prioridad el impacto positivo y la responsabilidad<\/span><\/i><span style=\"font-weight: 400;\">\u2019, se\u00f1alaron desde NIJI.<\/span><\/p>\n<p><span style=\"font-weight: 400;\">Esta colaboraci\u00f3n se enmarca en una serie de iniciativas impulsadas por Santista en pos de la sustentabilidad como ser parte de Algod\u00f3n Responsable Argentino, el uso de encolante biodegradable, el proceso de recuperaci\u00f3n de fibras de algod\u00f3n, la planta de tratamiento de efluentes y la incorporaci\u00f3n de telares de \u00faltima generaci\u00f3n con mayor eficiencia energ\u00e9tica que generan un 20% menos de consumo.<\/span><\/p>\n<p><span style=\"font-weight: 400;\">Sobre Santista:<\/span><\/p>\n<p><b><i>Santista Argentina<\/i><\/b><i><span style=\"font-weight: 400;\">, con una trayectoria de m\u00e1s de 95 a\u00f1os en el pa\u00eds, ocupa una posici\u00f3n de liderazgo como productora mundial de tejidos planos para indumentaria profesional, denim y kolor. La compa\u00f1\u00eda se destaca por crear soluciones innovadoras e integradas en el sector textil. Su posicionamiento se extiende tanto a nivel nacional como internacional, brindando a sus clientes el m\u00e1s completo portfolio de productos, servicios y soluciones.<\/span><\/i><\/p>\n<p><b><i>Santista<\/i><\/b><i><span style=\"font-weight: 400;\"> abarca dos unidades de negocios: <\/span><\/i><b><i>Santista Jeanswear<\/i><\/b><i><span style=\"font-weight: 400;\">, l\u00edder en la producci\u00f3n de Denim diferenciado y Kolor; y <\/span><\/i><b><i>Santista Workwear<\/i><\/b><i><span style=\"font-weight: 400;\">, l\u00edder en producci\u00f3n y comercializaci\u00f3n de tejidos para indumentaria de trabajo con sus marcas OMBU, Grafa70 y su sistema de Garant\u00eda Total. Con m\u00e1s de 900 empleados, una planta en Tucum\u00e1n y oficinas comerciales en Buenos Aires.\u00a0<\/span><\/i><\/p>\n<p><i><span style=\"font-weight: 400;\">Santista posee en su ADN, innovaci\u00f3n, sustentabilidad y un claro enfoque en la calidad, generando relaciones de confianza y proporcionando bienestar y seguridad.<\/span><\/i><\/p>\n<p><span style=\"font-weight: 400;\">Visite:<\/span><\/p>\n<p><a href=\"http:\/\/www.santista.com.ar\"><span style=\"font-weight: 400;\">www.santista.com.ar<\/span><\/a><span style=\"font-weight: 400;\">\u00a0<\/span><\/p>\n<p><a href=\"http:\/\/www.santistajeanswear.com.ar\"><span style=\"font-weight: 400;\">www.santistajeanswear.com.ar<\/span><\/a><span style=\"font-weight: 400;\">\u00a0\u00a0<\/span><\/p>\n<p><span style=\"font-weight: 400;\">Instagram: @santistajw<\/span><\/p>\n<p><a href=\"http:\/\/www.santistaworkwear.com.ar\"><span style=\"font-weight: 400;\">www.santistaworkwear.com.ar<\/span><\/a><span style=\"font-weight: 400;\">\u00a0<\/span><\/p>\n<p><span style=\"font-weight: 400;\">Instagram: @santistaworkwear<\/span><\/p>\n<!-- AddThis Advanced Settings generic via filter on the_content --><!-- AddThis Share Buttons generic via filter on the_content -->","protected":false},"excerpt":{"rendered":"<p>Niji se une a Santista, l\u00edder en la producci\u00f3n mundial de tejidos, para presentar una c\u00e1psula de ri\u00f1oneras y billeteras\u00a0 fabricados con tejidos de slowmoving, poniendo as\u00ed la creatividad al servicio del cuidado del medio ambiente. Esta iniciativa se suma al largo recorrido de la empresa textil y de la marca de dise\u00f1o independiente, como [&hellip;]<!-- AddThis Advanced Settings generic via filter on get_the_excerpt --><!-- AddThis Share Buttons generic via filter on get_the_excerpt --><\/p>\n","protected":false},"author":6,"featured_media":57431,"comment_status":"closed","ping_status":"open","sticky":false,"template":"","format":"standard","meta":{"_acf_changed":false,"om_disable_all_campaigns":false,"_monsterinsights_skip_tracking":false,"_monsterinsights_sitenote_active":false,"_monsterinsights_sitenote_note":"","_monsterinsights_sitenote_category":0,"_uf_show_specific_survey":0,"_uf_disable_surveys":false,"footnotes":""},"categories":[100,30],"tags":[],"class_list":["post-57422","post","type-post","status-publish","format-standard","has-post-thumbnail","hentry","category-noticias","category-moda"],"acf":[],"aioseo_notices":[],"_links":{"self":[{"href":"https:\/\/www.lasrosas.com.ar\/portal\/wp-json\/wp\/v2\/posts\/57422","targetHints":{"allow":["GET"]}}],"collection":[{"href":"https:\/\/www.lasrosas.com.ar\/portal\/wp-json\/wp\/v2\/posts"}],"about":[{"href":"https:\/\/www.lasrosas.com.ar\/portal\/wp-json\/wp\/v2\/types\/post"}],"author":[{"embeddable":true,"href":"https:\/\/www.lasrosas.com.ar\/portal\/wp-json\/wp\/v2\/users\/6"}],"replies":[{"embeddable":true,"href":"https:\/\/www.lasrosas.com.ar\/portal\/wp-json\/wp\/v2\/comments?post=57422"}],"version-history":[{"count":0,"href":"https:\/\/www.lasrosas.com.ar\/portal\/wp-json\/wp\/v2\/posts\/57422\/revisions"}],"wp:featuredmedia":[{"embeddable":true,"href":"https:\/\/www.lasrosas.com.ar\/portal\/wp-json\/wp\/v2\/media\/57431"}],"wp:attachment":[{"href":"https:\/\/www.lasrosas.com.ar\/portal\/wp-json\/wp\/v2\/media?parent=57422"}],"wp:term":[{"taxonomy":"category","embeddable":true,"href":"https:\/\/www.lasrosas.com.ar\/portal\/wp-json\/wp\/v2\/categories?post=57422"},{"taxonomy":"post_tag","embeddable":true,"href":"https:\/\/www.lasrosas.com.ar\/portal\/wp-json\/wp\/v2\/tags?post=57422"}],"curies":[{"name":"wp","href":"https:\/\/api.w.org\/{rel}","templated":true}]}}