{"id":57247,"date":"2022-09-21T14:03:36","date_gmt":"2022-09-21T17:03:36","guid":{"rendered":"https:\/\/www.lasrosas.com.ar\/portal\/?p=57247"},"modified":"2022-09-21T14:03:36","modified_gmt":"2022-09-21T17:03:36","slug":"my-mine-and-me-el-documental-de-la-vida-de-selena-gomez","status":"publish","type":"post","link":"https:\/\/www.lasrosas.com.ar\/portal\/my-mine-and-me-el-documental-de-la-vida-de-selena-gomez\/","title":{"rendered":"\u201cMY MINE AND ME\u201d: EL DOCUMENTAL DE LA VIDA DE SELENA GOMEZ"},"content":{"rendered":"<p>Si eres fan de la \u201cceleb\u201d, deber\u00edas saber que en noviembre se estrenar\u00e1 en Apple TV el reality sobre su vida que tanto est\u00e1bamos esperando.<\/p>\n<p>Selena Gomez es\u00a0<strong>una de las cantantes m\u00e1s apreciadas y queridas por el p\u00fablico.\u00a0<\/strong>Comenz\u00f3 como\u00a0chica Disney, protagonizando \u201cLos Hechiceros de Waverly Place\u201d (2007), para luego pasar a formar parte de la historia de la m\u00fasica con temas como<strong>\u00a0&#8216;Back to you&#8217;, &#8216;Lose you to love me&#8217; o &#8216;Baila conmigo&#8217; con Rauw Alejandro<\/strong>. Par\u00f3 para cuidar su salud mental de por medio. La cantante tambi\u00e9n apoya el\u00a0movimiento \u201cbody positive\u00bb\u00a0y siempre intenta ayudar en lo posible en mejorar y cuidar la salud mental de sus seguidores. Todo esto ha hecho que sus\u00a0<strong>fans hayan generado un fuerte v\u00ednculo con ella, enloqueciendo ante la posibilidad de poder disfrutar de un documental que cuente su vida.<\/strong><\/p>\n<p>Fueron ellos mismos los primeros en descubrir este verano que Selena estaba preparando un biopic, a pesar de que ella no lo confirm\u00f3 en sus redes sociales hasta el 8 de septiembre. El documental se llamar\u00e1 \u2018<strong>My Mind and Me&#8217;, e<\/strong>star\u00e1 a cargo del director Alek Keshishian, quien fue el encargado de realizar un documental sobre la vida personal de Madonna, y\u00a0<strong>aterrizar\u00e1 en Apple TV el 4 de noviembre<\/strong>.<\/p>\n<p>Por suerte, junto al anuncio de la fecha de estreno, han compartido un primer adelanto, que solo demuestra lo profundo que nos introduciremos en los sentimientos y emociones de la cantante.<\/p>\n<blockquote class=\"instagram-media\" style=\"background: #FFF; border: 0; border-radius: 3px; box-shadow: 0 0 1px 0 rgba(0,0,0,0.5),0 1px 10px 0 rgba(0,0,0,0.15); margin: 1px; max-width: 540px; min-width: 326px; padding: 0; width: calc(100% - 2px);\" data-instgrm-captioned=\"\" data-instgrm-permalink=\"https:\/\/www.instagram.com\/reel\/CivBiLwJCxL\/?utm_source=ig_embed&amp;utm_campaign=loading\" data-instgrm-version=\"14\">\n<div style=\"padding: 16px;\">\n<p>&nbsp;<\/p>\n<div style=\"display: flex; flex-direction: row; align-items: center;\">\n<div style=\"background-color: #f4f4f4; border-radius: 50%; flex-grow: 0; height: 40px; margin-right: 14px; width: 40px;\"><\/div>\n<div style=\"display: flex; flex-direction: column; flex-grow: 1; justify-content: center;\">\n<div style=\"background-color: #f4f4f4; border-radius: 4px; flex-grow: 0; height: 14px; margin-bottom: 6px; width: 100px;\"><\/div>\n<div style=\"background-color: #f4f4f4; border-radius: 4px; flex-grow: 0; height: 14px; width: 60px;\"><\/div>\n<\/div>\n<\/div>\n<div style=\"padding: 19% 0;\"><\/div>\n<div style=\"display: block; height: 50px; margin: 0 auto 12px; width: 50px;\"><\/div>\n<div style=\"padding-top: 8px;\">\n<div style=\"color: #3897f0; font-family: Arial,sans-serif; font-size: 14px; font-style: normal; font-weight: 550; line-height: 18px;\">Ver esta publicaci\u00f3n en Instagram<\/div>\n<\/div>\n<div style=\"padding: 12.5% 0;\"><\/div>\n<div style=\"display: flex; flex-direction: row; margin-bottom: 14px; align-items: center;\">\n<div>\n<div style=\"background-color: #f4f4f4; border-radius: 50%; height: 12.5px; width: 12.5px; transform: translateX(0px) translateY(7px);\"><\/div>\n<div style=\"background-color: #f4f4f4; height: 12.5px; transform: rotate(-45deg) translateX(3px) translateY(1px); width: 12.5px; flex-grow: 0; margin-right: 14px; margin-left: 2px;\"><\/div>\n<div style=\"background-color: #f4f4f4; border-radius: 50%; height: 12.5px; width: 12.5px; transform: translateX(9px) translateY(-18px);\"><\/div>\n<\/div>\n<div style=\"margin-left: 8px;\">\n<div style=\"background-color: #f4f4f4; border-radius: 50%; flex-grow: 0; height: 20px; width: 20px;\"><\/div>\n<div style=\"width: 0; height: 0; border-top: 2px solid transparent; border-left: 6px solid #f4f4f4; border-bottom: 2px solid transparent; transform: translateX(16px) translateY(-4px) rotate(30deg);\"><\/div>\n<\/div>\n<div style=\"margin-left: auto;\">\n<div style=\"width: 0px; border-top: 8px solid #F4F4F4; border-right: 8px solid transparent; transform: translateY(16px);\"><\/div>\n<div style=\"background-color: #f4f4f4; flex-grow: 0; height: 12px; width: 16px; transform: translateY(-4px);\"><\/div>\n<div style=\"width: 0; height: 0; border-top: 8px solid #F4F4F4; border-left: 8px solid transparent; transform: translateY(-4px) translateX(8px);\"><\/div>\n<\/div>\n<\/div>\n<div style=\"display: flex; flex-direction: column; flex-grow: 1; justify-content: center; margin-bottom: 24px;\">\n<div style=\"background-color: #f4f4f4; border-radius: 4px; flex-grow: 0; height: 14px; margin-bottom: 6px; width: 224px;\"><\/div>\n<div style=\"background-color: #f4f4f4; border-radius: 4px; flex-grow: 0; height: 14px; width: 144px;\"><\/div>\n<\/div>\n<p>&nbsp;<\/p>\n<p style=\"color: #c9c8cd; font-family: Arial,sans-serif; font-size: 14px; line-height: 17px; margin-bottom: 0; margin-top: 8px; overflow: hidden; padding: 8px 0 7px; text-align: center; text-overflow: ellipsis; white-space: nowrap;\"><a style=\"color: #c9c8cd; font-family: Arial,sans-serif; font-size: 14px; font-style: normal; font-weight: normal; line-height: 17px; text-decoration: none;\" href=\"https:\/\/www.instagram.com\/reel\/CivBiLwJCxL\/?utm_source=ig_embed&amp;utm_campaign=loading\" target=\"_blank\" rel=\"noopener\">Una publicaci\u00f3n compartida por Selena Gomez (@selenagomez)<\/a><\/p>\n<\/div>\n<\/blockquote>\n<p><script async src=\"\/\/www.instagram.com\/embed.js\"><\/script><\/p>\n<p>La vemos llorar, re\u00edr, actuar&#8230; bajo un sonido de respiraci\u00f3n. \u2018\u2018Tras a\u00f1os siendo el centro de atenci\u00f3n, Selena Gomez alcanza un estrellato inimaginable. Pero justo cuando toca una nueva cima en su carrera, un giro inesperado de los acontecimientos la arrastra a la oscuridad. Este documental excepcionalmente crudo e \u00edntimo abarca los seis a\u00f1os que dur\u00f3 su viaje de vuelta hacia la luz\u2019\u2019, expresa la sinopsis oficial.<\/p>\n<!-- AddThis Advanced Settings generic via filter on the_content --><!-- AddThis Share Buttons generic via filter on the_content -->","protected":false},"excerpt":{"rendered":"<p>Si eres fan de la \u201cceleb\u201d, deber\u00edas saber que en noviembre se estrenar\u00e1 en Apple TV el reality sobre su vida que tanto est\u00e1bamos esperando. Selena Gomez es\u00a0una de las cantantes m\u00e1s apreciadas y queridas por el p\u00fablico.\u00a0Comenz\u00f3 como\u00a0chica Disney, protagonizando \u201cLos Hechiceros de Waverly Place\u201d (2007), para luego pasar a formar parte de la [&hellip;]<!-- AddThis Advanced Settings generic via filter on get_the_excerpt --><!-- AddThis Share Buttons generic via filter on get_the_excerpt --><\/p>\n","protected":false},"author":6,"featured_media":57248,"comment_status":"closed","ping_status":"open","sticky":false,"template":"","format":"standard","meta":{"_acf_changed":false,"om_disable_all_campaigns":false,"_monsterinsights_skip_tracking":false,"_monsterinsights_sitenote_active":false,"_monsterinsights_sitenote_note":"","_monsterinsights_sitenote_category":0,"_uf_show_specific_survey":0,"_uf_disable_surveys":false,"footnotes":""},"categories":[100],"tags":[],"class_list":["post-57247","post","type-post","status-publish","format-standard","has-post-thumbnail","hentry","category-noticias"],"acf":[],"aioseo_notices":[],"_links":{"self":[{"href":"https:\/\/www.lasrosas.com.ar\/portal\/wp-json\/wp\/v2\/posts\/57247","targetHints":{"allow":["GET"]}}],"collection":[{"href":"https:\/\/www.lasrosas.com.ar\/portal\/wp-json\/wp\/v2\/posts"}],"about":[{"href":"https:\/\/www.lasrosas.com.ar\/portal\/wp-json\/wp\/v2\/types\/post"}],"author":[{"embeddable":true,"href":"https:\/\/www.lasrosas.com.ar\/portal\/wp-json\/wp\/v2\/users\/6"}],"replies":[{"embeddable":true,"href":"https:\/\/www.lasrosas.com.ar\/portal\/wp-json\/wp\/v2\/comments?post=57247"}],"version-history":[{"count":0,"href":"https:\/\/www.lasrosas.com.ar\/portal\/wp-json\/wp\/v2\/posts\/57247\/revisions"}],"wp:featuredmedia":[{"embeddable":true,"href":"https:\/\/www.lasrosas.com.ar\/portal\/wp-json\/wp\/v2\/media\/57248"}],"wp:attachment":[{"href":"https:\/\/www.lasrosas.com.ar\/portal\/wp-json\/wp\/v2\/media?parent=57247"}],"wp:term":[{"taxonomy":"category","embeddable":true,"href":"https:\/\/www.lasrosas.com.ar\/portal\/wp-json\/wp\/v2\/categories?post=57247"},{"taxonomy":"post_tag","embeddable":true,"href":"https:\/\/www.lasrosas.com.ar\/portal\/wp-json\/wp\/v2\/tags?post=57247"}],"curies":[{"name":"wp","href":"https:\/\/api.w.org\/{rel}","templated":true}]}}