{"id":56901,"date":"2022-09-12T16:35:38","date_gmt":"2022-09-12T19:35:38","guid":{"rendered":"https:\/\/www.lasrosas.com.ar\/portal\/?p=56901"},"modified":"2022-09-12T16:35:38","modified_gmt":"2022-09-12T19:35:38","slug":"4-cortes-de-pelo-para-renovarte-esta-primavera","status":"publish","type":"post","link":"https:\/\/www.lasrosas.com.ar\/portal\/4-cortes-de-pelo-para-renovarte-esta-primavera\/","title":{"rendered":"4 CORTES DE PELO PARA RENOVARTE ESTA PRIMAVERA"},"content":{"rendered":"<p>Te ense\u00f1amos distintos cortes para arrancar la primavera a full.<\/p>\n<p>Se acerca la primavera y nacen las ganas de empezar esta nueva temporada con un cambio de look. Es por eso que te contamos las diferentes formas de cortar tu pelo y tu flequillo para que te inspires.<\/p>\n<p>1- Blunt bob<\/p>\n<p>Uno de los m\u00e1s elegidos es el blunt bob, un cl\u00e1sico que consta de un corte a la nuca y sin capas. Algo totalmente v\u00e1lido tanto para pelos lacios y con rulos, y muy f\u00e1cil de peinar dado que el volumen capilar se descarga bastante.<\/p>\n<p><img decoding=\"async\" class=\"wp-image-56906 aligncenter lazyload\" data-src=\"https:\/\/www.lasrosas.com.ar\/portal\/wp-content\/uploads\/WhatsApp-Image-2022-09-12-at-4.29.29-PM-5.jpeg\" alt=\"\" width=\"556\" height=\"834\" data-srcset=\"https:\/\/www.lasrosas.com.ar\/portal\/wp-content\/uploads\/WhatsApp-Image-2022-09-12-at-4.29.29-PM-5.jpeg 740w, https:\/\/www.lasrosas.com.ar\/portal\/wp-content\/uploads\/WhatsApp-Image-2022-09-12-at-4.29.29-PM-5-640x960.jpeg 640w\" data-sizes=\"(max-width: 556px) 100vw, 556px\" src=\"data:image\/svg+xml;base64,PHN2ZyB3aWR0aD0iMSIgaGVpZ2h0PSIxIiB4bWxucz0iaHR0cDovL3d3dy53My5vcmcvMjAwMC9zdmciPjwvc3ZnPg==\" style=\"--smush-placeholder-width: 556px; --smush-placeholder-aspect-ratio: 556\/834;\" \/><\/p>\n<p>2- Pixie con capas<\/p>\n<p>Por otro lado, otros de los cortes por excelencia para los pr\u00f3ximos meses es el pixie con capas y ligeramente m\u00e1s largo en la parte superior. Estas texturas hacen que el pelo luzca con m\u00e1s movimiento, sobre todo para aquellos que tienen ondas. De hecho, a la hora de peinar, ofrece un sinf\u00edn de opciones que van desde la raya a un lado hasta el efecto mojado.<\/p>\n<p><img decoding=\"async\" class=\"size-full wp-image-56907 aligncenter lazyload\" data-src=\"https:\/\/www.lasrosas.com.ar\/portal\/wp-content\/uploads\/WhatsApp-Image-2022-09-12-at-4.29.29-PM-6.jpeg\" alt=\"\" width=\"546\" height=\"554\" src=\"data:image\/svg+xml;base64,PHN2ZyB3aWR0aD0iMSIgaGVpZ2h0PSIxIiB4bWxucz0iaHR0cDovL3d3dy53My5vcmcvMjAwMC9zdmciPjwvc3ZnPg==\" style=\"--smush-placeholder-width: 546px; --smush-placeholder-aspect-ratio: 546\/554;\" \/><\/p>\n<p>3- Clavicut<\/p>\n<p>Por \u00faltimo, tambi\u00e9n est\u00e1 la opci\u00f3n de un clavicut desfilado, el cual tiene un largo hasta la clav\u00edcula y ligeramente m\u00e1s largo en la parte delantera. Sin duda, es ideal para todas aquellas personas que quieren cambiar de look y apostar por un pelo corto, aunque sin tener que decir adi\u00f3s definitivo a la cabellera larga.<\/p>\n<p><img decoding=\"async\" class=\"wp-image-56908 aligncenter lazyload\" data-src=\"https:\/\/www.lasrosas.com.ar\/portal\/wp-content\/uploads\/WhatsApp-Image-2022-09-12-at-4.29.29-PM-7.jpeg\" alt=\"\" width=\"519\" height=\"649\" src=\"data:image\/svg+xml;base64,PHN2ZyB3aWR0aD0iMSIgaGVpZ2h0PSIxIiB4bWxucz0iaHR0cDovL3d3dy53My5vcmcvMjAwMC9zdmciPjwvc3ZnPg==\" style=\"--smush-placeholder-width: 519px; --smush-placeholder-aspect-ratio: 519\/649;\" \/><\/p>\n<p>4- &#8211; Side swept bangs<\/p>\n<p>Pero sin dudas el flequillo que m\u00e1s se va a ver es el barrido largo y de costado, tambi\u00e9n llamado side swept bangs, poniendo fin as\u00ed a la tendencia de los flequillos cortina.<\/p>\n<p><img decoding=\"async\" class=\"wp-image-56909 aligncenter lazyload\" data-src=\"https:\/\/www.lasrosas.com.ar\/portal\/wp-content\/uploads\/WhatsApp-Image-2022-09-12-at-4.29.29-PM-8.jpeg\" alt=\"\" width=\"512\" height=\"639\" src=\"data:image\/svg+xml;base64,PHN2ZyB3aWR0aD0iMSIgaGVpZ2h0PSIxIiB4bWxucz0iaHR0cDovL3d3dy53My5vcmcvMjAwMC9zdmciPjwvc3ZnPg==\" style=\"--smush-placeholder-width: 512px; --smush-placeholder-aspect-ratio: 512\/639;\" \/><\/p>\n<!-- AddThis Advanced Settings generic via filter on the_content --><!-- AddThis Share Buttons generic via filter on the_content -->","protected":false},"excerpt":{"rendered":"<p>Te ense\u00f1amos distintos cortes para arrancar la primavera a full. Se acerca la primavera y nacen las ganas de empezar esta nueva temporada con un cambio de look. Es por eso que te contamos las diferentes formas de cortar tu pelo y tu flequillo para que te inspires. 1- Blunt bob Uno de los m\u00e1s [&hellip;]<!-- AddThis Advanced Settings generic via filter on get_the_excerpt --><!-- AddThis Share Buttons generic via filter on get_the_excerpt --><\/p>\n","protected":false},"author":6,"featured_media":56905,"comment_status":"closed","ping_status":"open","sticky":false,"template":"","format":"standard","meta":{"_acf_changed":false,"om_disable_all_campaigns":false,"_monsterinsights_skip_tracking":false,"_monsterinsights_sitenote_active":false,"_monsterinsights_sitenote_note":"","_monsterinsights_sitenote_category":0,"_uf_show_specific_survey":0,"_uf_disable_surveys":false,"footnotes":""},"categories":[376,100],"tags":[],"class_list":["post-56901","post","type-post","status-publish","format-standard","has-post-thumbnail","hentry","category-lifestyle","category-noticias"],"acf":[],"aioseo_notices":[],"_links":{"self":[{"href":"https:\/\/www.lasrosas.com.ar\/portal\/wp-json\/wp\/v2\/posts\/56901","targetHints":{"allow":["GET"]}}],"collection":[{"href":"https:\/\/www.lasrosas.com.ar\/portal\/wp-json\/wp\/v2\/posts"}],"about":[{"href":"https:\/\/www.lasrosas.com.ar\/portal\/wp-json\/wp\/v2\/types\/post"}],"author":[{"embeddable":true,"href":"https:\/\/www.lasrosas.com.ar\/portal\/wp-json\/wp\/v2\/users\/6"}],"replies":[{"embeddable":true,"href":"https:\/\/www.lasrosas.com.ar\/portal\/wp-json\/wp\/v2\/comments?post=56901"}],"version-history":[{"count":0,"href":"https:\/\/www.lasrosas.com.ar\/portal\/wp-json\/wp\/v2\/posts\/56901\/revisions"}],"wp:featuredmedia":[{"embeddable":true,"href":"https:\/\/www.lasrosas.com.ar\/portal\/wp-json\/wp\/v2\/media\/56905"}],"wp:attachment":[{"href":"https:\/\/www.lasrosas.com.ar\/portal\/wp-json\/wp\/v2\/media?parent=56901"}],"wp:term":[{"taxonomy":"category","embeddable":true,"href":"https:\/\/www.lasrosas.com.ar\/portal\/wp-json\/wp\/v2\/categories?post=56901"},{"taxonomy":"post_tag","embeddable":true,"href":"https:\/\/www.lasrosas.com.ar\/portal\/wp-json\/wp\/v2\/tags?post=56901"}],"curies":[{"name":"wp","href":"https:\/\/api.w.org\/{rel}","templated":true}]}}