{"id":56695,"date":"2022-09-07T17:12:50","date_gmt":"2022-09-07T20:12:50","guid":{"rendered":"https:\/\/www.lasrosas.com.ar\/portal\/?p=56695"},"modified":"2022-09-07T17:12:50","modified_gmt":"2022-09-07T20:12:50","slug":"el-color-de-pelo-que-es-tendencia-entre-los-millennials","status":"publish","type":"post","link":"https:\/\/www.lasrosas.com.ar\/portal\/el-color-de-pelo-que-es-tendencia-entre-los-millennials\/","title":{"rendered":"EL COLOR DE PELO QUE ES TENDENCIA ENTRE LOS MILLENNIALS"},"content":{"rendered":"<p>Las melenas rojas prometen causar sensaci\u00f3n esta primavera\/verano 23. Un color que lleg\u00f3 para quedarse y ya se instal\u00f3 entre las celebrities.<\/p>\n<p>Vimos en la alfombra roja del Festival de Venecia como Sadie Sink luc\u00eda su espl\u00e9ndido vestido lila con brillos, cut out y plumas. Sin embargo, el protagonismo se lo llev\u00f3 su pelo suelto colorado natural con ondas. Es que el pelo rojo es definitivamente el color de la temporada y combina fant\u00e1stico con todo tipo de colores.<\/p>\n<p>El preferido de las celebrities<\/p>\n<p>El colorado se instal\u00f3 en el mundo beauty y las famosas no tardaron en adoptarlo. Dua Lipa, Ciara, Emma Chamberlain, Gigi Hadid, Ashley Benson y Kendall Jenner ya lo implementaron y aseguraron que ten\u00edan muchas ganas de probar el colorado en su cabellera. Una novedad para muchas que no sal\u00edan de sus colores naturales.<\/p>\n<p><img decoding=\"async\" class=\"wp-image-56697 aligncenter lazyload\" data-src=\"https:\/\/www.lasrosas.com.ar\/portal\/wp-content\/uploads\/WhatsApp-Image-2022-09-07-at-5.10.03-PM.jpeg\" alt=\"\" width=\"388\" height=\"582\" data-srcset=\"https:\/\/www.lasrosas.com.ar\/portal\/wp-content\/uploads\/WhatsApp-Image-2022-09-07-at-5.10.03-PM.jpeg 667w, https:\/\/www.lasrosas.com.ar\/portal\/wp-content\/uploads\/WhatsApp-Image-2022-09-07-at-5.10.03-PM-640x960.jpeg 640w\" data-sizes=\"(max-width: 388px) 100vw, 388px\" src=\"data:image\/svg+xml;base64,PHN2ZyB3aWR0aD0iMSIgaGVpZ2h0PSIxIiB4bWxucz0iaHR0cDovL3d3dy53My5vcmcvMjAwMC9zdmciPjwvc3ZnPg==\" style=\"--smush-placeholder-width: 388px; --smush-placeholder-aspect-ratio: 388\/582;\" \/><\/p>\n<p>El color de las millennials<\/p>\n<p>Al parecer el colorado es la mejor opci\u00f3n cuando queremos cambiar de look pero no buscamos nada extremo. Por eso, es el tono que se instala entre los millennials. El orange rust ser\u00e1 sin lugar a dudas el tono de la temporada. La opci\u00f3n ideal para un buen cambio de look, porque est\u00e1 entre el rubio y los cobrizos. Es un tono vibrante que no oscurece, sino que aporta luminosidad, pero sin necesidad de acudir al rubio.<\/p>\n<p>Todo lo bueno tiene algo malo<\/p>\n<p>Y como no pod\u00eda ser de otra manera, hay algo negativo en este color trendy, y es que necesita mucho cuidado. Es que se lava f\u00e1cilmente perdiendo el color y de manera irregular. As\u00ed que si no somos fan\u00e1ticos de ir regularmente a la peluquer\u00eda no lo recomendamos. Porque el color se ver\u00e1 f\u00e1cilmente deslucido, y esa no es la idea.<\/p>\n<!-- AddThis Advanced Settings generic via filter on the_content --><!-- AddThis Share Buttons generic via filter on the_content -->","protected":false},"excerpt":{"rendered":"<p>Las melenas rojas prometen causar sensaci\u00f3n esta primavera\/verano 23. Un color que lleg\u00f3 para quedarse y ya se instal\u00f3 entre las celebrities. Vimos en la alfombra roja del Festival de Venecia como Sadie Sink luc\u00eda su espl\u00e9ndido vestido lila con brillos, cut out y plumas. Sin embargo, el protagonismo se lo llev\u00f3 su pelo suelto [&hellip;]<!-- AddThis Advanced Settings generic via filter on get_the_excerpt --><!-- AddThis Share Buttons generic via filter on get_the_excerpt --><\/p>\n","protected":false},"author":6,"featured_media":56696,"comment_status":"closed","ping_status":"open","sticky":false,"template":"","format":"standard","meta":{"_acf_changed":false,"om_disable_all_campaigns":false,"_monsterinsights_skip_tracking":false,"_monsterinsights_sitenote_active":false,"_monsterinsights_sitenote_note":"","_monsterinsights_sitenote_category":0,"_uf_show_specific_survey":0,"_uf_disable_surveys":false,"footnotes":""},"categories":[376,100],"tags":[],"class_list":["post-56695","post","type-post","status-publish","format-standard","has-post-thumbnail","hentry","category-lifestyle","category-noticias"],"acf":[],"aioseo_notices":[],"_links":{"self":[{"href":"https:\/\/www.lasrosas.com.ar\/portal\/wp-json\/wp\/v2\/posts\/56695","targetHints":{"allow":["GET"]}}],"collection":[{"href":"https:\/\/www.lasrosas.com.ar\/portal\/wp-json\/wp\/v2\/posts"}],"about":[{"href":"https:\/\/www.lasrosas.com.ar\/portal\/wp-json\/wp\/v2\/types\/post"}],"author":[{"embeddable":true,"href":"https:\/\/www.lasrosas.com.ar\/portal\/wp-json\/wp\/v2\/users\/6"}],"replies":[{"embeddable":true,"href":"https:\/\/www.lasrosas.com.ar\/portal\/wp-json\/wp\/v2\/comments?post=56695"}],"version-history":[{"count":0,"href":"https:\/\/www.lasrosas.com.ar\/portal\/wp-json\/wp\/v2\/posts\/56695\/revisions"}],"wp:featuredmedia":[{"embeddable":true,"href":"https:\/\/www.lasrosas.com.ar\/portal\/wp-json\/wp\/v2\/media\/56696"}],"wp:attachment":[{"href":"https:\/\/www.lasrosas.com.ar\/portal\/wp-json\/wp\/v2\/media?parent=56695"}],"wp:term":[{"taxonomy":"category","embeddable":true,"href":"https:\/\/www.lasrosas.com.ar\/portal\/wp-json\/wp\/v2\/categories?post=56695"},{"taxonomy":"post_tag","embeddable":true,"href":"https:\/\/www.lasrosas.com.ar\/portal\/wp-json\/wp\/v2\/tags?post=56695"}],"curies":[{"name":"wp","href":"https:\/\/api.w.org\/{rel}","templated":true}]}}