{"id":56691,"date":"2022-09-07T17:01:26","date_gmt":"2022-09-07T20:01:26","guid":{"rendered":"https:\/\/www.lasrosas.com.ar\/portal\/?p=56691"},"modified":"2022-09-07T17:15:39","modified_gmt":"2022-09-07T20:15:39","slug":"jennifer-lawrence-sobre-la-brecha-salarial","status":"publish","type":"post","link":"https:\/\/www.lasrosas.com.ar\/portal\/jennifer-lawrence-sobre-la-brecha-salarial\/","title":{"rendered":"JENNIFER LAWRENCE, SOBRE LA BRECHA SALARIAL"},"content":{"rendered":"<p>La actriz revel\u00f3 adem\u00e1s que sufri\u00f3 dos abortos espont\u00e1neos y critic\u00f3 duramente las nuevas pol\u00edticas estadounidenses al respecto<\/p>\n<p>Jennifer Lawrence ha revelado en exclusiva a Vogue que sufri\u00f3 dos abortos espont\u00e1neos antes de dar a luz a su primer hijo, ha hablado sobre los problemas familiares que acarrea su posicionamiento pol\u00edtico y ha desvelado que la brecha salarial por g\u00e9nero sigue muy presente en Hollywood.<\/p>\n<p>La ganadora del Oscar a Mejor Actriz por &#8216;El lado bueno de las cosas&#8217; se qued\u00f3 embarazada a los 20 a\u00f1os (ahora tiene 32) y \u00abtuvo un aborto espont\u00e1neo sola en Montreal\u00bb. Lawrence volvi\u00f3 a quedarse encinta durante el rodaje de la pel\u00edcula de Netflix &#8216;No mires arriba&#8217;, y de nuevo sufri\u00f3 un segundo aborto. Finalmente ha tenido que someterse a un proceso quir\u00fargico para poder dar a luz a su primer hijo.<\/p>\n<p>La actriz se refiri\u00f3 a estos dos abortos mientras comentaba con enfado su posici\u00f3n ante las nuevas pol\u00edticas anti-aborto en EE.UU.. \u201cRecuerdo haberlo pensado un mill\u00f3n de veces mientras estaba embarazada\u201d, dijo Lawrence. \u201cPensando en las cosas que le estaban pasando a mi cuerpo. Y eso que tuve un embarazo muy afortunado. Pero cada segundo de mi vida fue diferente. Y a veces se me ocurr\u00eda: \u00bfy si me obligaran a hacer esto?\u00bb<\/p>\n<p><img decoding=\"async\" class=\"alignright wp-image-56693 size-full lazyload\" data-src=\"https:\/\/www.lasrosas.com.ar\/portal\/wp-content\/uploads\/mother-1620842331.jpg\" alt=\"\" width=\"768\" height=\"434\" src=\"data:image\/svg+xml;base64,PHN2ZyB3aWR0aD0iMSIgaGVpZ2h0PSIxIiB4bWxucz0iaHR0cDovL3d3dy53My5vcmcvMjAwMC9zdmciPjwvc3ZnPg==\" style=\"--smush-placeholder-width: 768px; --smush-placeholder-aspect-ratio: 768\/434;\" \/><\/p>\n<p>La prohibici\u00f3n del aborto en su estado natal, Kentucky, ha provocado adem\u00e1s que el distanciamiento con su familia por motivos pol\u00edticos se haya ampliado a\u00fan m\u00e1s. Especialmente por su padre, con el que la relaci\u00f3n empeor\u00f3 especialmente desde que Donald Trump llegara a la Casa Blanca.<\/p>\n<p>Lawrence intenta procesar su drama familiar en terapia: \u201cTrabaj\u00e9 muy duro en los \u00faltimos cinco a\u00f1os para perdonar a mi pap\u00e1 y a mi familia y tratar de entender: es diferente. La informaci\u00f3n que est\u00e1n recibiendo es diferente. Su vida es diferente\u201d. dijo Lawrence. \u201cHe tratado de superarlo y realmente no puedo. No puedo. Lo siento, solo me estoy desatando, pero ya no puedo joder con personas que no son pol\u00edticas.\u00bb<\/p>\n<p>\u00abVives en los Estados Unidos de Am\u00e9rica. Tienes que ser pol\u00edtico. Es demasiado terrible. La pol\u00edtica est\u00e1 matando gente\u201d.<\/p>\n<p>Lawrence agreg\u00f3: \u201cNo quiero menospreciar a mi familia, pero s\u00e9 que muchas personas est\u00e1n en una posici\u00f3n similar con las suyas. \u00bfC\u00f3mo puedes criar a una hija desde el nacimiento y creer que no merece la igualdad? \u00bfC\u00f3mo?\u00bb<\/p>\n<p>Esta falta de igualdad es algo que Lawrence tambi\u00e9n ha sufrido en las n\u00f3minas recibidas por sus trabajos. El hackeo a Sony de 2014 revel\u00f3 que\u00a0<strong>hab\u00eda cobrado mucho menos que sus compa\u00f1eros masculinos en &#8216;La gran estafa americana&#8217;<\/strong>, mientras que en 2021 se inform\u00f3 que hab\u00eda recibido\u00a0<strong>5 millones de d\u00f3lares menos que Leonardo DiCaprio por &#8216;No mires arriba&#8217;<\/strong>, a pesar de compartir protagonismo con \u00e9l.<\/p>\n<p>Aunque admite que a los int\u00e9rpretes a menudo se les paga en exceso, eso no hace que la brecha salarial sea menos frustante para ella, agregando que \u00ab<strong>No importa cu\u00e1nto haga. \u00bfTodav\u00eda no me van a pagar tanto como a ese actor por mi vagina?<\/strong>\u00ab<\/p>\n<!-- AddThis Advanced Settings generic via filter on the_content --><!-- AddThis Share Buttons generic via filter on the_content -->","protected":false},"excerpt":{"rendered":"<p>La actriz revel\u00f3 adem\u00e1s que sufri\u00f3 dos abortos espont\u00e1neos y critic\u00f3 duramente las nuevas pol\u00edticas estadounidenses al respecto Jennifer Lawrence ha revelado en exclusiva a Vogue que sufri\u00f3 dos abortos espont\u00e1neos antes de dar a luz a su primer hijo, ha hablado sobre los problemas familiares que acarrea su posicionamiento pol\u00edtico y ha desvelado que [&hellip;]<!-- AddThis Advanced Settings generic via filter on get_the_excerpt --><!-- AddThis Share Buttons generic via filter on get_the_excerpt --><\/p>\n","protected":false},"author":6,"featured_media":56692,"comment_status":"closed","ping_status":"open","sticky":false,"template":"","format":"standard","meta":{"_acf_changed":false,"om_disable_all_campaigns":false,"_monsterinsights_skip_tracking":false,"_monsterinsights_sitenote_active":false,"_monsterinsights_sitenote_note":"","_monsterinsights_sitenote_category":0,"_uf_show_specific_survey":0,"_uf_disable_surveys":false,"footnotes":""},"categories":[100],"tags":[],"class_list":["post-56691","post","type-post","status-publish","format-standard","has-post-thumbnail","hentry","category-noticias"],"acf":[],"aioseo_notices":[],"_links":{"self":[{"href":"https:\/\/www.lasrosas.com.ar\/portal\/wp-json\/wp\/v2\/posts\/56691","targetHints":{"allow":["GET"]}}],"collection":[{"href":"https:\/\/www.lasrosas.com.ar\/portal\/wp-json\/wp\/v2\/posts"}],"about":[{"href":"https:\/\/www.lasrosas.com.ar\/portal\/wp-json\/wp\/v2\/types\/post"}],"author":[{"embeddable":true,"href":"https:\/\/www.lasrosas.com.ar\/portal\/wp-json\/wp\/v2\/users\/6"}],"replies":[{"embeddable":true,"href":"https:\/\/www.lasrosas.com.ar\/portal\/wp-json\/wp\/v2\/comments?post=56691"}],"version-history":[{"count":0,"href":"https:\/\/www.lasrosas.com.ar\/portal\/wp-json\/wp\/v2\/posts\/56691\/revisions"}],"wp:featuredmedia":[{"embeddable":true,"href":"https:\/\/www.lasrosas.com.ar\/portal\/wp-json\/wp\/v2\/media\/56692"}],"wp:attachment":[{"href":"https:\/\/www.lasrosas.com.ar\/portal\/wp-json\/wp\/v2\/media?parent=56691"}],"wp:term":[{"taxonomy":"category","embeddable":true,"href":"https:\/\/www.lasrosas.com.ar\/portal\/wp-json\/wp\/v2\/categories?post=56691"},{"taxonomy":"post_tag","embeddable":true,"href":"https:\/\/www.lasrosas.com.ar\/portal\/wp-json\/wp\/v2\/tags?post=56691"}],"curies":[{"name":"wp","href":"https:\/\/api.w.org\/{rel}","templated":true}]}}