{"id":56604,"date":"2022-09-05T18:13:32","date_gmt":"2022-09-05T21:13:32","guid":{"rendered":"https:\/\/www.lasrosas.com.ar\/portal\/?p=56604"},"modified":"2022-09-05T18:32:01","modified_gmt":"2022-09-05T21:32:01","slug":"make-up-en-verde-la-tendencia-que-potencia-los-ojos-marrones","status":"publish","type":"post","link":"https:\/\/www.lasrosas.com.ar\/portal\/make-up-en-verde-la-tendencia-que-potencia-los-ojos-marrones\/","title":{"rendered":"MAKE UP EN VERDE: LA TENDENCIA QUE POTENCIA LOS OJOS MARRONES"},"content":{"rendered":"<p>Es el color de la temporada para resaltar la mirada, ideal para ojos marrones y tez mate: te mostramos c\u00f3mo se lleva.<\/p>\n<p>El a\u00f1o pasado, los iluminadores azulados, verdosos o rosados tuvieron su momento de gloria por la moda de los \u00abmaquillajes sirena\u00bb. Seg\u00fan aquella tendencia, las sombras de ojos, los glosses y los iluminadores inclu\u00edan matices tornasolados en colores pasteles.<\/p>\n<p>De aquella temporada lo que qued\u00f3 actualmente en vigencia son los \u00abojos de sirena\u00bb, y el make up (sombras, delineadores e iluminadores) en color verde.<\/p>\n<p>Verde, el color ideal para la tez mate y la piel bronceada<\/p>\n<p><img decoding=\"async\" class=\"wp-image-56605 aligncenter lazyload\" data-src=\"https:\/\/www.lasrosas.com.ar\/portal\/wp-content\/uploads\/WhatsApp-Image-2022-09-05-at-6.13.02-PM-1.jpeg\" alt=\"\" width=\"559\" height=\"720\" src=\"data:image\/svg+xml;base64,PHN2ZyB3aWR0aD0iMSIgaGVpZ2h0PSIxIiB4bWxucz0iaHR0cDovL3d3dy53My5vcmcvMjAwMC9zdmciPjwvc3ZnPg==\" style=\"--smush-placeholder-width: 559px; --smush-placeholder-aspect-ratio: 559\/720;\" \/><\/p>\n<p>Los iluminadores o highlighters son los encargados de destacar las facciones de tu rostro. Durante el verano europeo las pieles bronceadas o aquellas naturalmente de tono mate no se cansaron de un tono especial: el verde menta que, colocado en puntos clave ilumina el rostro de una manera inigualable, potenciando el tostado.<\/p>\n<p>La teor\u00eda de los colores opuestos y complementarios (de acuerdo a su ubicaci\u00f3n en el c\u00edrculo crom\u00e1tico) se pone en pr\u00e1ctica en TikTok a la hora de hablar de maquillaje.<\/p>\n<!-- AddThis Advanced Settings generic via filter on the_content --><!-- AddThis Share Buttons generic via filter on the_content -->","protected":false},"excerpt":{"rendered":"<p>Es el color de la temporada para resaltar la mirada, ideal para ojos marrones y tez mate: te mostramos c\u00f3mo se lleva. El a\u00f1o pasado, los iluminadores azulados, verdosos o rosados tuvieron su momento de gloria por la moda de los \u00abmaquillajes sirena\u00bb. Seg\u00fan aquella tendencia, las sombras de ojos, los glosses y los iluminadores [&hellip;]<!-- AddThis Advanced Settings generic via filter on get_the_excerpt --><!-- AddThis Share Buttons generic via filter on get_the_excerpt --><\/p>\n","protected":false},"author":6,"featured_media":56616,"comment_status":"closed","ping_status":"open","sticky":false,"template":"","format":"standard","meta":{"_acf_changed":false,"om_disable_all_campaigns":false,"_monsterinsights_skip_tracking":false,"_monsterinsights_sitenote_active":false,"_monsterinsights_sitenote_note":"","_monsterinsights_sitenote_category":0,"_uf_show_specific_survey":0,"_uf_disable_surveys":false,"footnotes":""},"categories":[376,100],"tags":[],"class_list":["post-56604","post","type-post","status-publish","format-standard","has-post-thumbnail","hentry","category-lifestyle","category-noticias"],"acf":[],"aioseo_notices":[],"_links":{"self":[{"href":"https:\/\/www.lasrosas.com.ar\/portal\/wp-json\/wp\/v2\/posts\/56604","targetHints":{"allow":["GET"]}}],"collection":[{"href":"https:\/\/www.lasrosas.com.ar\/portal\/wp-json\/wp\/v2\/posts"}],"about":[{"href":"https:\/\/www.lasrosas.com.ar\/portal\/wp-json\/wp\/v2\/types\/post"}],"author":[{"embeddable":true,"href":"https:\/\/www.lasrosas.com.ar\/portal\/wp-json\/wp\/v2\/users\/6"}],"replies":[{"embeddable":true,"href":"https:\/\/www.lasrosas.com.ar\/portal\/wp-json\/wp\/v2\/comments?post=56604"}],"version-history":[{"count":0,"href":"https:\/\/www.lasrosas.com.ar\/portal\/wp-json\/wp\/v2\/posts\/56604\/revisions"}],"wp:featuredmedia":[{"embeddable":true,"href":"https:\/\/www.lasrosas.com.ar\/portal\/wp-json\/wp\/v2\/media\/56616"}],"wp:attachment":[{"href":"https:\/\/www.lasrosas.com.ar\/portal\/wp-json\/wp\/v2\/media?parent=56604"}],"wp:term":[{"taxonomy":"category","embeddable":true,"href":"https:\/\/www.lasrosas.com.ar\/portal\/wp-json\/wp\/v2\/categories?post=56604"},{"taxonomy":"post_tag","embeddable":true,"href":"https:\/\/www.lasrosas.com.ar\/portal\/wp-json\/wp\/v2\/tags?post=56604"}],"curies":[{"name":"wp","href":"https:\/\/api.w.org\/{rel}","templated":true}]}}